{"id":107617,"date":"2019-12-14T15:47:37","date_gmt":"2019-12-14T12:47:37","guid":{"rendered":"http:\/\/arantv.az\/?p=107617"},"modified":"2019-12-14T15:47:37","modified_gmt":"2019-12-14T12:47:37","slug":"z%c9%99kat-islam-olk%c9%99l%c9%99rind%c9%99-yoxsulluq-problemini-h%c9%99ll-ed%c9%99-bil%c9%99rmi-ilahiyyatci-cavab-verdi","status":"publish","type":"post","link":"https:\/\/arantv.az\/?p=107617","title":{"rendered":"Z\u0259kat \u0130slam \u00f6lk\u0259l\u0259rind\u0259 yoxsulluq problemini h\u0259ll ed\u0259 bil\u0259rmi? &#8211; \u0130lahiyyat\u00e7\u0131 cavab verdi"},"content":{"rendered":"<p><strong>M\u00fcs\u0259lmanlar \u00f6z aralar\u0131nda z\u0259kat\u0131 \u00f6d\u0259s\u0259l\u0259r, \u0130slam \u00f6lk\u0259l\u0259rind\u0259 yoxulluq problemi olmaz. Bunu T\u00fcrkiy\u0259 Prezidenti R\u0259c\u0259b Tayyib \u018frdo\u011fan \u0130stanbuldak\u0131 konfransda \u00e7\u0131x\u0131\u015f ed\u0259rk\u0259n bildirib.<\/strong><\/p>\n<p><strong>ARANTV.AZ<\/strong> bildirir ki, Qafqaz M\u00fcs\u0259lmanlar\u0131 \u0130dar\u0259sinin (QM\u0130) F\u0259tva \u015f\u00f6b\u0259sinin \u0259m\u0259kda\u015f\u0131, ilahiyyat\u00e7\u0131\u00a0<strong>Mirc\u0259f\u0259r \u018fyyubov<\/strong>\u00a0Sputnik Az\u0259rbaycan-a deyir ki, \u0130slam \u00f6lk\u0259l\u0259rind\u0259 yoxsullu\u011fun m\u00fcxt\u0259lif s\u0259b\u0259bl\u0259ri var v\u0259 onlardan biri d\u0259 z\u0259kat\u0131n do\u011fru \u015f\u0259kild\u0259 verilm\u0259m\u0259sidir:<\/p>\n<p>&#8220;\u0130slam\u0131n qoydu\u011fu qaydalar m\u00fcs\u0259lman \u00f6lk\u0259l\u0259rind\u0259 t\u0259tbiq olunsayd\u0131? bir \u00e7ox probleml\u0259r h\u0259llini tapard\u0131. Z\u0259kat\u0131n verilm\u0259si insan\u0131n vicda\u0131 il\u0259 ba\u011fl\u0131 m\u0259s\u0259l\u0259dir. M\u00fcs\u0259lman \u00f6lk\u0259l\u0259rind\u0259 yet\u0259rinc\u0259 z\u0259ngin insanlar var. \u018fg\u0259r x\u00fcms v\u0259 z\u0259kat \u00f6d\u0259nils\u0259ydi, m\u00fcs\u0259lman \u00f6lk\u0259l\u0259rind\u0259 ac insan qalmazd\u0131&#8221;.<\/p>\n","protected":false},"excerpt":{"rendered":"<p>M\u00fcs\u0259lmanlar \u00f6z aralar\u0131nda z\u0259kat\u0131 \u00f6d\u0259s\u0259l\u0259r, \u0130slam \u00f6lk\u0259l\u0259rind\u0259 yoxulluq problemi olmaz. Bunu T\u00fcrkiy\u0259 Prezidenti R\u0259c\u0259b Tayyib \u018frdo\u011fan \u0130stanbuldak\u0131 konfransda \u00e7\u0131x\u0131\u015f ed\u0259rk\u0259n bildirib. ARANTV.AZ bildirir ki, Qafqaz M\u00fcs\u0259lmanlar\u0131 \u0130dar\u0259sinin (QM\u0130) F\u0259tva \u015f\u00f6b\u0259sinin \u0259m\u0259kda\u015f\u0131, ilahiyyat\u00e7\u0131\u00a0Mirc\u0259f\u0259r \u018fyyubov\u00a0Sputnik Az\u0259rbaycan-a deyir ki, \u0130slam \u00f6lk\u0259l\u0259rind\u0259 yoxsullu\u011fun m\u00fcxt\u0259lif s\u0259b\u0259bl\u0259ri var v\u0259 onlardan biri d\u0259 z\u0259kat\u0131n do\u011fru \u015f\u0259kild\u0259 verilm\u0259m\u0259sidir: &#8220;\u0130slam\u0131n qoydu\u011fu qaydalar m\u00fcs\u0259lman \u00f6lk\u0259l\u0259rind\u0259 t\u0259tbiq olunsayd\u0131? bir \u00e7ox probleml\u0259r h\u0259llini tapard\u0131. Z\u0259kat\u0131n verilm\u0259si insan\u0131n vicda\u0131 il\u0259 ba\u011fl\u0131 m\u0259s\u0259l\u0259dir. M\u00fcs\u0259lman \u00f6lk\u0259l\u0259rind\u0259 yet\u0259rinc\u0259 z\u0259ngin insanlar var. \u018fg\u0259r x\u00fcms v\u0259 z\u0259kat \u00f6d\u0259nils\u0259ydi, m\u00fcs\u0259lman \u00f6lk\u0259l\u0259rind\u0259 ac insan qalmazd\u0131&#8221;.<\/p>\n","protected":false},"author":2,"featured_media":107618,"comment_status":"closed","ping_status":"closed","sticky":false,"template":"","format":"standard","meta":{"om_disable_all_campaigns":false,"_monsterinsights_skip_tracking":false,"_monsterinsights_sitenote_active":false,"_monsterinsights_sitenote_note":"","_monsterinsights_sitenote_category":0},"categories":[1],"tags":[],"aioseo_notices":[],"gutentor_comment":0,"rttpg_featured_image_url":{"full":["https:\/\/arantv.az\/wp-content\/uploads\/2019\/12\/810490.jpg",800,600,false],"landscape":["https:\/\/arantv.az\/wp-content\/uploads\/2019\/12\/810490.jpg",800,600,false],"portraits":["https:\/\/arantv.az\/wp-content\/uploads\/2019\/12\/810490.jpg",800,600,false],"thumbnail":["https:\/\/arantv.az\/wp-content\/uploads\/2019\/12\/810490-150x150.jpg",150,150,true],"medium":["https:\/\/arantv.az\/wp-content\/uploads\/2019\/12\/810490-300x225.jpg",300,225,true],"large":["https:\/\/arantv.az\/wp-content\/uploads\/2019\/12\/810490.jpg",640,480,false],"1536x1536":["https:\/\/arantv.az\/wp-content\/uploads\/2019\/12\/810490.jpg",800,600,false],"2048x2048":["https:\/\/arantv.az\/wp-content\/uploads\/2019\/12\/810490.jpg",800,600,false],"post-thumbnail":["https:\/\/arantv.az\/wp-content\/uploads\/2019\/12\/810490-240x172.jpg",240,172,true],"advps-thumb-one":["https:\/\/arantv.az\/wp-content\/uploads\/2019\/12\/810490.jpg",800,600,false]},"rttpg_author":{"display_name":"V\u00fcsal Rafiqo\u011flu","author_link":"https:\/\/arantv.az\/?author=2"},"rttpg_comment":0,"rttpg_category":"<a href=\"https:\/\/arantv.az\/?cat=1\" rel=\"category\">C\u0259miyy\u0259t<\/a>","rttpg_excerpt":"M\u00fcs\u0259lmanlar \u00f6z aralar\u0131nda z\u0259kat\u0131 \u00f6d\u0259s\u0259l\u0259r, \u0130slam \u00f6lk\u0259l\u0259rind\u0259 yoxulluq problemi olmaz. Bunu T\u00fcrkiy\u0259 Prezidenti R\u0259c\u0259b Tayyib \u018frdo\u011fan \u0130stanbuldak\u0131 konfransda \u00e7\u0131x\u0131\u015f ed\u0259rk\u0259n bildirib. ARANTV.AZ bildirir ki, Qafqaz M\u00fcs\u0259lmanlar\u0131 \u0130dar\u0259sinin (QM\u0130) F\u0259tva \u015f\u00f6b\u0259sinin \u0259m\u0259kda\u015f\u0131, ilahiyyat\u00e7\u0131\u00a0Mirc\u0259f\u0259r \u018fyyubov\u00a0Sputnik Az\u0259rbaycan-a deyir ki, \u0130slam \u00f6lk\u0259l\u0259rind\u0259 yoxsullu\u011fun m\u00fcxt\u0259lif s\u0259b\u0259bl\u0259ri var v\u0259 onlardan biri d\u0259 z\u0259kat\u0131n do\u011fru \u015f\u0259kild\u0259 verilm\u0259m\u0259sidir: &#8220;\u0130slam\u0131n qoydu\u011fu qaydalar m\u00fcs\u0259lman \u00f6lk\u0259l\u0259rind\u0259&hellip;","_links":{"self":[{"href":"https:\/\/arantv.az\/index.php?rest_route=\/wp\/v2\/posts\/107617"}],"collection":[{"href":"https:\/\/arantv.az\/index.php?rest_route=\/wp\/v2\/posts"}],"about":[{"href":"https:\/\/arantv.az\/index.php?rest_route=\/wp\/v2\/types\/post"}],"author":[{"embeddable":true,"href":"https:\/\/arantv.az\/index.php?rest_route=\/wp\/v2\/users\/2"}],"replies":[{"embeddable":true,"href":"https:\/\/arantv.az\/index.php?rest_route=%2Fwp%2Fv2%2Fcomments&post=107617"}],"version-history":[{"count":0,"href":"https:\/\/arantv.az\/index.php?rest_route=\/wp\/v2\/posts\/107617\/revisions"}],"wp:featuredmedia":[{"embeddable":true,"href":"https:\/\/arantv.az\/index.php?rest_route=\/wp\/v2\/media\/107618"}],"wp:attachment":[{"href":"https:\/\/arantv.az\/index.php?rest_route=%2Fwp%2Fv2%2Fmedia&parent=107617"}],"wp:term":[{"taxonomy":"category","embeddable":true,"href":"https:\/\/arantv.az\/index.php?rest_route=%2Fwp%2Fv2%2Fcategories&post=107617"},{"taxonomy":"post_tag","embeddable":true,"href":"https:\/\/arantv.az\/index.php?rest_route=%2Fwp%2Fv2%2Ftags&post=107617"}],"curies":[{"name":"wp","href":"https:\/\/api.w.org\/{rel}","templated":true}]}}