{"id":107623,"date":"2019-12-16T07:52:49","date_gmt":"2019-12-16T04:52:49","guid":{"rendered":"http:\/\/arantv.az\/?p=107623"},"modified":"2019-12-16T07:52:49","modified_gmt":"2019-12-16T04:52:49","slug":"az%c9%99rbaycanda-s%c9%99naye-istehsali-sah%c9%99sind%c9%99-kicik-mu%c9%99ssis%c9%99l%c9%99r-acilacaq","status":"publish","type":"post","link":"https:\/\/arantv.az\/?p=107623","title":{"rendered":"Az\u0259rbaycanda s\u0259naye istehsal\u0131 sah\u0259sind\u0259 ki\u00e7ik m\u00fc\u0259ssis\u0259l\u0259r a\u00e7\u0131lacaq"},"content":{"rendered":"<p>Az\u0259rbaycanda s\u0259naye istehsal\u0131 sah\u0259sind\u0259 ki\u00e7ik m\u00fc\u0259ssis\u0259l\u0259rin a\u00e7\u0131lma\u011f\u0131 planla\u015fd\u0131r\u0131l\u0131r.<\/p>\n<p><strong>ARANTV.AZ<\/strong>\u00a0 bildirir ki, bunu\u00a0<a href=\"http:\/\/az.trend.az\/\" target=\"_blank\" rel=\"noopener\">Trend<\/a>-\u0259 Az\u0259rbaycan Qad\u0131n Sahibkarlar Assosiasiyas\u0131n\u0131n r\u0259hb\u0259ri S\u0259kin\u0259 Babayeva deyib.<\/p>\n<p>S.Babayevan\u0131n s\u00f6zl\u0259rin\u0259 g\u00f6r\u0259, yeni m\u00fc\u0259ssis\u0259l\u0259rin a\u00e7\u0131lmas\u0131 qad\u0131n sahibkarlar\u0131n i\u015ftirak\u0131 il\u0259 s\u0259nayenin, k\u0259nd t\u0259s\u0259rr\u00fcfat\u0131n\u0131n v\u0259 dig\u0259r sah\u0259l\u0259rin m\u00fcxt\u0259lif seqmentl\u0259rind\u0259 n\u0259z\u0259rd\u0259 tutulan 11 layih\u0259 \u00e7\u0259r\u00e7iv\u0259sind\u0259 planla\u015fd\u0131r\u0131l\u0131b:<\/p>\n<p>&#8220;Bu il Az\u0259rbaycanda qad\u0131n sahibkarl\u0131\u011f\u0131n\u0131n inki\u015faf\u0131na y\u00f6n\u0259lmi\u015f 11 layih\u0259nin h\u0259yata ke\u00e7irilm\u0259si planla\u015fd\u0131r\u0131l\u0131rd\u0131 ki, onlardan da 3 irimiqyasl\u0131 layih\u0259 art\u0131q ba\u015fa \u00e7at\u0131b. Qalanlar\u0131 m\u00fcxt\u0259lif icra m\u0259rh\u0259l\u0259l\u0259rind\u0259dir.<\/p>\n<p>Assosiasiya haz\u0131rda bu layih\u0259l\u0259rd\u0259 birba\u015fa i\u015ftirak ed\u0259n Avropan\u0131n bir s\u0131ra apar\u0131c\u0131 t\u0259\u015fkilatlar\u0131 il\u0259 s\u0131x \u0259m\u0259kda\u015fl\u0131q edir. G\u0259l\u0259n il \u0259sas\u0259n Bak\u0131da v\u0259 b\u00f6lg\u0259l\u0259rd\u0259 olmaqla ki\u00e7ik v\u0259 orta sahibkarl\u0131q sah\u0259sind\u0259 m\u00fc\u0259ssis\u0259l\u0259rin a\u00e7\u0131lmas\u0131 planla\u015fd\u0131r\u0131l\u0131r.<\/p>\n<p>Bak\u0131n\u0131n Bin\u0259q\u0259di rayonunda 2 mind\u0259n \u00e7ox i\u015f yerinin yarad\u0131lmas\u0131n\u0131 n\u0259z\u0259rd\u0259 tutan s\u0259naye m\u00fc\u0259ssis\u0259l\u0259rinin a\u00e7\u0131lmas\u0131 g\u00f6zl\u0259nilir. Bundan ba\u015fqa, Bak\u0131da mebel m\u00fc\u0259ssis\u0259sinin, Sumqay\u0131tda kosmetik m\u0259hsullar\u0131n istehsal\u0131 \u00fczr\u0259 zavodun, b\u00f6lg\u0259l\u0259rd\u0259 k\u0259nd t\u0259s\u0259rr\u00fcfat\u0131 m\u0259hsullar\u0131n\u0131n emal\u0131 m\u00fc\u0259ssis\u0259l\u0259rinin a\u00e7\u0131lmas\u0131 n\u0259z\u0259rd\u0259 tutulur&#8221;.<\/p>\n<p>S.Babayeva qeyd edib ki, b\u00fct\u00fcn bu m\u00fc\u0259ssis\u0259l\u0259r g\u0259l\u0259n ilin mart-aprel aylar\u0131ndan ba\u015flayaraq a\u00e7\u0131lacaq.<\/p>\n<p>Onun s\u00f6zl\u0259rin\u0259 g\u00f6r\u0259, ki\u00e7ik m\u00fc\u0259ssis\u0259l\u0259rin yarad\u0131lmas\u0131 b\u00f6lg\u0259l\u0259rd\u0259 qad\u0131n sahibkarl\u0131\u011f\u0131n\u0131n inki\u015faf\u0131 \u00fc\u00e7\u00fcn vacibdir. Qad\u0131n Sahibkarl\u0131\u011f\u0131n\u0131n \u0130nki\u015faf\u0131 Assosiasiyas\u0131 Az\u0259rbaycanda bu c\u00fcr layih\u0259l\u0259rin realla\u015fd\u0131r\u0131lmas\u0131 il\u0259 \u015f\u0259h\u0259r v\u0259 rayonlarda biznes m\u00fchitinin geni\u015fl\u0259ndirilm\u0259si \u00fc\u00e7\u00fcn s\u0259y g\u00f6st\u0259rir.<\/p>\n","protected":false},"excerpt":{"rendered":"<p>Az\u0259rbaycanda s\u0259naye istehsal\u0131 sah\u0259sind\u0259 ki\u00e7ik m\u00fc\u0259ssis\u0259l\u0259rin a\u00e7\u0131lma\u011f\u0131 planla\u015fd\u0131r\u0131l\u0131r. ARANTV.AZ\u00a0 bildirir ki, bunu\u00a0Trend-\u0259 Az\u0259rbaycan Qad\u0131n Sahibkarlar Assosiasiyas\u0131n\u0131n r\u0259hb\u0259ri S\u0259kin\u0259 Babayeva deyib. S.Babayevan\u0131n s\u00f6zl\u0259rin\u0259 g\u00f6r\u0259, yeni m\u00fc\u0259ssis\u0259l\u0259rin a\u00e7\u0131lmas\u0131 qad\u0131n sahibkarlar\u0131n i\u015ftirak\u0131 il\u0259 s\u0259nayenin, k\u0259nd t\u0259s\u0259rr\u00fcfat\u0131n\u0131n v\u0259 dig\u0259r sah\u0259l\u0259rin m\u00fcxt\u0259lif seqmentl\u0259rind\u0259 n\u0259z\u0259rd\u0259 tutulan 11 layih\u0259 \u00e7\u0259r\u00e7iv\u0259sind\u0259 planla\u015fd\u0131r\u0131l\u0131b: &#8220;Bu il Az\u0259rbaycanda qad\u0131n sahibkarl\u0131\u011f\u0131n\u0131n inki\u015faf\u0131na y\u00f6n\u0259lmi\u015f 11 layih\u0259nin h\u0259yata ke\u00e7irilm\u0259si planla\u015fd\u0131r\u0131l\u0131rd\u0131 ki, onlardan da 3 irimiqyasl\u0131 layih\u0259 art\u0131q ba\u015fa \u00e7at\u0131b. Qalanlar\u0131 m\u00fcxt\u0259lif icra m\u0259rh\u0259l\u0259l\u0259rind\u0259dir. Assosiasiya haz\u0131rda bu layih\u0259l\u0259rd\u0259 birba\u015fa i\u015ftirak ed\u0259n Avropan\u0131n bir s\u0131ra apar\u0131c\u0131 t\u0259\u015fkilatlar\u0131 il\u0259 s\u0131x \u0259m\u0259kda\u015fl\u0131q edir. G\u0259l\u0259n il \u0259sas\u0259n Bak\u0131da v\u0259&hellip;<\/p>\n","protected":false},"author":2,"featured_media":107624,"comment_status":"closed","ping_status":"closed","sticky":false,"template":"","format":"standard","meta":{"om_disable_all_campaigns":false,"_monsterinsights_skip_tracking":false,"_monsterinsights_sitenote_active":false,"_monsterinsights_sitenote_note":"","_monsterinsights_sitenote_category":0},"categories":[19],"tags":[],"aioseo_notices":[],"gutentor_comment":0,"rttpg_featured_image_url":{"full":["https:\/\/arantv.az\/wp-content\/uploads\/2019\/12\/810741.jpg",900,550,false],"landscape":["https:\/\/arantv.az\/wp-content\/uploads\/2019\/12\/810741.jpg",900,550,false],"portraits":["https:\/\/arantv.az\/wp-content\/uploads\/2019\/12\/810741.jpg",900,550,false],"thumbnail":["https:\/\/arantv.az\/wp-content\/uploads\/2019\/12\/810741-150x150.jpg",150,150,true],"medium":["https:\/\/arantv.az\/wp-content\/uploads\/2019\/12\/810741-300x183.jpg",300,183,true],"large":["https:\/\/arantv.az\/wp-content\/uploads\/2019\/12\/810741.jpg",640,391,false],"1536x1536":["https:\/\/arantv.az\/wp-content\/uploads\/2019\/12\/810741.jpg",900,550,false],"2048x2048":["https:\/\/arantv.az\/wp-content\/uploads\/2019\/12\/810741.jpg",900,550,false],"post-thumbnail":["https:\/\/arantv.az\/wp-content\/uploads\/2019\/12\/810741-240x172.jpg",240,172,true],"advps-thumb-one":["https:\/\/arantv.az\/wp-content\/uploads\/2019\/12\/810741.jpg",900,550,false]},"rttpg_author":{"display_name":"V\u00fcsal Rafiqo\u011flu","author_link":"https:\/\/arantv.az\/?author=2"},"rttpg_comment":0,"rttpg_category":"<a href=\"https:\/\/arantv.az\/?cat=19\" rel=\"category\">G\u00fcnd\u0259m<\/a>","rttpg_excerpt":"Az\u0259rbaycanda s\u0259naye istehsal\u0131 sah\u0259sind\u0259 ki\u00e7ik m\u00fc\u0259ssis\u0259l\u0259rin a\u00e7\u0131lma\u011f\u0131 planla\u015fd\u0131r\u0131l\u0131r. ARANTV.AZ\u00a0 bildirir ki, bunu\u00a0Trend-\u0259 Az\u0259rbaycan Qad\u0131n Sahibkarlar Assosiasiyas\u0131n\u0131n r\u0259hb\u0259ri S\u0259kin\u0259 Babayeva deyib. S.Babayevan\u0131n s\u00f6zl\u0259rin\u0259 g\u00f6r\u0259, yeni m\u00fc\u0259ssis\u0259l\u0259rin a\u00e7\u0131lmas\u0131 qad\u0131n sahibkarlar\u0131n i\u015ftirak\u0131 il\u0259 s\u0259nayenin, k\u0259nd t\u0259s\u0259rr\u00fcfat\u0131n\u0131n v\u0259 dig\u0259r sah\u0259l\u0259rin m\u00fcxt\u0259lif seqmentl\u0259rind\u0259 n\u0259z\u0259rd\u0259 tutulan 11 layih\u0259 \u00e7\u0259r\u00e7iv\u0259sind\u0259 planla\u015fd\u0131r\u0131l\u0131b: &#8220;Bu il Az\u0259rbaycanda qad\u0131n sahibkarl\u0131\u011f\u0131n\u0131n inki\u015faf\u0131na y\u00f6n\u0259lmi\u015f 11 layih\u0259nin h\u0259yata ke\u00e7irilm\u0259si&hellip;","_links":{"self":[{"href":"https:\/\/arantv.az\/index.php?rest_route=\/wp\/v2\/posts\/107623"}],"collection":[{"href":"https:\/\/arantv.az\/index.php?rest_route=\/wp\/v2\/posts"}],"about":[{"href":"https:\/\/arantv.az\/index.php?rest_route=\/wp\/v2\/types\/post"}],"author":[{"embeddable":true,"href":"https:\/\/arantv.az\/index.php?rest_route=\/wp\/v2\/users\/2"}],"replies":[{"embeddable":true,"href":"https:\/\/arantv.az\/index.php?rest_route=%2Fwp%2Fv2%2Fcomments&post=107623"}],"version-history":[{"count":0,"href":"https:\/\/arantv.az\/index.php?rest_route=\/wp\/v2\/posts\/107623\/revisions"}],"wp:featuredmedia":[{"embeddable":true,"href":"https:\/\/arantv.az\/index.php?rest_route=\/wp\/v2\/media\/107624"}],"wp:attachment":[{"href":"https:\/\/arantv.az\/index.php?rest_route=%2Fwp%2Fv2%2Fmedia&parent=107623"}],"wp:term":[{"taxonomy":"category","embeddable":true,"href":"https:\/\/arantv.az\/index.php?rest_route=%2Fwp%2Fv2%2Fcategories&post=107623"},{"taxonomy":"post_tag","embeddable":true,"href":"https:\/\/arantv.az\/index.php?rest_route=%2Fwp%2Fv2%2Ftags&post=107623"}],"curies":[{"name":"wp","href":"https:\/\/api.w.org\/{rel}","templated":true}]}}