{"id":107647,"date":"2019-12-16T08:09:40","date_gmt":"2019-12-16T05:09:40","guid":{"rendered":"http:\/\/arantv.az\/?p=107647"},"modified":"2019-12-16T08:09:40","modified_gmt":"2019-12-16T05:09:40","slug":"%c9%99rdogan-avro-2020ni-bakida-izl%c9%99y%c9%99c%c9%99k-ilham-%c9%99liyev-m%c9%99ni-gozl%c9%99yir","status":"publish","type":"post","link":"https:\/\/arantv.az\/?p=107647","title":{"rendered":"\u018frdo\u011fan \u201cAvro-2020\u201dni Bak\u0131da izl\u0259y\u0259c\u0259k: \u201c\u0130lham \u018fliyev m\u0259ni g\u00f6zl\u0259yir\u201d"},"content":{"rendered":"<p>T\u00fcrkiy\u0259 Prezidenti R\u0259c\u0259b Tayyib \u018frdo\u011fan \u201cAvro-2020\u201dd\u0259 T\u00fcrkiy\u0259nin ke\u00e7ir\u0259c\u0259yi iki g\u00f6r\u00fc\u015f\u00fc Bak\u0131da izl\u0259y\u0259c\u0259k.<\/p>\n<p><b>ARANTV.AZ<\/b>-\u0131n m\u0259lumat\u0131na g\u00f6r\u0259, bu bar\u0259d\u0259 R.T.\u018frdo\u011fan T\u00fcrkiy\u0259nin bir ne\u00e7\u0259 televiziya v\u0259 radiosuna verdiyi m\u00fcsahib\u0259sind\u0259 bildirib.<\/p>\n<p>R.T.\u018frdo\u011fan deyib ki, Az\u0259rbaycan Prezidenti \u0130lham \u018fliyev onu Bak\u0131ya d\u0259v\u0259t edib.<\/p>\n<p>\u201c\u0130lham \u018fliyev qarda\u015f\u0131mla g\u00f6r\u00fc\u015fd\u00fck, o da m\u0259ni g\u00f6zl\u0259yir. \u0130n\u015fallah, oraya ged\u0259r v\u0259 qrupdan u\u011furla \u00e7\u0131xar\u0131q\u201d, &#8211; dey\u0259 T\u00fcrkiy\u0259 Prezidenti \u0259lav\u0259 edib.<\/p>\n<p>Qeyd ed\u0259k ki, futbol \u00fczr\u0259 \u201cAvro-2020\u201dnin A qrupunun Bak\u0131 Olimpiya Stadionunda ke\u00e7iril\u0259c\u0259k oyunlar\u0131n\u0131n t\u0259qvimi m\u00fc\u0259yy\u0259nl\u0259\u015fib.<\/p>\n<p>\u0130yunun 13-d\u0259 Uels-\u0130sve\u00e7r\u0259, d\u00f6rd g\u00fcn sonra T\u00fcrkiy\u0259-Uels, ay\u0131n 21-d\u0259 is\u0259 \u0130sve\u00e7r\u0259-T\u00fcrkiy\u0259 oyunlar\u0131 ke\u00e7iril\u0259c\u0259k.<\/p>\n<p>A qrupunda m\u00fcbariz\u0259 aparacaq \u0130taliya milli komandas\u0131 bu m\u0259rh\u0259l\u0259d\u0259ki h\u0259r \u00fc\u00e7 oyununu Roma \u015f\u0259h\u0259rind\u0259ki \u201cOlimpiko\u201d stadionunda ke\u00e7ir\u0259c\u0259k.Oxu.Az<\/p>\n","protected":false},"excerpt":{"rendered":"<p>T\u00fcrkiy\u0259 Prezidenti R\u0259c\u0259b Tayyib \u018frdo\u011fan \u201cAvro-2020\u201dd\u0259 T\u00fcrkiy\u0259nin ke\u00e7ir\u0259c\u0259yi iki g\u00f6r\u00fc\u015f\u00fc Bak\u0131da izl\u0259y\u0259c\u0259k. ARANTV.AZ-\u0131n m\u0259lumat\u0131na g\u00f6r\u0259, bu bar\u0259d\u0259 R.T.\u018frdo\u011fan T\u00fcrkiy\u0259nin bir ne\u00e7\u0259 televiziya v\u0259 radiosuna verdiyi m\u00fcsahib\u0259sind\u0259 bildirib. R.T.\u018frdo\u011fan deyib ki, Az\u0259rbaycan Prezidenti \u0130lham \u018fliyev onu Bak\u0131ya d\u0259v\u0259t edib. \u201c\u0130lham \u018fliyev qarda\u015f\u0131mla g\u00f6r\u00fc\u015fd\u00fck, o da m\u0259ni g\u00f6zl\u0259yir. \u0130n\u015fallah, oraya ged\u0259r v\u0259 qrupdan u\u011furla \u00e7\u0131xar\u0131q\u201d, &#8211; dey\u0259 T\u00fcrkiy\u0259 Prezidenti \u0259lav\u0259 edib. Qeyd ed\u0259k ki, futbol \u00fczr\u0259 \u201cAvro-2020\u201dnin A qrupunun Bak\u0131 Olimpiya Stadionunda ke\u00e7iril\u0259c\u0259k oyunlar\u0131n\u0131n t\u0259qvimi m\u00fc\u0259yy\u0259nl\u0259\u015fib. \u0130yunun 13-d\u0259 Uels-\u0130sve\u00e7r\u0259, d\u00f6rd g\u00fcn sonra T\u00fcrkiy\u0259-Uels, ay\u0131n 21-d\u0259 is\u0259 \u0130sve\u00e7r\u0259-T\u00fcrkiy\u0259 oyunlar\u0131 ke\u00e7iril\u0259c\u0259k. A qrupunda m\u00fcbariz\u0259&hellip;<\/p>\n","protected":false},"author":2,"featured_media":107648,"comment_status":"closed","ping_status":"closed","sticky":false,"template":"","format":"standard","meta":{"om_disable_all_campaigns":false,"_monsterinsights_skip_tracking":false,"_monsterinsights_sitenote_active":false,"_monsterinsights_sitenote_note":"","_monsterinsights_sitenote_category":0},"categories":[4],"tags":[],"aioseo_notices":[],"gutentor_comment":0,"rttpg_featured_image_url":{"full":["https:\/\/arantv.az\/wp-content\/uploads\/2019\/12\/ilham-\u00c9_liyev-\u00c9_rdo\u00c4_an.jpg",619,379,false],"landscape":["https:\/\/arantv.az\/wp-content\/uploads\/2019\/12\/ilham-\u00c9_liyev-\u00c9_rdo\u00c4_an.jpg",619,379,false],"portraits":["https:\/\/arantv.az\/wp-content\/uploads\/2019\/12\/ilham-\u00c9_liyev-\u00c9_rdo\u00c4_an.jpg",619,379,false],"thumbnail":["https:\/\/arantv.az\/wp-content\/uploads\/2019\/12\/ilham-\u00c9_liyev-\u00c9_rdo\u00c4_an-150x150.jpg",150,150,true],"medium":["https:\/\/arantv.az\/wp-content\/uploads\/2019\/12\/ilham-\u00c9_liyev-\u00c9_rdo\u00c4_an-300x184.jpg",300,184,true],"large":["https:\/\/arantv.az\/wp-content\/uploads\/2019\/12\/ilham-\u00c9_liyev-\u00c9_rdo\u00c4_an.jpg",619,379,false],"1536x1536":["https:\/\/arantv.az\/wp-content\/uploads\/2019\/12\/ilham-\u00c9_liyev-\u00c9_rdo\u00c4_an.jpg",619,379,false],"2048x2048":["https:\/\/arantv.az\/wp-content\/uploads\/2019\/12\/ilham-\u00c9_liyev-\u00c9_rdo\u00c4_an.jpg",619,379,false],"post-thumbnail":["https:\/\/arantv.az\/wp-content\/uploads\/2019\/12\/ilham-\u00c9_liyev-\u00c9_rdo\u00c4_an-240x172.jpg",240,172,true],"advps-thumb-one":["https:\/\/arantv.az\/wp-content\/uploads\/2019\/12\/ilham-\u00c9_liyev-\u00c9_rdo\u00c4_an.jpg",619,379,false]},"rttpg_author":{"display_name":"V\u00fcsal Rafiqo\u011flu","author_link":"https:\/\/arantv.az\/?author=2"},"rttpg_comment":0,"rttpg_category":"<a href=\"https:\/\/arantv.az\/?cat=4\" rel=\"category\">Siyas\u0259t<\/a>","rttpg_excerpt":"T\u00fcrkiy\u0259 Prezidenti R\u0259c\u0259b Tayyib \u018frdo\u011fan \u201cAvro-2020\u201dd\u0259 T\u00fcrkiy\u0259nin ke\u00e7ir\u0259c\u0259yi iki g\u00f6r\u00fc\u015f\u00fc Bak\u0131da izl\u0259y\u0259c\u0259k. ARANTV.AZ-\u0131n m\u0259lumat\u0131na g\u00f6r\u0259, bu bar\u0259d\u0259 R.T.\u018frdo\u011fan T\u00fcrkiy\u0259nin bir ne\u00e7\u0259 televiziya v\u0259 radiosuna verdiyi m\u00fcsahib\u0259sind\u0259 bildirib. R.T.\u018frdo\u011fan deyib ki, Az\u0259rbaycan Prezidenti \u0130lham \u018fliyev onu Bak\u0131ya d\u0259v\u0259t edib. \u201c\u0130lham \u018fliyev qarda\u015f\u0131mla g\u00f6r\u00fc\u015fd\u00fck, o da m\u0259ni g\u00f6zl\u0259yir. \u0130n\u015fallah, oraya ged\u0259r v\u0259 qrupdan u\u011furla \u00e7\u0131xar\u0131q\u201d, &#8211; dey\u0259&hellip;","_links":{"self":[{"href":"https:\/\/arantv.az\/index.php?rest_route=\/wp\/v2\/posts\/107647"}],"collection":[{"href":"https:\/\/arantv.az\/index.php?rest_route=\/wp\/v2\/posts"}],"about":[{"href":"https:\/\/arantv.az\/index.php?rest_route=\/wp\/v2\/types\/post"}],"author":[{"embeddable":true,"href":"https:\/\/arantv.az\/index.php?rest_route=\/wp\/v2\/users\/2"}],"replies":[{"embeddable":true,"href":"https:\/\/arantv.az\/index.php?rest_route=%2Fwp%2Fv2%2Fcomments&post=107647"}],"version-history":[{"count":0,"href":"https:\/\/arantv.az\/index.php?rest_route=\/wp\/v2\/posts\/107647\/revisions"}],"wp:featuredmedia":[{"embeddable":true,"href":"https:\/\/arantv.az\/index.php?rest_route=\/wp\/v2\/media\/107648"}],"wp:attachment":[{"href":"https:\/\/arantv.az\/index.php?rest_route=%2Fwp%2Fv2%2Fmedia&parent=107647"}],"wp:term":[{"taxonomy":"category","embeddable":true,"href":"https:\/\/arantv.az\/index.php?rest_route=%2Fwp%2Fv2%2Fcategories&post=107647"},{"taxonomy":"post_tag","embeddable":true,"href":"https:\/\/arantv.az\/index.php?rest_route=%2Fwp%2Fv2%2Ftags&post=107647"}],"curies":[{"name":"wp","href":"https:\/\/api.w.org\/{rel}","templated":true}]}}