{"id":107873,"date":"2019-12-16T11:08:49","date_gmt":"2019-12-16T08:08:49","guid":{"rendered":"http:\/\/arantv.az\/?p=107873"},"modified":"2019-12-16T11:08:49","modified_gmt":"2019-12-16T08:08:49","slug":"erm%c9%99nistan-vandalizmini-ehtiva-ed%c9%99n-materiallar-beyn%c9%99lxalq-t%c9%99skilatlara-t%c9%99qdim-olunub-s%c9%99yavus-heyd%c9%99rov","status":"publish","type":"post","link":"https:\/\/arantv.az\/?p=107873","title":{"rendered":"Erm\u0259nistan vandalizmini ehtiva ed\u0259n materiallar beyn\u0259lxalq t\u0259\u015fkilatlara t\u0259qdim olunub &#8211; S\u0259yavu\u015f Heyd\u0259rov"},"content":{"rendered":"<p>&#8220;Az\u0259rbaycan\u0131n Erm\u0259nistan t\u0259r\u0259dind\u0259n i\u015f\u011fal olunmu\u015f \u0259razil\u0259rind\u0259 \u0130slam v\u0259 dig\u0259r dinl\u0259r\u0259 aid onlarla dini m\u0259b\u0259dl\u0259r da\u011f\u0131d\u0131l\u0131b&#8221;.<\/p>\n<p><strong>ARANTV.AZ<\/strong>\u00a0<a href=\"https:\/\/az.trend.az\/\" target=\"_blank\" rel=\"noopener\">Trend<\/a>-\u0259 istinad\u0259n x\u0259b\u0259r verir ki, bunu Dini Qurumlarla \u0130\u015f \u00fczr\u0259 D\u00f6vl\u0259t Komit\u0259sinin s\u0259dr m\u00fcavini S\u0259yavu\u015f Heyd\u0259rov jurnalistl\u0259r\u0259 deyib.<\/p>\n<p>S.Heyd\u0259rov bildirib ki, erm\u0259nil\u0259rin bu m\u0259b\u0259dl\u0259rd\u0259 heyvanlar saxlamas\u0131 bar\u0259d\u0259 d\u0259 m\u0259lumatlar verilib: &#8220;\u018flb\u0259tt\u0259, Erm\u0259nistan t\u0259r\u0259fi bunu gizl\u0259tm\u0259y\u0259 \u00e7al\u0131\u015f\u0131r, arabir b\u0259zi m\u0259b\u0259dl\u0259ri t\u0259mir etm\u0259k imitasiyas\u0131 etm\u0259kl\u0259 \u00e7irkin \u0259m\u0259ll\u0259rini gizl\u0259tm\u0259y\u0259 \u00e7al\u0131\u015f\u0131r. Ancaq bu bar\u0259d\u0259 beyn\u0259lxalq ictimaiyy\u0259t\u0259 kifay\u0259t q\u0259d\u0259r m\u0259lumat verilib. Erm\u0259nistan vandalizmini ehtiva ed\u0259n kifay\u0259t q\u0259d\u0259r materiallar var v\u0259 bu materiallar beyn\u0259lxalq t\u0259\u015fkilatlara da t\u0259qdim olunub&#8221;.<\/p>\n","protected":false},"excerpt":{"rendered":"<p>&#8220;Az\u0259rbaycan\u0131n Erm\u0259nistan t\u0259r\u0259dind\u0259n i\u015f\u011fal olunmu\u015f \u0259razil\u0259rind\u0259 \u0130slam v\u0259 dig\u0259r dinl\u0259r\u0259 aid onlarla dini m\u0259b\u0259dl\u0259r da\u011f\u0131d\u0131l\u0131b&#8221;. ARANTV.AZ\u00a0Trend-\u0259 istinad\u0259n x\u0259b\u0259r verir ki, bunu Dini Qurumlarla \u0130\u015f \u00fczr\u0259 D\u00f6vl\u0259t Komit\u0259sinin s\u0259dr m\u00fcavini S\u0259yavu\u015f Heyd\u0259rov jurnalistl\u0259r\u0259 deyib. S.Heyd\u0259rov bildirib ki, erm\u0259nil\u0259rin bu m\u0259b\u0259dl\u0259rd\u0259 heyvanlar saxlamas\u0131 bar\u0259d\u0259 d\u0259 m\u0259lumatlar verilib: &#8220;\u018flb\u0259tt\u0259, Erm\u0259nistan t\u0259r\u0259fi bunu gizl\u0259tm\u0259y\u0259 \u00e7al\u0131\u015f\u0131r, arabir b\u0259zi m\u0259b\u0259dl\u0259ri t\u0259mir etm\u0259k imitasiyas\u0131 etm\u0259kl\u0259 \u00e7irkin \u0259m\u0259ll\u0259rini gizl\u0259tm\u0259y\u0259 \u00e7al\u0131\u015f\u0131r. Ancaq bu bar\u0259d\u0259 beyn\u0259lxalq ictimaiyy\u0259t\u0259 kifay\u0259t q\u0259d\u0259r m\u0259lumat verilib. Erm\u0259nistan vandalizmini ehtiva ed\u0259n kifay\u0259t q\u0259d\u0259r materiallar var v\u0259 bu materiallar beyn\u0259lxalq t\u0259\u015fkilatlara da t\u0259qdim olunub&#8221;.<\/p>\n","protected":false},"author":2,"featured_media":107874,"comment_status":"closed","ping_status":"closed","sticky":false,"template":"","format":"standard","meta":{"om_disable_all_campaigns":false,"_monsterinsights_skip_tracking":false,"_monsterinsights_sitenote_active":false,"_monsterinsights_sitenote_note":"","_monsterinsights_sitenote_category":0},"categories":[4],"tags":[],"aioseo_notices":[],"gutentor_comment":0,"rttpg_featured_image_url":{"full":["https:\/\/arantv.az\/wp-content\/uploads\/2019\/12\/810837.jpg",800,600,false],"landscape":["https:\/\/arantv.az\/wp-content\/uploads\/2019\/12\/810837.jpg",800,600,false],"portraits":["https:\/\/arantv.az\/wp-content\/uploads\/2019\/12\/810837.jpg",800,600,false],"thumbnail":["https:\/\/arantv.az\/wp-content\/uploads\/2019\/12\/810837-150x150.jpg",150,150,true],"medium":["https:\/\/arantv.az\/wp-content\/uploads\/2019\/12\/810837-300x225.jpg",300,225,true],"large":["https:\/\/arantv.az\/wp-content\/uploads\/2019\/12\/810837.jpg",640,480,false],"1536x1536":["https:\/\/arantv.az\/wp-content\/uploads\/2019\/12\/810837.jpg",800,600,false],"2048x2048":["https:\/\/arantv.az\/wp-content\/uploads\/2019\/12\/810837.jpg",800,600,false],"post-thumbnail":["https:\/\/arantv.az\/wp-content\/uploads\/2019\/12\/810837-240x172.jpg",240,172,true],"advps-thumb-one":["https:\/\/arantv.az\/wp-content\/uploads\/2019\/12\/810837.jpg",800,600,false]},"rttpg_author":{"display_name":"V\u00fcsal Rafiqo\u011flu","author_link":"https:\/\/arantv.az\/?author=2"},"rttpg_comment":0,"rttpg_category":"<a href=\"https:\/\/arantv.az\/?cat=4\" rel=\"category\">Siyas\u0259t<\/a>","rttpg_excerpt":"&#8220;Az\u0259rbaycan\u0131n Erm\u0259nistan t\u0259r\u0259dind\u0259n i\u015f\u011fal olunmu\u015f \u0259razil\u0259rind\u0259 \u0130slam v\u0259 dig\u0259r dinl\u0259r\u0259 aid onlarla dini m\u0259b\u0259dl\u0259r da\u011f\u0131d\u0131l\u0131b&#8221;. ARANTV.AZ\u00a0Trend-\u0259 istinad\u0259n x\u0259b\u0259r verir ki, bunu Dini Qurumlarla \u0130\u015f \u00fczr\u0259 D\u00f6vl\u0259t Komit\u0259sinin s\u0259dr m\u00fcavini S\u0259yavu\u015f Heyd\u0259rov jurnalistl\u0259r\u0259 deyib. S.Heyd\u0259rov bildirib ki, erm\u0259nil\u0259rin bu m\u0259b\u0259dl\u0259rd\u0259 heyvanlar saxlamas\u0131 bar\u0259d\u0259 d\u0259 m\u0259lumatlar verilib: &#8220;\u018flb\u0259tt\u0259, Erm\u0259nistan t\u0259r\u0259fi bunu gizl\u0259tm\u0259y\u0259 \u00e7al\u0131\u015f\u0131r, arabir b\u0259zi m\u0259b\u0259dl\u0259ri t\u0259mir&hellip;","_links":{"self":[{"href":"https:\/\/arantv.az\/index.php?rest_route=\/wp\/v2\/posts\/107873"}],"collection":[{"href":"https:\/\/arantv.az\/index.php?rest_route=\/wp\/v2\/posts"}],"about":[{"href":"https:\/\/arantv.az\/index.php?rest_route=\/wp\/v2\/types\/post"}],"author":[{"embeddable":true,"href":"https:\/\/arantv.az\/index.php?rest_route=\/wp\/v2\/users\/2"}],"replies":[{"embeddable":true,"href":"https:\/\/arantv.az\/index.php?rest_route=%2Fwp%2Fv2%2Fcomments&post=107873"}],"version-history":[{"count":0,"href":"https:\/\/arantv.az\/index.php?rest_route=\/wp\/v2\/posts\/107873\/revisions"}],"wp:featuredmedia":[{"embeddable":true,"href":"https:\/\/arantv.az\/index.php?rest_route=\/wp\/v2\/media\/107874"}],"wp:attachment":[{"href":"https:\/\/arantv.az\/index.php?rest_route=%2Fwp%2Fv2%2Fmedia&parent=107873"}],"wp:term":[{"taxonomy":"category","embeddable":true,"href":"https:\/\/arantv.az\/index.php?rest_route=%2Fwp%2Fv2%2Fcategories&post=107873"},{"taxonomy":"post_tag","embeddable":true,"href":"https:\/\/arantv.az\/index.php?rest_route=%2Fwp%2Fv2%2Ftags&post=107873"}],"curies":[{"name":"wp","href":"https:\/\/api.w.org\/{rel}","templated":true}]}}