{"id":108104,"date":"2019-12-16T15:42:54","date_gmt":"2019-12-16T12:42:54","guid":{"rendered":"http:\/\/arantv.az\/?p=108104"},"modified":"2019-12-16T15:42:54","modified_gmt":"2019-12-16T12:42:54","slug":"abseronda-%c9%99misini-oldurub-evini-yandiran-s%c9%99xs%c9%99-agir-c%c9%99za-verildi","status":"publish","type":"post","link":"https:\/\/arantv.az\/?p=108104","title":{"rendered":"Ab\u015feronda \u0259misini \u00f6ld\u00fcr\u00fcb evini yand\u0131ran \u015f\u0259xs\u0259 a\u011f\u0131r c\u0259za verildi"},"content":{"rendered":"<p>Bak\u0131 A\u011f\u0131r Cinay\u0259tl\u0259r M\u0259hk\u0259m\u0259sind\u0259 \u0259misini \u00f6ld\u00fcr\u00fcb izi itirm\u0259k \u00fc\u00e7\u00fcn evini yand\u0131ran M\u0259zahir \u015e\u0131xm\u0259mm\u0259dovun cinay\u0259t i\u015fi \u00fczr\u0259 m\u0259hk\u0259m\u0259 iclas\u0131 ba\u015fa \u00e7at\u0131b.<\/p>\n<p><b>ARANTV.AZ\u00a0<\/b>x\u0259b\u0259r verir ki, hakim Az\u0259r Pa\u015fayevin s\u0259drliyi il\u0259 ke\u00e7iril\u0259n iclasda h\u00f6km oxunub.<\/p>\n<p>H\u00f6km\u0259 \u0259sas\u0259n, M.\u015e\u0131xm\u0259mm\u0259dov 17 il m\u00fcdd\u0259tin\u0259 azadl\u0131qdan m\u0259hrum edilib.<\/p>\n<div id=\"AdviadNativeVideo0\" class=\"AdviadNativeVideo\"><\/div>\n<p>Qeyd ed\u0259k ki, hadis\u0259 bu il mart\u0131n 8-d\u0259 \u201cG\u0259ncl\u0259r \u015e\u0259h\u0259rciyi\u201d ya\u015fay\u0131\u015f kompleksi, giri\u015f 76, ev 11 \u00fcnvan\u0131nda ba\u015f verib. H\u0259min m\u0259nzild\u0259 \u00e7arpay\u0131da yanm\u0131\u015f ki\u015fi meyiti a\u015fkarlan\u0131b.<\/p>\n<p>Ab\u015feron Rayon Polis \u0130dar\u0259sinin Cinay\u0259t-axtar\u0131\u015f \u015f\u00f6b\u0259si \u0259m\u0259kda\u015flar\u0131n\u0131n ke\u00e7irdiyi \u0259m\u0259liyyat-axtar\u0131\u015f t\u0259dbirl\u0259ri zaman\u0131 m\u00fc\u0259yy\u0259n olunub ki, yan\u011f\u0131n zaman\u0131 \u00f6l\u0259n\u00a0\u015e\u0131xm\u0259mm\u0259dov Namiq Kamal o\u011flunun sif\u0259t nahiyysind\u0259 s\u0131n\u0131q x\u0259sar\u0259tl\u0259ri var.<\/p>\n<p>Ara\u015fd\u0131rmalarla bu hadis\u0259ni m\u0259rhumun qarda\u015f\u0131 o\u011flu, 1996-c\u0131 il t\u0259v\u0259ll\u00fcdl\u00fc \u015e\u0131xm\u0259mm\u0259dov M\u0259zahir Ehtiram o\u011flunun t\u00f6r\u0259tdiyi v\u0259 izi itirm\u0259k m\u0259qs\u0259dil\u0259 m\u0259nzil\u0259 od vurdu\u011fu m\u0259lum olub.<\/p>\n<p>Hadis\u0259ni t\u00f6r\u0259d\u0259n \u015f\u0259xs ya\u015fad\u0131\u011f\u0131 Sumqay\u0131t \u015f\u0259h\u0259r, 17-ci mikrorayon, ev 18, m\u0259nzil 38 \u00fcnvan\u0131nda saxlan\u0131laraq Ab\u015feron Rayon Polis \u0130dar\u0259sin\u0259 g\u0259tirilib.<\/p>\n<p>Saxlan\u0131lan \u015f\u0259xs d\u0259h\u015f\u0259tli cinay\u0259ti spirtli i\u00e7ki q\u0259bul etdikd\u0259n sonra t\u00f6r\u0259tdiyini etiraf edib.<\/p>\n<p>M\u0259zahir \u015e\u0131xm\u0259mm\u0259dov \u0259misi il\u0259 aralar\u0131nda m\u00fcnaqi\u015f\u0259 oldu\u011funu deyib:<\/p>\n<p>\u201cAram\u0131zda d\u0259f\u0259l\u0259rl\u0259 m\u00fcnaqi\u015f\u0259 olub, nalayiq ifad\u0259l\u0259r i\u015fl\u0259dib, \u00fcst\u00fcm\u0259 b\u0131\u00e7aq \u00e7\u0131xar\u0131b. Bir d\u0259f\u0259 ke\u00e7mi\u015f\u0259m, iki d\u0259f\u0259 ke\u00e7mi\u015f\u0259m. Amma sonuncu d\u0259f\u0259 d\u00f6zm\u0259dim. \u018fslind\u0259, \u00f6ld\u00fcrm\u0259k plan\u0131m olmay\u0131b\u201d.<\/p>\n<p>O, \u0259misini \u00f6l\u00fcmc\u00fcl d\u00f6yd\u00fcy\u00fcn\u00fc d\u0259 bildirib:<\/p>\n<p>\u201c\u018fvv\u0259lc\u0259 5-6 yumruq vurdum. Sonra is\u0259 \u00fcz\u00fcn\u0259 v\u0259 ba\u015f\u0131na butulka il\u0259 z\u0259rb\u0259 endirdim. M\u0259nzili yand\u0131r\u0131b oradan uzaqla\u015fd\u0131m\u201d.<\/p>\n<p>Ona Cinay\u0259t M\u0259c\u0259ll\u0259sinin 120.2.4-c\u00fc (x\u00fcsusi amans\u0131zl\u0131qla v\u0259 ya \u00fcmumi t\u0259hl\u00fck\u0259li \u00fcsulla adam \u00f6ld\u00fcrm\u0259) madd\u0259si il\u0259 ittiham verilib.Oxu.Az<\/p>\n","protected":false},"excerpt":{"rendered":"<p>Bak\u0131 A\u011f\u0131r Cinay\u0259tl\u0259r M\u0259hk\u0259m\u0259sind\u0259 \u0259misini \u00f6ld\u00fcr\u00fcb izi itirm\u0259k \u00fc\u00e7\u00fcn evini yand\u0131ran M\u0259zahir \u015e\u0131xm\u0259mm\u0259dovun cinay\u0259t i\u015fi \u00fczr\u0259 m\u0259hk\u0259m\u0259 iclas\u0131 ba\u015fa \u00e7at\u0131b. ARANTV.AZ\u00a0x\u0259b\u0259r verir ki, hakim Az\u0259r Pa\u015fayevin s\u0259drliyi il\u0259 ke\u00e7iril\u0259n iclasda h\u00f6km oxunub. H\u00f6km\u0259 \u0259sas\u0259n, M.\u015e\u0131xm\u0259mm\u0259dov 17 il m\u00fcdd\u0259tin\u0259 azadl\u0131qdan m\u0259hrum edilib. Qeyd ed\u0259k ki, hadis\u0259 bu il mart\u0131n 8-d\u0259 \u201cG\u0259ncl\u0259r \u015e\u0259h\u0259rciyi\u201d ya\u015fay\u0131\u015f kompleksi, giri\u015f 76, ev 11 \u00fcnvan\u0131nda ba\u015f verib. H\u0259min m\u0259nzild\u0259 \u00e7arpay\u0131da yanm\u0131\u015f ki\u015fi meyiti a\u015fkarlan\u0131b. Ab\u015feron Rayon Polis \u0130dar\u0259sinin Cinay\u0259t-axtar\u0131\u015f \u015f\u00f6b\u0259si \u0259m\u0259kda\u015flar\u0131n\u0131n ke\u00e7irdiyi \u0259m\u0259liyyat-axtar\u0131\u015f t\u0259dbirl\u0259ri zaman\u0131 m\u00fc\u0259yy\u0259n olunub ki, yan\u011f\u0131n zaman\u0131 \u00f6l\u0259n\u00a0\u015e\u0131xm\u0259mm\u0259dov Namiq Kamal o\u011flunun sif\u0259t nahiyysind\u0259 s\u0131n\u0131q&hellip;<\/p>\n","protected":false},"author":2,"featured_media":108105,"comment_status":"closed","ping_status":"closed","sticky":false,"template":"","format":"standard","meta":{"om_disable_all_campaigns":false,"_monsterinsights_skip_tracking":false,"_monsterinsights_sitenote_active":false,"_monsterinsights_sitenote_note":"","_monsterinsights_sitenote_category":0},"categories":[3],"tags":[],"aioseo_notices":[],"gutentor_comment":0,"rttpg_featured_image_url":{"full":["https:\/\/arantv.az\/wp-content\/uploads\/2019\/12\/ceza.jpg",620,465,false],"landscape":["https:\/\/arantv.az\/wp-content\/uploads\/2019\/12\/ceza.jpg",620,465,false],"portraits":["https:\/\/arantv.az\/wp-content\/uploads\/2019\/12\/ceza.jpg",620,465,false],"thumbnail":["https:\/\/arantv.az\/wp-content\/uploads\/2019\/12\/ceza-150x150.jpg",150,150,true],"medium":["https:\/\/arantv.az\/wp-content\/uploads\/2019\/12\/ceza-300x225.jpg",300,225,true],"large":["https:\/\/arantv.az\/wp-content\/uploads\/2019\/12\/ceza.jpg",620,465,false],"1536x1536":["https:\/\/arantv.az\/wp-content\/uploads\/2019\/12\/ceza.jpg",620,465,false],"2048x2048":["https:\/\/arantv.az\/wp-content\/uploads\/2019\/12\/ceza.jpg",620,465,false],"post-thumbnail":["https:\/\/arantv.az\/wp-content\/uploads\/2019\/12\/ceza-240x172.jpg",240,172,true],"advps-thumb-one":["https:\/\/arantv.az\/wp-content\/uploads\/2019\/12\/ceza.jpg",620,465,false]},"rttpg_author":{"display_name":"V\u00fcsal Rafiqo\u011flu","author_link":"https:\/\/arantv.az\/?author=2"},"rttpg_comment":0,"rttpg_category":"<a href=\"https:\/\/arantv.az\/?cat=3\" rel=\"category\">Kriminal<\/a>","rttpg_excerpt":"Bak\u0131 A\u011f\u0131r Cinay\u0259tl\u0259r M\u0259hk\u0259m\u0259sind\u0259 \u0259misini \u00f6ld\u00fcr\u00fcb izi itirm\u0259k \u00fc\u00e7\u00fcn evini yand\u0131ran M\u0259zahir \u015e\u0131xm\u0259mm\u0259dovun cinay\u0259t i\u015fi \u00fczr\u0259 m\u0259hk\u0259m\u0259 iclas\u0131 ba\u015fa \u00e7at\u0131b. ARANTV.AZ\u00a0x\u0259b\u0259r verir ki, hakim Az\u0259r Pa\u015fayevin s\u0259drliyi il\u0259 ke\u00e7iril\u0259n iclasda h\u00f6km oxunub. H\u00f6km\u0259 \u0259sas\u0259n, M.\u015e\u0131xm\u0259mm\u0259dov 17 il m\u00fcdd\u0259tin\u0259 azadl\u0131qdan m\u0259hrum edilib. Qeyd ed\u0259k ki, hadis\u0259 bu il mart\u0131n 8-d\u0259 \u201cG\u0259ncl\u0259r \u015e\u0259h\u0259rciyi\u201d ya\u015fay\u0131\u015f kompleksi, giri\u015f 76,&hellip;","_links":{"self":[{"href":"https:\/\/arantv.az\/index.php?rest_route=\/wp\/v2\/posts\/108104"}],"collection":[{"href":"https:\/\/arantv.az\/index.php?rest_route=\/wp\/v2\/posts"}],"about":[{"href":"https:\/\/arantv.az\/index.php?rest_route=\/wp\/v2\/types\/post"}],"author":[{"embeddable":true,"href":"https:\/\/arantv.az\/index.php?rest_route=\/wp\/v2\/users\/2"}],"replies":[{"embeddable":true,"href":"https:\/\/arantv.az\/index.php?rest_route=%2Fwp%2Fv2%2Fcomments&post=108104"}],"version-history":[{"count":0,"href":"https:\/\/arantv.az\/index.php?rest_route=\/wp\/v2\/posts\/108104\/revisions"}],"wp:featuredmedia":[{"embeddable":true,"href":"https:\/\/arantv.az\/index.php?rest_route=\/wp\/v2\/media\/108105"}],"wp:attachment":[{"href":"https:\/\/arantv.az\/index.php?rest_route=%2Fwp%2Fv2%2Fmedia&parent=108104"}],"wp:term":[{"taxonomy":"category","embeddable":true,"href":"https:\/\/arantv.az\/index.php?rest_route=%2Fwp%2Fv2%2Fcategories&post=108104"},{"taxonomy":"post_tag","embeddable":true,"href":"https:\/\/arantv.az\/index.php?rest_route=%2Fwp%2Fv2%2Ftags&post=108104"}],"curies":[{"name":"wp","href":"https:\/\/api.w.org\/{rel}","templated":true}]}}