{"id":108158,"date":"2019-12-17T07:54:44","date_gmt":"2019-12-17T04:54:44","guid":{"rendered":"http:\/\/arantv.az\/?p=108158"},"modified":"2019-12-17T07:54:44","modified_gmt":"2019-12-17T04:54:44","slug":"kicik-v%c9%99-orta-biznesin-inkisafi-agentliyinin-nizamnam%c9%99-fondu-iki-d%c9%99f%c9%99d%c9%99n-cox-artirilib","status":"publish","type":"post","link":"https:\/\/arantv.az\/?p=108158","title":{"rendered":"Ki\u00e7ik v\u0259 Orta Biznesin \u0130nki\u015faf\u0131 Agentliyinin nizamnam\u0259 fondu iki d\u0259f\u0259d\u0259n \u00e7ox art\u0131r\u0131l\u0131b"},"content":{"rendered":"<p>Prezident \u0130lham \u018fliyev \u201cAz\u0259rbaycan Respublikas\u0131n\u0131n Ki\u00e7ik v\u0259 Orta Biznesin \u0130nki\u015faf\u0131 Agentliyinin f\u0259aliyy\u0259tinin t\u0259min edilm\u0259si haqq\u0131nda\u201d Az\u0259rbaycan Respublikas\u0131 Prezidentinin 2018-ci il 26 iyun tarixli 148 n\u00f6mr\u0259li F\u0259rman\u0131nda d\u0259yi\u015fiklik edilm\u0259si bar\u0259d\u0259\u00a0F\u0259rman imzalay\u0131b.<\/p>\n<div id=\"AdviadNativeVideo0\" class=\"AdviadNativeVideo\"><\/div>\n<p><strong>ARANTV.AZ<\/strong>-\u0131n m\u0259lumat\u0131na g\u00f6r\u0259, F\u0259rmana \u0259sas\u0259n, 5.2-ci b\u0259nd (Agentliyin nizamnam\u0259 fondu 5,0 (be\u015f) milyon manatd\u0131r v\u0259 d\u00f6vl\u0259t b\u00fcdc\u0259sinin v\u0259saiti hesab\u0131na formala\u015f\u0131r) l\u0259\u011fv edilib.<\/p>\n<p>H\u0259min F\u0259rmanla t\u0259sdiq edilmi\u015f \u201cAz\u0259rbaycan Respublikas\u0131n\u0131n Ki\u00e7ik v\u0259 Orta Biznesin \u0130nki\u015faf\u0131 Agentliyinin Nizamnam\u0259si\u201dnin 7.1-ci b\u0259ndind\u0259 \u201c5,0 (be\u015f) milyon\u201d s\u00f6zl\u0259ri \u201c10 126 118 (on milyon y\u00fcz iyirmi alt\u0131 min y\u00fcz on s\u0259kkiz)\u201d s\u00f6zl\u0259ri il\u0259 \u0259v\u0259z edilib.AZ\u018fRTAC<\/p>\n","protected":false},"excerpt":{"rendered":"<p>Prezident \u0130lham \u018fliyev \u201cAz\u0259rbaycan Respublikas\u0131n\u0131n Ki\u00e7ik v\u0259 Orta Biznesin \u0130nki\u015faf\u0131 Agentliyinin f\u0259aliyy\u0259tinin t\u0259min edilm\u0259si haqq\u0131nda\u201d Az\u0259rbaycan Respublikas\u0131 Prezidentinin 2018-ci il 26 iyun tarixli 148 n\u00f6mr\u0259li F\u0259rman\u0131nda d\u0259yi\u015fiklik edilm\u0259si bar\u0259d\u0259\u00a0F\u0259rman imzalay\u0131b. ARANTV.AZ-\u0131n m\u0259lumat\u0131na g\u00f6r\u0259, F\u0259rmana \u0259sas\u0259n, 5.2-ci b\u0259nd (Agentliyin nizamnam\u0259 fondu 5,0 (be\u015f) milyon manatd\u0131r v\u0259 d\u00f6vl\u0259t b\u00fcdc\u0259sinin v\u0259saiti hesab\u0131na formala\u015f\u0131r) l\u0259\u011fv edilib. H\u0259min F\u0259rmanla t\u0259sdiq edilmi\u015f \u201cAz\u0259rbaycan Respublikas\u0131n\u0131n Ki\u00e7ik v\u0259 Orta Biznesin \u0130nki\u015faf\u0131 Agentliyinin Nizamnam\u0259si\u201dnin 7.1-ci b\u0259ndind\u0259 \u201c5,0 (be\u015f) milyon\u201d s\u00f6zl\u0259ri \u201c10 126 118 (on milyon y\u00fcz iyirmi alt\u0131 min y\u00fcz on s\u0259kkiz)\u201d s\u00f6zl\u0259ri il\u0259 \u0259v\u0259z edilib.AZ\u018fRTAC<\/p>\n","protected":false},"author":2,"featured_media":108159,"comment_status":"closed","ping_status":"closed","sticky":false,"template":"","format":"standard","meta":{"om_disable_all_campaigns":false,"_monsterinsights_skip_tracking":false,"_monsterinsights_sitenote_active":false,"_monsterinsights_sitenote_note":"","_monsterinsights_sitenote_category":0},"categories":[4],"tags":[],"aioseo_notices":[],"gutentor_comment":0,"rttpg_featured_image_url":{"full":["https:\/\/arantv.az\/wp-content\/uploads\/2019\/12\/PREZ\u00c4\u00b0DENT.jpg",620,413,false],"landscape":["https:\/\/arantv.az\/wp-content\/uploads\/2019\/12\/PREZ\u00c4\u00b0DENT.jpg",620,413,false],"portraits":["https:\/\/arantv.az\/wp-content\/uploads\/2019\/12\/PREZ\u00c4\u00b0DENT.jpg",620,413,false],"thumbnail":["https:\/\/arantv.az\/wp-content\/uploads\/2019\/12\/PREZ\u00c4\u00b0DENT-150x150.jpg",150,150,true],"medium":["https:\/\/arantv.az\/wp-content\/uploads\/2019\/12\/PREZ\u00c4\u00b0DENT-300x200.jpg",300,200,true],"large":["https:\/\/arantv.az\/wp-content\/uploads\/2019\/12\/PREZ\u00c4\u00b0DENT.jpg",620,413,false],"1536x1536":["https:\/\/arantv.az\/wp-content\/uploads\/2019\/12\/PREZ\u00c4\u00b0DENT.jpg",620,413,false],"2048x2048":["https:\/\/arantv.az\/wp-content\/uploads\/2019\/12\/PREZ\u00c4\u00b0DENT.jpg",620,413,false],"post-thumbnail":["https:\/\/arantv.az\/wp-content\/uploads\/2019\/12\/PREZ\u00c4\u00b0DENT-240x172.jpg",240,172,true],"advps-thumb-one":["https:\/\/arantv.az\/wp-content\/uploads\/2019\/12\/PREZ\u00c4\u00b0DENT.jpg",620,413,false]},"rttpg_author":{"display_name":"V\u00fcsal Rafiqo\u011flu","author_link":"https:\/\/arantv.az\/?author=2"},"rttpg_comment":0,"rttpg_category":"<a href=\"https:\/\/arantv.az\/?cat=4\" rel=\"category\">Siyas\u0259t<\/a>","rttpg_excerpt":"Prezident \u0130lham \u018fliyev \u201cAz\u0259rbaycan Respublikas\u0131n\u0131n Ki\u00e7ik v\u0259 Orta Biznesin \u0130nki\u015faf\u0131 Agentliyinin f\u0259aliyy\u0259tinin t\u0259min edilm\u0259si haqq\u0131nda\u201d Az\u0259rbaycan Respublikas\u0131 Prezidentinin 2018-ci il 26 iyun tarixli 148 n\u00f6mr\u0259li F\u0259rman\u0131nda d\u0259yi\u015fiklik edilm\u0259si bar\u0259d\u0259\u00a0F\u0259rman imzalay\u0131b. ARANTV.AZ-\u0131n m\u0259lumat\u0131na g\u00f6r\u0259, F\u0259rmana \u0259sas\u0259n, 5.2-ci b\u0259nd (Agentliyin nizamnam\u0259 fondu 5,0 (be\u015f) milyon manatd\u0131r v\u0259 d\u00f6vl\u0259t b\u00fcdc\u0259sinin v\u0259saiti hesab\u0131na formala\u015f\u0131r) l\u0259\u011fv edilib. H\u0259min F\u0259rmanla t\u0259sdiq&hellip;","_links":{"self":[{"href":"https:\/\/arantv.az\/index.php?rest_route=\/wp\/v2\/posts\/108158"}],"collection":[{"href":"https:\/\/arantv.az\/index.php?rest_route=\/wp\/v2\/posts"}],"about":[{"href":"https:\/\/arantv.az\/index.php?rest_route=\/wp\/v2\/types\/post"}],"author":[{"embeddable":true,"href":"https:\/\/arantv.az\/index.php?rest_route=\/wp\/v2\/users\/2"}],"replies":[{"embeddable":true,"href":"https:\/\/arantv.az\/index.php?rest_route=%2Fwp%2Fv2%2Fcomments&post=108158"}],"version-history":[{"count":0,"href":"https:\/\/arantv.az\/index.php?rest_route=\/wp\/v2\/posts\/108158\/revisions"}],"wp:featuredmedia":[{"embeddable":true,"href":"https:\/\/arantv.az\/index.php?rest_route=\/wp\/v2\/media\/108159"}],"wp:attachment":[{"href":"https:\/\/arantv.az\/index.php?rest_route=%2Fwp%2Fv2%2Fmedia&parent=108158"}],"wp:term":[{"taxonomy":"category","embeddable":true,"href":"https:\/\/arantv.az\/index.php?rest_route=%2Fwp%2Fv2%2Fcategories&post=108158"},{"taxonomy":"post_tag","embeddable":true,"href":"https:\/\/arantv.az\/index.php?rest_route=%2Fwp%2Fv2%2Ftags&post=108158"}],"curies":[{"name":"wp","href":"https:\/\/api.w.org\/{rel}","templated":true}]}}