{"id":108220,"date":"2019-12-17T08:45:12","date_gmt":"2019-12-17T05:45:12","guid":{"rendered":"http:\/\/arantv.az\/?p=108220"},"modified":"2019-12-17T08:45:12","modified_gmt":"2019-12-17T05:45:12","slug":"az%c9%99rbaycan-ciddi-nailiyy%c9%99tl%c9%99ri-il%c9%99-beyn%c9%99lxalq-reytinql%c9%99rd%c9%99-movqeyini-yuks%c9%99ldir-deputat","status":"publish","type":"post","link":"https:\/\/arantv.az\/?p=108220","title":{"rendered":"Az\u0259rbaycan ciddi nailiyy\u0259tl\u0259ri il\u0259 beyn\u0259lxalq reytinql\u0259rd\u0259 m\u00f6vqeyini y\u00fcks\u0259ldir &#8211; Deputat"},"content":{"rendered":"<p>&#8220;Az\u0259rbaycan AB\u015e-\u0131n &#8220;U.S. News &amp; World Report&#8221; jurnal\u0131 t\u0259r\u0259find\u0259n a\u00e7\u0131qlanan 2019-cu ild\u0259 d\u00fcnyan\u0131n \u0259n g\u00fccl\u00fc \u00f6lk\u0259l\u0259rinin reytinq siyah\u0131s\u0131nda 45-ci pill\u0259y\u0259 y\u00fcks\u0259lib. Bu, Respublika Prezidenti c\u0259nab \u0130lham \u018fliyevin r\u0259hb\u0259rliyi say\u0259sind\u0259 \u00f6lk\u0259mizin iqtisadi q\u00fcdr\u0259tinin y\u00fcks\u0259kdilm\u0259sin\u0259, h\u0259rbi quruculu\u011funun g\u00fccl\u0259ndirilm\u0259sin\u0259, d\u00fcnya birliyind\u0259 v\u0259 beyn\u0259lxalq t\u0259\u015fkilatlarda rolunun geni\u015fl\u0259ndirilm\u0259sin\u0259 v\u0259 qazan\u0131lan dig\u0259r u\u011furlara veril\u0259n y\u00fcks\u0259k qiym\u0259tl\u0259rd\u0259n biridir&#8221;.<\/p>\n<p><strong>ARANTV.AZ<\/strong>\u00a0 x\u0259b\u0259r verir ki, bunu\u00a0<a href=\"https:\/\/az.trend.az\/\" target=\"_blank\" rel=\"noopener\">Trend<\/a>-\u0259 deputat Ayd\u0131n H\u00fcseynov deyib.<\/p>\n<p>Deputat vur\u011fulay\u0131b ki, \u00f6lk\u0259miz cari ild\u0259 \u0259ld\u0259 etdiyi u\u011furlara g\u00f6r\u0259 bir ne\u00e7\u0259 Avropa \u00f6lk\u0259sini &#8211; Xorvatiya, \u00c7exiya, Latviya, Rum\u0131niya, Slovakiya, Sloveniya, Estoniya v\u0259 Portuqaliyan\u0131 gerid\u0259 qoyub.<\/p>\n<p>A.H\u00fcseynov qeyd edib ki, Az\u0259rbaycanda h\u0259yata ke\u00e7iril\u0259n islahatlar v\u0259 \u00f6lk\u0259mizin inki\u015faf\u0131 beyn\u0259lxalq t\u0259\u015fkilatlar t\u0259r\u0259find\u0259n y\u00fcks\u0259k qiym\u0259tl\u0259ndirilir: &#8220;\u00d6lk\u0259d\u0259 son ill\u0259r h\u0259yata ke\u00e7iril\u0259n islahatlar \u00f6z m\u00fcsb\u0259t n\u0259tic\u0259sini verib. T\u0259kc\u0259 2019-cu ild\u0259 \u00f6lk\u0259mizd\u0259 kifay\u0259t q\u0259d\u0259r geni\u015f isahatlar h\u0259yata ke\u00e7irilib. C\u0259nab Prezidentin imzalad\u0131\u011f\u0131 sosial parketl\u0259r n\u0259tic\u0259sind\u0259 \u00f6lk\u0259d\u0259 minimum \u0259m\u0259khaqlar\u0131, pensiyalar, m\u00fcavin\u0259tl\u0259r art\u0131r\u0131l\u0131b, bu istiqam\u0259td\u0259 d\u00f6vl\u0259t b\u00fcdc\u0259sind\u0259n milyardlarla manat v\u0259sait ayr\u0131l\u0131b. Bununla yana\u015f\u0131, c\u0259nab Prezident \u0130lham \u018fliyevin 18 iyun 2019-cu il tarixli s\u0259r\u0259ncamlar\u0131 il\u0259 d\u00f6vl\u0259t qulluq\u00e7ular\u0131n\u0131n, h\u0259rbi qulluq\u00e7ular\u0131n, \u0259dliyy\u0259, h\u00fcquq m\u00fchafiz\u0259, f\u00f6vq\u0259lad\u0259 hallar, miqrasiya orqanlar\u0131 \u0259m\u0259kda\u015flar\u0131n\u0131n, x\u00fcsusi r\u00fctb\u0259li \u015f\u0259xsl\u0259rin v\u0259 b. \u0259m\u0259khaqlar\u0131 cari il sentyabr\u0131n 1-d\u0259n ciddi \u015f\u0259kild\u0259 art\u0131r\u0131l\u0131b. H\u0259rb\u00e7il\u0259rin sosial v\u0259ziyy\u0259tinin yax\u015f\u0131la\u015fd\u0131r\u0131lmas\u0131, ordumuzun g\u00fccl\u0259ndirilm\u0259si istiqam\u0259tind\u0259 m\u00fch\u00fcm t\u0259dbirl\u0259r h\u0259yata ke\u00e7irilib. Lakin b\u00fct\u00fcn bunlara baxmayaraq, inflyasiya a\u015fa\u011f\u0131 s\u0259viyy\u0259d\u0259 qal\u0131b, 2,5 faiz h\u0259ddini ke\u00e7m\u0259yib&#8221;.<\/p>\n<p>Deputat \u0259lav\u0259 edib ki, haz\u0131rda \u00f6lk\u0259 iqtisadiyyat\u0131n\u0131n da s\u00fcr\u0259tl\u0259nm\u0259si prosesi ba\u015flay\u0131b: &#8220;D\u00f6vriyy\u0259l\u0259rin qism\u0259n &#8220;k\u00f6lg\u0259d\u0259n&#8221; \u00e7\u0131xmas\u0131 b\u00fcdc\u0259y\u0259 v\u0259 b\u00fcdc\u0259d\u0259nk\u0259nar fondlara daxilolmalar\u0131n art\u0131m\u0131na v\u0259 i\u015f yerl\u0259rinin r\u0259smil\u0259\u015fdirilm\u0259sin\u0259 g\u0259tirib \u00e7\u0131xar\u0131b. T\u0259kc\u0259 2019-cu ild\u0259 120 mind\u0259n \u00e7ox yeni \u0259m\u0259k m\u00fcqavil\u0259si qeydiyyata al\u0131n\u0131b ki, onlardan 90 mini qeyri-neft sektorunun \u00f6z\u0259l b\u00f6lm\u0259sind\u0259 olub. B\u00fct\u00f6vl\u00fckd\u0259, \u00f6lk\u0259d\u0259 \u0259lveri\u015fli investisiya m\u00fchiti formala\u015f\u0131b. Bu, h\u0259m d\u0259 Az\u0259rbaycan\u0131n neft sektorundan as\u0131l\u0131l\u0131\u011f\u0131n s\u0131f\u0131ra enm\u0259sin\u0259 g\u0259tirib \u00e7\u0131xaracaq&#8221;.<\/p>\n<p>A.H\u00fcseynov qeyd edib ki, Az\u0259rbaycan\u0131n beyn\u0259lxalq al\u0259md\u0259 n\u00fcfuzu xeyli art\u0131b: &#8220;\u00d6lk\u0259miz d\u00fcnya \u00fc\u00e7\u00fcn m\u00fch\u00fcm t\u0259dbirl\u0259r\u0259 ev sahibliyi edib. H\u0259m\u00e7inin, bu ilin oktyabr ay\u0131nda d\u00fcnyan\u0131n \u0259n b\u00f6y\u00fck t\u0259\u015fkilatlar\u0131ndan olan Qo\u015fulmama H\u0259r\u0259kat\u0131n\u0131n zirv\u0259 toplant\u0131s\u0131 Bak\u0131da ke\u00e7irilib v\u0259 bu t\u0259\u015fkilata s\u0259drlik Az\u0259rbaycana ke\u00e7ib. \u018flb\u0259tt\u0259, b\u00fct\u00fcn bunlar \u00f6lk\u0259mizin beyn\u0259lxalq al\u0259md\u0259 n\u00fcfuzunu art\u0131r\u0131b v\u0259 Az\u0259rbaycan\u0131n bu naliyy\u0259tl\u0259ri beyn\u0259lxalq t\u0259\u015fkilatlar t\u0259r\u0259find\u0259n d\u0259 y\u00fcks\u0259k qiym\u0259tl\u0259ndirilir. Art\u0131q D\u00fcnya Bank\u0131, Avropa Yenid\u0259nqurma v\u0259 \u0130nki\u015faf Bank\u0131, Asiya \u0130nki\u015faf Bank\u0131, Avropa \u0130nvestisiya Bank\u0131, Beyn\u0259lxalq Valyuta Fondu v\u0259 dig\u0259r apar\u0131c\u0131 beyn\u0259lxalq maliyy\u0259 qurumlar\u0131n\u0131n hesabatlar\u0131nda Az\u0259rbaycanda h\u0259yata ke\u00e7iril\u0259n islahatlar y\u00fcks\u0259k qiym\u0259tl\u0259ndirilib. AB\u015e-\u0131n &#8220;U.S. News &amp; World Report&#8221; jurnal\u0131 da \u00f6lk\u0259mizin bu naliyy\u0259tl\u0259rini g\u00f6r\u00fcr v\u0259 Az\u0259rbaycan\u0131 d\u00fcnyan\u0131n \u0259n g\u00fccl\u00fc \u00f6lk\u0259l\u0259rinin reytinq siyah\u0131s\u0131nda 45-ci pill\u0259y\u0259 y\u00fcks\u0259ldib&#8221;.<\/p>\n<p>Qeyd ed\u0259k ki, Amerikan\u0131n &#8220;U. S. News &amp; World Report&#8221; jurnal\u0131 2019-cu ild\u0259 d\u00fcnyan\u0131n \u0259n g\u00fccl\u00fc \u00f6lk\u0259l\u0259rinin reytinq siyah\u0131s\u0131n\u0131 a\u00e7\u0131qlay\u0131b. Siyah\u0131 Pensilvaniya Universitetinin &#8220;BAV Group \u0438 Wharton School&#8221; Qrupunun analitikl\u0259ri t\u0259r\u0259find\u0259n t\u0259rtib edilib.<\/p>\n<p>Siyah\u0131 t\u0259rtib edil\u0259n zaman \u00f6lk\u0259l\u0259rin iqtisadi v\u0259ziyy\u0259ti, h\u0259rbi g\u00fcc\u00fc, siyasi t\u0259sir dair\u0259si, d\u00fcnyada liderliyi, habel\u0259 beyn\u0259lxalq t\u0259\u015fkilatlara \u00fczvl\u00fck v\u0259 i\u015ftirak\u0131 daxil olmaqla bir s\u0131ra amill\u0259r n\u0259z\u0259r\u0259 al\u0131n\u0131b.<\/p>\n<p>Siyah\u0131da Az\u0259rbaycan 45-ci yerd\u0259 q\u0259rarla\u015f\u0131b. \u00d6lk\u0259miz cari ild\u0259 \u0259ld\u0259 etdiyi u\u011furlara g\u00f6r\u0259, bir ne\u00e7\u0259 Avropa \u00f6lk\u0259sini &#8211; Xorvatiya, \u00c7exiya, Latviya, Rum\u0131niya, Slovakiya, Sloveniya, Estoniya v\u0259 Portuqaliyan\u0131 gerid\u0259 qoyub.jurnal\u0131nda d\u0259rc olunan reytinq siyah\u0131s\u0131nda \u00fcmumilikd\u0259 80 \u00f6lk\u0259 yer al\u0131b.<\/p>\n","protected":false},"excerpt":{"rendered":"<p>&#8220;Az\u0259rbaycan AB\u015e-\u0131n &#8220;U.S. News &amp; World Report&#8221; jurnal\u0131 t\u0259r\u0259find\u0259n a\u00e7\u0131qlanan 2019-cu ild\u0259 d\u00fcnyan\u0131n \u0259n g\u00fccl\u00fc \u00f6lk\u0259l\u0259rinin reytinq siyah\u0131s\u0131nda 45-ci pill\u0259y\u0259 y\u00fcks\u0259lib. Bu, Respublika Prezidenti c\u0259nab \u0130lham \u018fliyevin r\u0259hb\u0259rliyi say\u0259sind\u0259 \u00f6lk\u0259mizin iqtisadi q\u00fcdr\u0259tinin y\u00fcks\u0259kdilm\u0259sin\u0259, h\u0259rbi quruculu\u011funun g\u00fccl\u0259ndirilm\u0259sin\u0259, d\u00fcnya birliyind\u0259 v\u0259 beyn\u0259lxalq t\u0259\u015fkilatlarda rolunun geni\u015fl\u0259ndirilm\u0259sin\u0259 v\u0259 qazan\u0131lan dig\u0259r u\u011furlara veril\u0259n y\u00fcks\u0259k qiym\u0259tl\u0259rd\u0259n biridir&#8221;. ARANTV.AZ\u00a0 x\u0259b\u0259r verir ki, bunu\u00a0Trend-\u0259 deputat Ayd\u0131n H\u00fcseynov deyib. Deputat vur\u011fulay\u0131b ki, \u00f6lk\u0259miz cari ild\u0259 \u0259ld\u0259 etdiyi u\u011furlara g\u00f6r\u0259 bir ne\u00e7\u0259 Avropa \u00f6lk\u0259sini &#8211; Xorvatiya, \u00c7exiya, Latviya, Rum\u0131niya, Slovakiya, Sloveniya, Estoniya v\u0259 Portuqaliyan\u0131 gerid\u0259 qoyub. A.H\u00fcseynov qeyd edib ki,&hellip;<\/p>\n","protected":false},"author":2,"featured_media":108221,"comment_status":"closed","ping_status":"closed","sticky":false,"template":"","format":"standard","meta":{"om_disable_all_campaigns":false,"_monsterinsights_skip_tracking":false,"_monsterinsights_sitenote_active":false,"_monsterinsights_sitenote_note":"","_monsterinsights_sitenote_category":0},"categories":[4],"tags":[],"aioseo_notices":[],"gutentor_comment":0,"rttpg_featured_image_url":{"full":["https:\/\/arantv.az\/wp-content\/uploads\/2019\/12\/aydin_huseynov_0145.jpg",800,600,false],"landscape":["https:\/\/arantv.az\/wp-content\/uploads\/2019\/12\/aydin_huseynov_0145.jpg",800,600,false],"portraits":["https:\/\/arantv.az\/wp-content\/uploads\/2019\/12\/aydin_huseynov_0145.jpg",800,600,false],"thumbnail":["https:\/\/arantv.az\/wp-content\/uploads\/2019\/12\/aydin_huseynov_0145-150x150.jpg",150,150,true],"medium":["https:\/\/arantv.az\/wp-content\/uploads\/2019\/12\/aydin_huseynov_0145-300x225.jpg",300,225,true],"large":["https:\/\/arantv.az\/wp-content\/uploads\/2019\/12\/aydin_huseynov_0145.jpg",640,480,false],"1536x1536":["https:\/\/arantv.az\/wp-content\/uploads\/2019\/12\/aydin_huseynov_0145.jpg",800,600,false],"2048x2048":["https:\/\/arantv.az\/wp-content\/uploads\/2019\/12\/aydin_huseynov_0145.jpg",800,600,false],"post-thumbnail":["https:\/\/arantv.az\/wp-content\/uploads\/2019\/12\/aydin_huseynov_0145-240x172.jpg",240,172,true],"advps-thumb-one":["https:\/\/arantv.az\/wp-content\/uploads\/2019\/12\/aydin_huseynov_0145.jpg",800,600,false]},"rttpg_author":{"display_name":"V\u00fcsal Rafiqo\u011flu","author_link":"https:\/\/arantv.az\/?author=2"},"rttpg_comment":0,"rttpg_category":"<a href=\"https:\/\/arantv.az\/?cat=4\" rel=\"category\">Siyas\u0259t<\/a>","rttpg_excerpt":"&#8220;Az\u0259rbaycan AB\u015e-\u0131n &#8220;U.S. News &amp; World Report&#8221; jurnal\u0131 t\u0259r\u0259find\u0259n a\u00e7\u0131qlanan 2019-cu ild\u0259 d\u00fcnyan\u0131n \u0259n g\u00fccl\u00fc \u00f6lk\u0259l\u0259rinin reytinq siyah\u0131s\u0131nda 45-ci pill\u0259y\u0259 y\u00fcks\u0259lib. Bu, Respublika Prezidenti c\u0259nab \u0130lham \u018fliyevin r\u0259hb\u0259rliyi say\u0259sind\u0259 \u00f6lk\u0259mizin iqtisadi q\u00fcdr\u0259tinin y\u00fcks\u0259kdilm\u0259sin\u0259, h\u0259rbi quruculu\u011funun g\u00fccl\u0259ndirilm\u0259sin\u0259, d\u00fcnya birliyind\u0259 v\u0259 beyn\u0259lxalq t\u0259\u015fkilatlarda rolunun geni\u015fl\u0259ndirilm\u0259sin\u0259 v\u0259 qazan\u0131lan dig\u0259r u\u011furlara veril\u0259n y\u00fcks\u0259k qiym\u0259tl\u0259rd\u0259n biridir&#8221;. ARANTV.AZ\u00a0 x\u0259b\u0259r verir ki,&hellip;","_links":{"self":[{"href":"https:\/\/arantv.az\/index.php?rest_route=\/wp\/v2\/posts\/108220"}],"collection":[{"href":"https:\/\/arantv.az\/index.php?rest_route=\/wp\/v2\/posts"}],"about":[{"href":"https:\/\/arantv.az\/index.php?rest_route=\/wp\/v2\/types\/post"}],"author":[{"embeddable":true,"href":"https:\/\/arantv.az\/index.php?rest_route=\/wp\/v2\/users\/2"}],"replies":[{"embeddable":true,"href":"https:\/\/arantv.az\/index.php?rest_route=%2Fwp%2Fv2%2Fcomments&post=108220"}],"version-history":[{"count":0,"href":"https:\/\/arantv.az\/index.php?rest_route=\/wp\/v2\/posts\/108220\/revisions"}],"wp:featuredmedia":[{"embeddable":true,"href":"https:\/\/arantv.az\/index.php?rest_route=\/wp\/v2\/media\/108221"}],"wp:attachment":[{"href":"https:\/\/arantv.az\/index.php?rest_route=%2Fwp%2Fv2%2Fmedia&parent=108220"}],"wp:term":[{"taxonomy":"category","embeddable":true,"href":"https:\/\/arantv.az\/index.php?rest_route=%2Fwp%2Fv2%2Fcategories&post=108220"},{"taxonomy":"post_tag","embeddable":true,"href":"https:\/\/arantv.az\/index.php?rest_route=%2Fwp%2Fv2%2Ftags&post=108220"}],"curies":[{"name":"wp","href":"https:\/\/api.w.org\/{rel}","templated":true}]}}