{"id":108232,"date":"2019-12-17T08:57:04","date_gmt":"2019-12-17T05:57:04","guid":{"rendered":"http:\/\/arantv.az\/?p=108232"},"modified":"2019-12-17T08:57:04","modified_gmt":"2019-12-17T05:57:04","slug":"bu-halda-yanvarin-1-d%c9%99n-50-azn-od%c9%99nilm%c9%99y%c9%99c%c9%99k-video","status":"publish","type":"post","link":"https:\/\/arantv.az\/?p=108232","title":{"rendered":"Bu halda yanvar\u0131n 1-d\u0259n 50 AZN \u00f6d\u0259nilm\u0259y\u0259c\u0259k &#8211; V\u0130DEO"},"content":{"rendered":"<p>\u0130cbari s\u0131\u011forta yaln\u0131z \u00e7\u0131xar\u0131\u015f\u0131 olan evl\u0259r\u0259 aiddir.<\/p>\n<p><b>ARANTV.AZ\u00a0<\/b>\u00a0xezerxeber.az-a istinadla x\u0259b\u0259r verir ki, 2020-ci il yanvar\u0131n 1-d\u0259n etibar\u0259n evl\u0259rin icbari qaydada s\u0131\u011fortalanmas\u0131na ba\u015flanacaq.<\/p>\n<p>\u0130cbari S\u0131\u011forta B\u00fcrosunun icra\u00e7\u0131 direktoru R\u0259\u015fad \u018fhm\u0259dov bildirib ki, yaln\u0131z qeydiyyat\u0131 olan evl\u0259r v\u0259 obyekl\u0259r icbari qayadada s\u0131\u011fortalanacaq. Lakin qeydiyyat\u0131 olan tikilil\u0259rd\u0259n d\u0259 icbari s\u0131\u011fortaya c\u0259lb edilm\u0259y\u0259nl\u0259ri var.<\/p>\n<div id=\"AdviadNativeVideo0\" class=\"AdviadNativeVideo\"><\/div>\n<p>\u00c7\u0131xar\u0131\u015f\u0131 olan f\u0259rdi ya\u015fay\u0131\u015f evl\u0259rinin d\u0259 icbari qayadada s\u0131\u011fortalanmas\u0131nda he\u00e7 bir problem yaranmayacaq. \u00c7\u00fcnki burada \u0259mlak\u0131n qiym\u0259tl\u0259ndirilm\u0259sin\u0259 ehtiyac yoxdur.<\/p>\n<p>R\u0259\u015fad \u018fhm\u0259dov deyib ki, evl\u0259rin qeydiyyata al\u0131nmas\u0131 h\u0259m s\u0131\u011forta sektoru \u00fc\u00e7\u00fcn, h\u0259m d\u0259 f\u00f6vq\u0259lad\u0259 riskl\u0259r bax\u0131m\u0131ndan olduqca \u00f6n\u0259mlidir. Bu s\u0259b\u0259bd\u0259n \u00e7\u0131xar\u0131\u015f\u0131 olmayan evl\u0259rin d\u0259 s\u00fcr\u0259tli \u015f\u0259kild\u0259 qeydiyyata al\u0131nmas\u0131na ehtiyac var.<\/p>\n<p>Evini s\u0131\u011forta etdirm\u0259y\u0259nl\u0259ri 30 manat c\u0259rim\u0259 g\u00f6zl\u0259yir. H\u0259min \u015f\u0259xs c\u0259rim\u0259 olunduqdan sonra 20 g\u00fcn \u0259rzind\u0259 icbari s\u0131\u011forta m\u00fcqavil\u0259si ba\u011flamasa yenid\u0259n c\u0259rim\u0259l\u0259n\u0259 bil\u0259r.<\/p>\n<div class=\"embed-responsive embed-responsive-16by9\"><iframe loading=\"lazy\" id=\"nmqembedid\" class=\"embed-responsive-item\" title=\"video player\" src=\"https:\/\/izle.az\/embed\/qyyxNTSoyCkN9UrMNTcAAA~~\" width=\"600\" height=\"340\" frameborder=\"0\" scrolling=\"no\" allowfullscreen=\"allowfullscreen\" data-mce-fragment=\"1\"><\/iframe><\/div>\n<p>&nbsp;<\/p>\n","protected":false},"excerpt":{"rendered":"<p>\u0130cbari s\u0131\u011forta yaln\u0131z \u00e7\u0131xar\u0131\u015f\u0131 olan evl\u0259r\u0259 aiddir. ARANTV.AZ\u00a0\u00a0xezerxeber.az-a istinadla x\u0259b\u0259r verir ki, 2020-ci il yanvar\u0131n 1-d\u0259n etibar\u0259n evl\u0259rin icbari qaydada s\u0131\u011fortalanmas\u0131na ba\u015flanacaq. \u0130cbari S\u0131\u011forta B\u00fcrosunun icra\u00e7\u0131 direktoru R\u0259\u015fad \u018fhm\u0259dov bildirib ki, yaln\u0131z qeydiyyat\u0131 olan evl\u0259r v\u0259 obyekl\u0259r icbari qayadada s\u0131\u011fortalanacaq. Lakin qeydiyyat\u0131 olan tikilil\u0259rd\u0259n d\u0259 icbari s\u0131\u011fortaya c\u0259lb edilm\u0259y\u0259nl\u0259ri var. \u00c7\u0131xar\u0131\u015f\u0131 olan f\u0259rdi ya\u015fay\u0131\u015f evl\u0259rinin d\u0259 icbari qayadada s\u0131\u011fortalanmas\u0131nda he\u00e7 bir problem yaranmayacaq. \u00c7\u00fcnki burada \u0259mlak\u0131n qiym\u0259tl\u0259ndirilm\u0259sin\u0259 ehtiyac yoxdur. R\u0259\u015fad \u018fhm\u0259dov deyib ki, evl\u0259rin qeydiyyata al\u0131nmas\u0131 h\u0259m s\u0131\u011forta sektoru \u00fc\u00e7\u00fcn, h\u0259m d\u0259 f\u00f6vq\u0259lad\u0259 riskl\u0259r bax\u0131m\u0131ndan olduqca \u00f6n\u0259mlidir. Bu s\u0259b\u0259bd\u0259n \u00e7\u0131xar\u0131\u015f\u0131&hellip;<\/p>\n","protected":false},"author":2,"featured_media":108233,"comment_status":"closed","ping_status":"closed","sticky":false,"template":"","format":"standard","meta":{"om_disable_all_campaigns":false,"_monsterinsights_skip_tracking":false,"_monsterinsights_sitenote_active":false,"_monsterinsights_sitenote_note":"","_monsterinsights_sitenote_category":0},"categories":[1],"tags":[],"aioseo_notices":[],"gutentor_comment":0,"rttpg_featured_image_url":{"full":["https:\/\/arantv.az\/wp-content\/uploads\/2019\/12\/1576557056_manatt.jpg",649,432,false],"landscape":["https:\/\/arantv.az\/wp-content\/uploads\/2019\/12\/1576557056_manatt.jpg",649,432,false],"portraits":["https:\/\/arantv.az\/wp-content\/uploads\/2019\/12\/1576557056_manatt.jpg",649,432,false],"thumbnail":["https:\/\/arantv.az\/wp-content\/uploads\/2019\/12\/1576557056_manatt-150x150.jpg",150,150,true],"medium":["https:\/\/arantv.az\/wp-content\/uploads\/2019\/12\/1576557056_manatt-300x200.jpg",300,200,true],"large":["https:\/\/arantv.az\/wp-content\/uploads\/2019\/12\/1576557056_manatt.jpg",640,426,false],"1536x1536":["https:\/\/arantv.az\/wp-content\/uploads\/2019\/12\/1576557056_manatt.jpg",649,432,false],"2048x2048":["https:\/\/arantv.az\/wp-content\/uploads\/2019\/12\/1576557056_manatt.jpg",649,432,false],"post-thumbnail":["https:\/\/arantv.az\/wp-content\/uploads\/2019\/12\/1576557056_manatt-240x172.jpg",240,172,true],"advps-thumb-one":["https:\/\/arantv.az\/wp-content\/uploads\/2019\/12\/1576557056_manatt.jpg",649,432,false]},"rttpg_author":{"display_name":"V\u00fcsal Rafiqo\u011flu","author_link":"https:\/\/arantv.az\/?author=2"},"rttpg_comment":0,"rttpg_category":"<a href=\"https:\/\/arantv.az\/?cat=1\" rel=\"category\">C\u0259miyy\u0259t<\/a>","rttpg_excerpt":"\u0130cbari s\u0131\u011forta yaln\u0131z \u00e7\u0131xar\u0131\u015f\u0131 olan evl\u0259r\u0259 aiddir. ARANTV.AZ\u00a0\u00a0xezerxeber.az-a istinadla x\u0259b\u0259r verir ki, 2020-ci il yanvar\u0131n 1-d\u0259n etibar\u0259n evl\u0259rin icbari qaydada s\u0131\u011fortalanmas\u0131na ba\u015flanacaq. \u0130cbari S\u0131\u011forta B\u00fcrosunun icra\u00e7\u0131 direktoru R\u0259\u015fad \u018fhm\u0259dov bildirib ki, yaln\u0131z qeydiyyat\u0131 olan evl\u0259r v\u0259 obyekl\u0259r icbari qayadada s\u0131\u011fortalanacaq. Lakin qeydiyyat\u0131 olan tikilil\u0259rd\u0259n d\u0259 icbari s\u0131\u011fortaya c\u0259lb edilm\u0259y\u0259nl\u0259ri var. \u00c7\u0131xar\u0131\u015f\u0131 olan f\u0259rdi ya\u015fay\u0131\u015f evl\u0259rinin&hellip;","_links":{"self":[{"href":"https:\/\/arantv.az\/index.php?rest_route=\/wp\/v2\/posts\/108232"}],"collection":[{"href":"https:\/\/arantv.az\/index.php?rest_route=\/wp\/v2\/posts"}],"about":[{"href":"https:\/\/arantv.az\/index.php?rest_route=\/wp\/v2\/types\/post"}],"author":[{"embeddable":true,"href":"https:\/\/arantv.az\/index.php?rest_route=\/wp\/v2\/users\/2"}],"replies":[{"embeddable":true,"href":"https:\/\/arantv.az\/index.php?rest_route=%2Fwp%2Fv2%2Fcomments&post=108232"}],"version-history":[{"count":0,"href":"https:\/\/arantv.az\/index.php?rest_route=\/wp\/v2\/posts\/108232\/revisions"}],"wp:featuredmedia":[{"embeddable":true,"href":"https:\/\/arantv.az\/index.php?rest_route=\/wp\/v2\/media\/108233"}],"wp:attachment":[{"href":"https:\/\/arantv.az\/index.php?rest_route=%2Fwp%2Fv2%2Fmedia&parent=108232"}],"wp:term":[{"taxonomy":"category","embeddable":true,"href":"https:\/\/arantv.az\/index.php?rest_route=%2Fwp%2Fv2%2Fcategories&post=108232"},{"taxonomy":"post_tag","embeddable":true,"href":"https:\/\/arantv.az\/index.php?rest_route=%2Fwp%2Fv2%2Ftags&post=108232"}],"curies":[{"name":"wp","href":"https:\/\/api.w.org\/{rel}","templated":true}]}}