{"id":108244,"date":"2019-12-17T09:03:20","date_gmt":"2019-12-17T06:03:20","guid":{"rendered":"http:\/\/arantv.az\/?p=108244"},"modified":"2019-12-17T09:03:20","modified_gmt":"2019-12-17T06:03:20","slug":"az%c9%99rbaycanda-9-yasli-usagi-it-disl%c9%99di","status":"publish","type":"post","link":"https:\/\/arantv.az\/?p=108244","title":{"rendered":"Az\u0259rbaycanda 9 ya\u015fl\u0131 u\u015fa\u011f\u0131 it di\u015fl\u0259di"},"content":{"rendered":"<p>Zaqatalada 9 ya\u015fl\u0131 u\u015fa\u011f\u0131 it di\u015fl\u0259yib.<\/p>\n<p><b>ARANTV.AZ\u00a0<\/b>\u00a0apa-ya istinad\u0259n x\u0259b\u0259r verir ki, dekabr\u0131n 16-s\u0131 ax\u015fam saatlar\u0131nda rayonun Qandax k\u0259nd sakini, 2010-cu il t\u0259v\u0259ll\u00fcdl\u00fc \u018fli Asiq o\u011flu K\u0259rimov it di\u015fl\u0259m\u0259si x\u0259sar\u0259ti il\u0259 Zaqatala rayon M\u0259rk\u0259zi X\u0259st\u0259xanas\u0131na daxil olub.<\/p>\n<div id=\"AdviadNativeVideo0\" class=\"AdviadNativeVideo\"><\/div>\n<p>M\u00fcayin\u0259 zaman\u0131 itin \u018f. K\u0259rimova sol qolundan di\u015fl\u0259y\u0259r\u0259k x\u0259sar\u0259t yetirdiyi m\u0259lum olub.<\/p>\n<p>Quduzlu\u011fa qar\u015f\u0131 peyv\u0259nd vurulduqdan sonra o, ev\u0259 burax\u0131l\u0131b.<\/p>\n","protected":false},"excerpt":{"rendered":"<p>Zaqatalada 9 ya\u015fl\u0131 u\u015fa\u011f\u0131 it di\u015fl\u0259yib. ARANTV.AZ\u00a0\u00a0apa-ya istinad\u0259n x\u0259b\u0259r verir ki, dekabr\u0131n 16-s\u0131 ax\u015fam saatlar\u0131nda rayonun Qandax k\u0259nd sakini, 2010-cu il t\u0259v\u0259ll\u00fcdl\u00fc \u018fli Asiq o\u011flu K\u0259rimov it di\u015fl\u0259m\u0259si x\u0259sar\u0259ti il\u0259 Zaqatala rayon M\u0259rk\u0259zi X\u0259st\u0259xanas\u0131na daxil olub. M\u00fcayin\u0259 zaman\u0131 itin \u018f. K\u0259rimova sol qolundan di\u015fl\u0259y\u0259r\u0259k x\u0259sar\u0259t yetirdiyi m\u0259lum olub. Quduzlu\u011fa qar\u015f\u0131 peyv\u0259nd vurulduqdan sonra o, ev\u0259 burax\u0131l\u0131b.<\/p>\n","protected":false},"author":2,"featured_media":108245,"comment_status":"closed","ping_status":"closed","sticky":false,"template":"","format":"standard","meta":{"om_disable_all_campaigns":false,"_monsterinsights_skip_tracking":false,"_monsterinsights_sitenote_active":false,"_monsterinsights_sitenote_note":"","_monsterinsights_sitenote_category":0},"categories":[5],"tags":[],"aioseo_notices":[],"gutentor_comment":0,"rttpg_featured_image_url":{"full":["https:\/\/arantv.az\/wp-content\/uploads\/2019\/12\/1576561316_1464092706_2400.jpg",480,297,false],"landscape":["https:\/\/arantv.az\/wp-content\/uploads\/2019\/12\/1576561316_1464092706_2400.jpg",480,297,false],"portraits":["https:\/\/arantv.az\/wp-content\/uploads\/2019\/12\/1576561316_1464092706_2400.jpg",480,297,false],"thumbnail":["https:\/\/arantv.az\/wp-content\/uploads\/2019\/12\/1576561316_1464092706_2400-150x150.jpg",150,150,true],"medium":["https:\/\/arantv.az\/wp-content\/uploads\/2019\/12\/1576561316_1464092706_2400-300x186.jpg",300,186,true],"large":["https:\/\/arantv.az\/wp-content\/uploads\/2019\/12\/1576561316_1464092706_2400.jpg",480,297,false],"1536x1536":["https:\/\/arantv.az\/wp-content\/uploads\/2019\/12\/1576561316_1464092706_2400.jpg",480,297,false],"2048x2048":["https:\/\/arantv.az\/wp-content\/uploads\/2019\/12\/1576561316_1464092706_2400.jpg",480,297,false],"post-thumbnail":["https:\/\/arantv.az\/wp-content\/uploads\/2019\/12\/1576561316_1464092706_2400-240x172.jpg",240,172,true],"advps-thumb-one":["https:\/\/arantv.az\/wp-content\/uploads\/2019\/12\/1576561316_1464092706_2400.jpg",480,297,false]},"rttpg_author":{"display_name":"V\u00fcsal Rafiqo\u011flu","author_link":"https:\/\/arantv.az\/?author=2"},"rttpg_comment":0,"rttpg_category":"<a href=\"https:\/\/arantv.az\/?cat=5\" rel=\"category\">Hadis\u0259<\/a>","rttpg_excerpt":"Zaqatalada 9 ya\u015fl\u0131 u\u015fa\u011f\u0131 it di\u015fl\u0259yib. ARANTV.AZ\u00a0\u00a0apa-ya istinad\u0259n x\u0259b\u0259r verir ki, dekabr\u0131n 16-s\u0131 ax\u015fam saatlar\u0131nda rayonun Qandax k\u0259nd sakini, 2010-cu il t\u0259v\u0259ll\u00fcdl\u00fc \u018fli Asiq o\u011flu K\u0259rimov it di\u015fl\u0259m\u0259si x\u0259sar\u0259ti il\u0259 Zaqatala rayon M\u0259rk\u0259zi X\u0259st\u0259xanas\u0131na daxil olub. M\u00fcayin\u0259 zaman\u0131 itin \u018f. K\u0259rimova sol qolundan di\u015fl\u0259y\u0259r\u0259k x\u0259sar\u0259t yetirdiyi m\u0259lum olub. Quduzlu\u011fa qar\u015f\u0131 peyv\u0259nd vurulduqdan sonra o, ev\u0259&hellip;","_links":{"self":[{"href":"https:\/\/arantv.az\/index.php?rest_route=\/wp\/v2\/posts\/108244"}],"collection":[{"href":"https:\/\/arantv.az\/index.php?rest_route=\/wp\/v2\/posts"}],"about":[{"href":"https:\/\/arantv.az\/index.php?rest_route=\/wp\/v2\/types\/post"}],"author":[{"embeddable":true,"href":"https:\/\/arantv.az\/index.php?rest_route=\/wp\/v2\/users\/2"}],"replies":[{"embeddable":true,"href":"https:\/\/arantv.az\/index.php?rest_route=%2Fwp%2Fv2%2Fcomments&post=108244"}],"version-history":[{"count":0,"href":"https:\/\/arantv.az\/index.php?rest_route=\/wp\/v2\/posts\/108244\/revisions"}],"wp:featuredmedia":[{"embeddable":true,"href":"https:\/\/arantv.az\/index.php?rest_route=\/wp\/v2\/media\/108245"}],"wp:attachment":[{"href":"https:\/\/arantv.az\/index.php?rest_route=%2Fwp%2Fv2%2Fmedia&parent=108244"}],"wp:term":[{"taxonomy":"category","embeddable":true,"href":"https:\/\/arantv.az\/index.php?rest_route=%2Fwp%2Fv2%2Fcategories&post=108244"},{"taxonomy":"post_tag","embeddable":true,"href":"https:\/\/arantv.az\/index.php?rest_route=%2Fwp%2Fv2%2Ftags&post=108244"}],"curies":[{"name":"wp","href":"https:\/\/api.w.org\/{rel}","templated":true}]}}