{"id":108269,"date":"2019-12-17T10:08:24","date_gmt":"2019-12-17T07:08:24","guid":{"rendered":"http:\/\/arantv.az\/?p=108269"},"modified":"2019-12-17T10:08:24","modified_gmt":"2019-12-17T07:08:24","slug":"nazird%c9%99n-torpaq-v%c9%99-su-ehtiyatlari-il%c9%99-bagli-cagiris","status":"publish","type":"post","link":"https:\/\/arantv.az\/?p=108269","title":{"rendered":"Nazird\u0259n torpaq v\u0259 su ehtiyatlar\u0131 il\u0259 ba\u011fl\u0131 \u00c7A\u011eIRI\u015e"},"content":{"rendered":"<p>Bu g\u00fcn ya\u011f\u0131nt\u0131lar\u0131n qeyri-b\u0259rab\u0259r olmas\u0131, quraql\u0131\u011f\u0131n artmas\u0131 m\u0259hdud olan torpaq v\u0259 su ehtiyatlar\u0131n\u0131 daha da s\u0259m\u0259r\u0259li istifad\u0259ni z\u0259ruri edir.<\/p>\n<p><b>ARANTV.AZ<\/b>-\u0131n m\u0259lumat\u0131na g\u00f6r\u0259, bunu K\u0259nd T\u0259s\u0259rr\u00fcfat\u0131 naziri \u0130nam K\u0259rimov Az\u0259rbaycanda \u0259rzaq v\u0259 k\u0259nd t\u0259s\u0259rr\u00fcfat\u0131nda D\u0130M-l\u0259rin yerin\u0259 yetirilm\u0259sind\u0259 \u00f6z\u0259l sektorun c\u0259lb olunmas\u0131 v\u0259 investisiya f\u0259all\u0131\u011f\u0131n\u0131n t\u0259min edilm\u0259si Milli Seminar\u0131nda deyib.<\/p>\n<p>O bildirib ki, bu m\u0259qs\u0259dl\u0259 d\u00f6vl\u0259t t\u0259r\u0259find\u0259n kompleks t\u0259dbirl\u0259r h\u0259yata ke\u00e7irilir.<\/p>\n<p>Nazirin s\u00f6zl\u0259rin\u0259 g\u00f6r\u0259, aidiyy\u0259ti d\u00f6vl\u0259t orqanlar\u0131, o c\u00fcml\u0259d\u0259n, Ekologiya v\u0259 T\u0259bii S\u0259rv\u0259tl\u0259r Nazirliyi, Qida T\u0259hl\u00fck\u0259sizliyi Agentliyi m\u00fcvafiq t\u0259dbirl\u0259r plan\u0131 m\u00fc\u0259yy\u0259nl\u0259\u015fdirir.<\/p>\n<p>\u0130.K\u0259rimov bildirib ki, o c\u00fcml\u0259d\u0259n, K\u0259nd T\u0259s\u0259rr\u00fcfat\u0131 Nazirliyi t\u0259r\u0259find\u0259n quraql\u0131\u011fa v\u0259 x\u0259st\u0259liy\u0259 davaml\u0131 toxumalar\u0131n \u0259ld\u0259 edilm\u0259si istiqam\u0259tind\u0259 i\u015f apar\u0131l\u0131r:<\/p>\n<p>\u201cHaz\u0131rda m\u00fcasir toxum m\u00fc\u0259ssis\u0259l\u0259rinin yarad\u0131lmas\u0131 istiqam\u0259tind\u0259 i\u015f apar\u0131l\u0131r. K\u0259nd T\u0259s\u0259rr\u00fcfat\u0131 Nazirliyinin tabeliyind\u0259 olan elmi-t\u0259dqiqat institutlar\u0131 t\u0259kmill\u0259\u015fdirilmi\u015f toxum sortlar\u0131 yarad\u0131b. Toxum sortlar\u0131n\u0131n yarad\u0131lmas\u0131n\u0131n \u0259sas m\u0259qs\u0259di y\u00fcks\u0259k m\u0259hsuldarl\u0131q \u0259ld\u0259 etm\u0259kdir\u201d.\u00a0Oxu.Az<\/p>\n","protected":false},"excerpt":{"rendered":"<p>Bu g\u00fcn ya\u011f\u0131nt\u0131lar\u0131n qeyri-b\u0259rab\u0259r olmas\u0131, quraql\u0131\u011f\u0131n artmas\u0131 m\u0259hdud olan torpaq v\u0259 su ehtiyatlar\u0131n\u0131 daha da s\u0259m\u0259r\u0259li istifad\u0259ni z\u0259ruri edir. ARANTV.AZ-\u0131n m\u0259lumat\u0131na g\u00f6r\u0259, bunu K\u0259nd T\u0259s\u0259rr\u00fcfat\u0131 naziri \u0130nam K\u0259rimov Az\u0259rbaycanda \u0259rzaq v\u0259 k\u0259nd t\u0259s\u0259rr\u00fcfat\u0131nda D\u0130M-l\u0259rin yerin\u0259 yetirilm\u0259sind\u0259 \u00f6z\u0259l sektorun c\u0259lb olunmas\u0131 v\u0259 investisiya f\u0259all\u0131\u011f\u0131n\u0131n t\u0259min edilm\u0259si Milli Seminar\u0131nda deyib. O bildirib ki, bu m\u0259qs\u0259dl\u0259 d\u00f6vl\u0259t t\u0259r\u0259find\u0259n kompleks t\u0259dbirl\u0259r h\u0259yata ke\u00e7irilir. Nazirin s\u00f6zl\u0259rin\u0259 g\u00f6r\u0259, aidiyy\u0259ti d\u00f6vl\u0259t orqanlar\u0131, o c\u00fcml\u0259d\u0259n, Ekologiya v\u0259 T\u0259bii S\u0259rv\u0259tl\u0259r Nazirliyi, Qida T\u0259hl\u00fck\u0259sizliyi Agentliyi m\u00fcvafiq t\u0259dbirl\u0259r plan\u0131 m\u00fc\u0259yy\u0259nl\u0259\u015fdirir. \u0130.K\u0259rimov bildirib ki, o c\u00fcml\u0259d\u0259n, K\u0259nd T\u0259s\u0259rr\u00fcfat\u0131 Nazirliyi t\u0259r\u0259find\u0259n quraql\u0131\u011fa v\u0259&hellip;<\/p>\n","protected":false},"author":2,"featured_media":108270,"comment_status":"closed","ping_status":"closed","sticky":false,"template":"","format":"standard","meta":{"om_disable_all_campaigns":false,"_monsterinsights_skip_tracking":false,"_monsterinsights_sitenote_active":false,"_monsterinsights_sitenote_note":"","_monsterinsights_sitenote_category":0},"categories":[1],"tags":[],"aioseo_notices":[],"gutentor_comment":0,"rttpg_featured_image_url":{"full":["https:\/\/arantv.az\/wp-content\/uploads\/2019\/12\/inam.jpg",620,413,false],"landscape":["https:\/\/arantv.az\/wp-content\/uploads\/2019\/12\/inam.jpg",620,413,false],"portraits":["https:\/\/arantv.az\/wp-content\/uploads\/2019\/12\/inam.jpg",620,413,false],"thumbnail":["https:\/\/arantv.az\/wp-content\/uploads\/2019\/12\/inam-150x150.jpg",150,150,true],"medium":["https:\/\/arantv.az\/wp-content\/uploads\/2019\/12\/inam-300x200.jpg",300,200,true],"large":["https:\/\/arantv.az\/wp-content\/uploads\/2019\/12\/inam.jpg",620,413,false],"1536x1536":["https:\/\/arantv.az\/wp-content\/uploads\/2019\/12\/inam.jpg",620,413,false],"2048x2048":["https:\/\/arantv.az\/wp-content\/uploads\/2019\/12\/inam.jpg",620,413,false],"post-thumbnail":["https:\/\/arantv.az\/wp-content\/uploads\/2019\/12\/inam-240x172.jpg",240,172,true],"advps-thumb-one":["https:\/\/arantv.az\/wp-content\/uploads\/2019\/12\/inam.jpg",620,413,false]},"rttpg_author":{"display_name":"V\u00fcsal Rafiqo\u011flu","author_link":"https:\/\/arantv.az\/?author=2"},"rttpg_comment":0,"rttpg_category":"<a href=\"https:\/\/arantv.az\/?cat=1\" rel=\"category\">C\u0259miyy\u0259t<\/a>","rttpg_excerpt":"Bu g\u00fcn ya\u011f\u0131nt\u0131lar\u0131n qeyri-b\u0259rab\u0259r olmas\u0131, quraql\u0131\u011f\u0131n artmas\u0131 m\u0259hdud olan torpaq v\u0259 su ehtiyatlar\u0131n\u0131 daha da s\u0259m\u0259r\u0259li istifad\u0259ni z\u0259ruri edir. ARANTV.AZ-\u0131n m\u0259lumat\u0131na g\u00f6r\u0259, bunu K\u0259nd T\u0259s\u0259rr\u00fcfat\u0131 naziri \u0130nam K\u0259rimov Az\u0259rbaycanda \u0259rzaq v\u0259 k\u0259nd t\u0259s\u0259rr\u00fcfat\u0131nda D\u0130M-l\u0259rin yerin\u0259 yetirilm\u0259sind\u0259 \u00f6z\u0259l sektorun c\u0259lb olunmas\u0131 v\u0259 investisiya f\u0259all\u0131\u011f\u0131n\u0131n t\u0259min edilm\u0259si Milli Seminar\u0131nda deyib. O bildirib ki, bu m\u0259qs\u0259dl\u0259 d\u00f6vl\u0259t t\u0259r\u0259find\u0259n&hellip;","_links":{"self":[{"href":"https:\/\/arantv.az\/index.php?rest_route=\/wp\/v2\/posts\/108269"}],"collection":[{"href":"https:\/\/arantv.az\/index.php?rest_route=\/wp\/v2\/posts"}],"about":[{"href":"https:\/\/arantv.az\/index.php?rest_route=\/wp\/v2\/types\/post"}],"author":[{"embeddable":true,"href":"https:\/\/arantv.az\/index.php?rest_route=\/wp\/v2\/users\/2"}],"replies":[{"embeddable":true,"href":"https:\/\/arantv.az\/index.php?rest_route=%2Fwp%2Fv2%2Fcomments&post=108269"}],"version-history":[{"count":0,"href":"https:\/\/arantv.az\/index.php?rest_route=\/wp\/v2\/posts\/108269\/revisions"}],"wp:featuredmedia":[{"embeddable":true,"href":"https:\/\/arantv.az\/index.php?rest_route=\/wp\/v2\/media\/108270"}],"wp:attachment":[{"href":"https:\/\/arantv.az\/index.php?rest_route=%2Fwp%2Fv2%2Fmedia&parent=108269"}],"wp:term":[{"taxonomy":"category","embeddable":true,"href":"https:\/\/arantv.az\/index.php?rest_route=%2Fwp%2Fv2%2Fcategories&post=108269"},{"taxonomy":"post_tag","embeddable":true,"href":"https:\/\/arantv.az\/index.php?rest_route=%2Fwp%2Fv2%2Ftags&post=108269"}],"curies":[{"name":"wp","href":"https:\/\/api.w.org\/{rel}","templated":true}]}}