{"id":108281,"date":"2019-12-17T10:13:20","date_gmt":"2019-12-17T07:13:20","guid":{"rendered":"http:\/\/arantv.az\/?p=108281"},"modified":"2019-12-17T10:13:20","modified_gmt":"2019-12-17T07:13:20","slug":"ilham-%c9%99liyev-vladimir-zelenskini-qarsiladi","status":"publish","type":"post","link":"https:\/\/arantv.az\/?p=108281","title":{"rendered":"\u0130lham \u018fliyev Vladimir Zelenskini qar\u015f\u0131lad\u0131"},"content":{"rendered":"<p>Az\u0259rbaycan Respublikas\u0131nda r\u0259smi s\u0259f\u0259rd\u0259 olan Ukrayna Prezidenti Vladimir Zelenskinin dekabr\u0131n 17-d\u0259 r\u0259smi qar\u015f\u0131lanma m\u0259rasimi olub.<\/p>\n<p><strong>ARANTV.AZ<\/strong> x\u0259b\u0259r verir ki, h\u0259r iki \u00f6lk\u0259nin d\u00f6vl\u0259t bayraqlar\u0131n\u0131n dal\u011faland\u0131\u011f\u0131 meydanda Prezident Vladimir Zelenskinin \u015f\u0259r\u0259fin\u0259 f\u0259xri qarovul d\u0259st\u0259si d\u00fcz\u00fcl\u00fcb.<\/p>\n<p>Az\u0259rbaycan Prezidenti \u0130lham \u018fliyev Ukrayna Prezidenti Vladimir Zelenskini qar\u015f\u0131lay\u0131b.<\/p>\n<p>F\u0259xri qarovul d\u0259st\u0259sinin r\u0259isi Ukrayna Prezidentin\u0259 raport verib.<\/p>\n<p>Vladimir Zelenski Az\u0259rbaycan \u0259sg\u0259rl\u0259rini salamlay\u0131b.<\/p>\n<p>Prezidentl\u0259r f\u0259xri qarovul d\u0259st\u0259sinin qar\u015f\u0131s\u0131ndan ke\u00e7ibl\u0259r.<\/p>\n<p>Ukraynan\u0131n v\u0259 Az\u0259rbaycan\u0131n d\u00f6vl\u0259t himnl\u0259ri s\u0259sl\u0259nib.<\/p>\n<p>Az\u0259rbaycan\u0131n d\u00f6vl\u0259t v\u0259 h\u00f6kum\u0259t n\u00fcmay\u0259nd\u0259l\u0259ri Prezident Vladimir Zelenskiy\u0259, Ukrayna n\u00fcmay\u0259nd\u0259 hey\u0259tinin \u00fczvl\u0259ri Prezident \u0130lham \u018fliyev\u0259 t\u0259qdim olunub.<\/p>\n<p>F\u0259xri qarovul d\u0259st\u0259si h\u0259rbi mar\u015f\u0131n s\u0259dalar\u0131 alt\u0131nda Az\u0259rbaycan v\u0259 Ukrayna prezidentl\u0259rinin qar\u015f\u0131s\u0131ndan ke\u00e7ib.<\/p>\n<p>Prezidentl\u0259r r\u0259smi foto \u00e7\u0259kdiribl\u0259r.AZ\u018fRTAC<\/p>\n","protected":false},"excerpt":{"rendered":"<p>Az\u0259rbaycan Respublikas\u0131nda r\u0259smi s\u0259f\u0259rd\u0259 olan Ukrayna Prezidenti Vladimir Zelenskinin dekabr\u0131n 17-d\u0259 r\u0259smi qar\u015f\u0131lanma m\u0259rasimi olub. ARANTV.AZ x\u0259b\u0259r verir ki, h\u0259r iki \u00f6lk\u0259nin d\u00f6vl\u0259t bayraqlar\u0131n\u0131n dal\u011faland\u0131\u011f\u0131 meydanda Prezident Vladimir Zelenskinin \u015f\u0259r\u0259fin\u0259 f\u0259xri qarovul d\u0259st\u0259si d\u00fcz\u00fcl\u00fcb. Az\u0259rbaycan Prezidenti \u0130lham \u018fliyev Ukrayna Prezidenti Vladimir Zelenskini qar\u015f\u0131lay\u0131b. F\u0259xri qarovul d\u0259st\u0259sinin r\u0259isi Ukrayna Prezidentin\u0259 raport verib. Vladimir Zelenski Az\u0259rbaycan \u0259sg\u0259rl\u0259rini salamlay\u0131b. Prezidentl\u0259r f\u0259xri qarovul d\u0259st\u0259sinin qar\u015f\u0131s\u0131ndan ke\u00e7ibl\u0259r. Ukraynan\u0131n v\u0259 Az\u0259rbaycan\u0131n d\u00f6vl\u0259t himnl\u0259ri s\u0259sl\u0259nib. Az\u0259rbaycan\u0131n d\u00f6vl\u0259t v\u0259 h\u00f6kum\u0259t n\u00fcmay\u0259nd\u0259l\u0259ri Prezident Vladimir Zelenskiy\u0259, Ukrayna n\u00fcmay\u0259nd\u0259 hey\u0259tinin \u00fczvl\u0259ri Prezident \u0130lham \u018fliyev\u0259 t\u0259qdim olunub. F\u0259xri qarovul d\u0259st\u0259si h\u0259rbi mar\u015f\u0131n&hellip;<\/p>\n","protected":false},"author":2,"featured_media":108282,"comment_status":"closed","ping_status":"closed","sticky":false,"template":"","format":"standard","meta":{"om_disable_all_campaigns":false,"_monsterinsights_skip_tracking":false,"_monsterinsights_sitenote_active":false,"_monsterinsights_sitenote_note":"","_monsterinsights_sitenote_category":0},"categories":[4],"tags":[],"aioseo_notices":[],"gutentor_comment":0,"rttpg_featured_image_url":{"full":["https:\/\/arantv.az\/wp-content\/uploads\/2019\/12\/RTSQE49-785x487.jpg",620,385,false],"landscape":["https:\/\/arantv.az\/wp-content\/uploads\/2019\/12\/RTSQE49-785x487.jpg",620,385,false],"portraits":["https:\/\/arantv.az\/wp-content\/uploads\/2019\/12\/RTSQE49-785x487.jpg",620,385,false],"thumbnail":["https:\/\/arantv.az\/wp-content\/uploads\/2019\/12\/RTSQE49-785x487-150x150.jpg",150,150,true],"medium":["https:\/\/arantv.az\/wp-content\/uploads\/2019\/12\/RTSQE49-785x487-300x186.jpg",300,186,true],"large":["https:\/\/arantv.az\/wp-content\/uploads\/2019\/12\/RTSQE49-785x487.jpg",620,385,false],"1536x1536":["https:\/\/arantv.az\/wp-content\/uploads\/2019\/12\/RTSQE49-785x487.jpg",620,385,false],"2048x2048":["https:\/\/arantv.az\/wp-content\/uploads\/2019\/12\/RTSQE49-785x487.jpg",620,385,false],"post-thumbnail":["https:\/\/arantv.az\/wp-content\/uploads\/2019\/12\/RTSQE49-785x487-240x172.jpg",240,172,true],"advps-thumb-one":["https:\/\/arantv.az\/wp-content\/uploads\/2019\/12\/RTSQE49-785x487.jpg",620,385,false]},"rttpg_author":{"display_name":"V\u00fcsal Rafiqo\u011flu","author_link":"https:\/\/arantv.az\/?author=2"},"rttpg_comment":0,"rttpg_category":"<a href=\"https:\/\/arantv.az\/?cat=4\" rel=\"category\">Siyas\u0259t<\/a>","rttpg_excerpt":"Az\u0259rbaycan Respublikas\u0131nda r\u0259smi s\u0259f\u0259rd\u0259 olan Ukrayna Prezidenti Vladimir Zelenskinin dekabr\u0131n 17-d\u0259 r\u0259smi qar\u015f\u0131lanma m\u0259rasimi olub. ARANTV.AZ x\u0259b\u0259r verir ki, h\u0259r iki \u00f6lk\u0259nin d\u00f6vl\u0259t bayraqlar\u0131n\u0131n dal\u011faland\u0131\u011f\u0131 meydanda Prezident Vladimir Zelenskinin \u015f\u0259r\u0259fin\u0259 f\u0259xri qarovul d\u0259st\u0259si d\u00fcz\u00fcl\u00fcb. Az\u0259rbaycan Prezidenti \u0130lham \u018fliyev Ukrayna Prezidenti Vladimir Zelenskini qar\u015f\u0131lay\u0131b. F\u0259xri qarovul d\u0259st\u0259sinin r\u0259isi Ukrayna Prezidentin\u0259 raport verib. Vladimir Zelenski Az\u0259rbaycan \u0259sg\u0259rl\u0259rini&hellip;","_links":{"self":[{"href":"https:\/\/arantv.az\/index.php?rest_route=\/wp\/v2\/posts\/108281"}],"collection":[{"href":"https:\/\/arantv.az\/index.php?rest_route=\/wp\/v2\/posts"}],"about":[{"href":"https:\/\/arantv.az\/index.php?rest_route=\/wp\/v2\/types\/post"}],"author":[{"embeddable":true,"href":"https:\/\/arantv.az\/index.php?rest_route=\/wp\/v2\/users\/2"}],"replies":[{"embeddable":true,"href":"https:\/\/arantv.az\/index.php?rest_route=%2Fwp%2Fv2%2Fcomments&post=108281"}],"version-history":[{"count":0,"href":"https:\/\/arantv.az\/index.php?rest_route=\/wp\/v2\/posts\/108281\/revisions"}],"wp:featuredmedia":[{"embeddable":true,"href":"https:\/\/arantv.az\/index.php?rest_route=\/wp\/v2\/media\/108282"}],"wp:attachment":[{"href":"https:\/\/arantv.az\/index.php?rest_route=%2Fwp%2Fv2%2Fmedia&parent=108281"}],"wp:term":[{"taxonomy":"category","embeddable":true,"href":"https:\/\/arantv.az\/index.php?rest_route=%2Fwp%2Fv2%2Fcategories&post=108281"},{"taxonomy":"post_tag","embeddable":true,"href":"https:\/\/arantv.az\/index.php?rest_route=%2Fwp%2Fv2%2Ftags&post=108281"}],"curies":[{"name":"wp","href":"https:\/\/api.w.org\/{rel}","templated":true}]}}