{"id":108293,"date":"2019-12-17T10:17:02","date_gmt":"2019-12-17T07:17:02","guid":{"rendered":"http:\/\/arantv.az\/?p=108293"},"modified":"2019-12-17T10:17:02","modified_gmt":"2019-12-17T07:17:02","slug":"islahatlar-ili-2019-nec%c9%99-yadda-qaldi-icmal","status":"publish","type":"post","link":"https:\/\/arantv.az\/?p=108293","title":{"rendered":"\u0130slahatlar ili: 2019 nec\u0259 yadda qald\u0131? &#8211; \u0130CMAL"},"content":{"rendered":"<p>Art\u0131q 2019-cu ilin tarix\u0259 qovu\u015fmas\u0131na say\u0131l\u0131 g\u00fcnl\u0259r qal\u0131b.<\/p>\n<p>G\u0259lin, birlikd\u0259 bu il \u0259rzind\u0259 v\u0259zif\u0259sind\u0259n azad edil\u0259n v\u0259 yeni t\u0259yinatlarla ba\u011fl\u0131 m\u0259s\u0259l\u0259l\u0259r\u0259 n\u0259z\u0259r salaq.<\/p>\n<p>2019-cu ilin yanvar\u0131n 15-d\u0259 Az\u0259rbaycan Prezidenti \u0130lham \u018fliyevin imzalad\u0131\u011f\u0131 s\u0259r\u0259ncama \u0259sas\u0259n, Arif Nizam o\u011flu Al\u0131\u015fanov \u201cAz\u0259rbaycan Televiziya v\u0259 Radio Verili\u015fl\u0259ri\u201d Qapal\u0131 S\u0259hmdar C\u0259miyy\u0259tinin s\u0259dri v\u0259zif\u0259sind\u0259n azad edilib.<\/p>\n<blockquote>\n<div><em><strong>Oxu:\u00a0<a href=\"https:\/\/oxu.az\/politics\/294263\" target=\"_blank\" rel=\"noopener\">Prezident AzTV-nin s\u0259drini v\u0259zif\u0259sind\u0259n azad etdi<\/a><\/strong><\/em><\/div>\n<\/blockquote>\n<p>AzTV s\u0259dri v\u0259zif\u0259sinin icras\u0131 jurnalist R\u00f6v\u015f\u0259n M\u0259mm\u0259dova tap\u015f\u0131r\u0131l\u0131b. Bu ilin sentyabr\u0131n 4-d\u0259 \u0130lham \u018fliyevin s\u0259r\u0259ncam\u0131 il\u0259 R\u00f6v\u015f\u0259n Raqif o\u011flu M\u0259mm\u0259dov \u201cAz\u0259rbaycan Televiziya v\u0259 Radio Verili\u015fl\u0259ri\u201d Qapal\u0131 S\u0259hmdar C\u0259miyy\u0259tinin s\u0259dri t\u0259yin edilib.<\/p>\n<p>\u0130lin alt\u0131nc\u0131 ay\u0131 da yaddaqalan hadis\u0259l\u0259rl\u0259 ba\u011fl\u0131 olub.<\/p>\n<p>\u0130yunun 20-d\u0259 Prezident s\u0259r\u0259ncam\u0131 il\u0259 Ramil Usubov Az\u0259rbaycan\u0131n Daxili \u0130\u015fl\u0259r naziri v\u0259zif\u0259sind\u0259n azad edilib v\u0259 bu v\u0259zif\u0259y\u0259 Vilay\u0259t Eyvazov g\u0259tirilib.<\/p>\n<p>Qeyd ed\u0259k ki, R.Usubov 25 il bu postda xidm\u0259t edib.<\/p>\n<blockquote>\n<div><em><strong>Oxu:\u00a0<a href=\"https:\/\/oxu.az\/politics\/317559\" target=\"_blank\" rel=\"noopener\">Ramil Usubov nazir v\u0259zif\u0259sind\u0259n azad edildi &#8211; Yeni y\u00fcks\u0259k v\u0259zif\u0259y\u0259 t\u0259yin olundu<\/a><\/strong><\/em><\/div>\n<\/blockquote>\n<p>\u00d6lk\u0259 ba\u015f\u00e7\u0131s\u0131n\u0131n dig\u0259r s\u0259r\u0259ncam\u0131 il\u0259 R.Usubov Az\u0259rbaycan Respublikas\u0131n\u0131n Prezidenti yan\u0131nda T\u0259hl\u00fck\u0259sizlik \u015euras\u0131n\u0131n katibi t\u0259yin edilib.<\/p>\n<p>\u0130yun 20-d\u0259 \u0130lham \u018fliyevin s\u0259r\u0259ncam\u0131 il\u0259 general-polkovnik M\u0259d\u0259t Quliyev D\u00f6vl\u0259t T\u0259hl\u00fck\u0259sizliyi Xidm\u0259tinin r\u0259isi v\u0259zif\u0259sind\u0259n azad edil\u0259r\u0259k, M\u00fcdafi\u0259 S\u0259nayesi naziri t\u0259yin olunub, DTX-nin r\u0259isi\u00a0 v\u0259zif\u0259sin\u0259 is\u0259 \u018fli Na\u011f\u0131 o\u011flu Na\u011f\u0131yev t\u0259yinat al\u0131b.<\/p>\n<p>Oktyabr\u0131n 8-d\u0259 Milli M\u0259clisin iclas\u0131nda \u018fli \u018fs\u0259dovun Ba\u015f nazir t\u0259yin edilm\u0259sin\u0259 raz\u0131l\u0131q verilm\u0259si m\u0259s\u0259l\u0259sin\u0259 bax\u0131l\u0131b v\u0259 m\u0259s\u0259l\u0259 s\u0259s\u0259 qoyularaq q\u0259bul edilib. Bu vaxta q\u0259d\u0259r is\u0259 Ba\u015f nazir Novruz M\u0259mm\u0259dov idi.<\/p>\n<blockquote>\n<div><em><strong>Oxu:\u00a0<a href=\"https:\/\/oxu.az\/politics\/336193\" target=\"_blank\" rel=\"noopener\">Az\u0259rbaycan\u0131n yeni Ba\u015f naziri t\u0259sdiql\u0259ndi<\/a><\/strong><\/em><\/div>\n<\/blockquote>\n<p>N.M\u0259mm\u0259dov bu v\u0259zif\u0259y\u0259 2018-ci ilin aprel ay\u0131nda ke\u00e7iril\u0259n se\u00e7kil\u0259rd\u0259n sonra t\u0259yin olunmu\u015fdu. O, v\u0259zif\u0259sind\u0259n azad edilm\u0259si \u00fc\u00e7\u00fcn Prezident \u0130lham \u018fliyev\u0259 \u0259riz\u0259 il\u0259 m\u00fcraci\u0259t edib.<\/p>\n<p>Az\u0259rbaycan Prezidenti \u0130lham \u018fliyev \u00f6lk\u0259d\u0259 apar\u0131lan islahatlar\u0131n bir hiss\u0259si olaraq, d\u00f6vl\u0259t strukturlar\u0131nda kadrlar\u0131n yenil\u0259nm\u0259sini z\u0259ruri hesab edir.<\/p>\n<p>D\u00f6vl\u0259t ba\u015f\u00e7\u0131s\u0131 oktyabr\u0131n 21-d\u0259 ya\u015f\u0131 70-d\u0259n \u00e7ox olan Az\u0259rbaycan Ba\u015f nazirinin m\u00fcavinl\u0259ri \u018fli H\u0259s\u0259nov v\u0259 Hac\u0131bala Abutal\u0131bovu v\u0259zif\u0259sind\u0259n azad edib. H\u0259r iki v\u0259zif\u0259li \u015f\u0259xs \u00f6lk\u0259nin Ba\u015f nazirinin m\u00fcavini v\u0259zif\u0259sind\u0259n azad edilm\u0259si \u00fc\u00e7\u00fcn \u0259riz\u0259 il\u0259 m\u00fcraci\u0259t edib.<\/p>\n<p>\u0130.\u018fliyevin oktyabr\u0131n 22-d\u0259 \u015eahin Mustafayevin \u0130qtisadiyyat naziri v\u0259zif\u0259sind\u0259n azad edilm\u0259si v\u0259 Ba\u015f Nazirin m\u00fcavini t\u0259yin olunmas\u0131 il\u0259 \u0259laq\u0259dar s\u0259r\u0259ncam imzalay\u0131b.<\/p>\n<p>\u018fli H\u0259s\u0259nov v\u0259 Hac\u0131bala Abutal\u0131bovdan sonra g\u0259l\u0259n ilin fevral ay\u0131nda 86 ya\u015f\u0131 tamam olacaq Az\u0259rbaycan Milli Elml\u0259r Akademiyas\u0131n\u0131n (AMEA) Prezidenti Akif \u018flizad\u0259 v\u0259zif\u0259sind\u0259n istefa verib.<\/p>\n<p>Oktyabr\u0131n 23-d\u0259 \u0130lham \u018fliyev Ramiz \u018fnv\u0259r o\u011flu Mehdiyevin Az\u0259rbaycan Respublikas\u0131 Prezidentinin Administrasiyas\u0131n\u0131n r\u0259hb\u0259ri v\u0259zif\u0259sind\u0259n azad olunmas\u0131 il\u0259 ba\u011fl\u0131 s\u0259r\u0259ncam imzalay\u0131b.<\/p>\n<blockquote>\n<div><em><strong>Oxu:\u00a0<a href=\"https:\/\/oxu.az\/politics\/338943\" target=\"_blank\" rel=\"noopener\">\u0130lham \u018fliyev Ramiz Mehdiyevi v\u0259zif\u0259sind\u0259n azad etdi<\/a><\/strong><\/em><\/div>\n<\/blockquote>\n<p>O, Az\u0259rbaycan Milli Elml\u0259r Akademiyas\u0131n\u0131n Prezidenti v\u0259zif\u0259sin\u0259 t\u0259sdiq edilib.<\/p>\n<p>Az\u0259rbaycan Respublikas\u0131 Prezidentinin Administrasiyas\u0131n\u0131n r\u0259hb\u0259ri v\u0259zif\u0259sin\u0259 is\u0259 Samir Nuriyev t\u0259yinat al\u0131b.<\/p>\n<p>Qeyd ed\u0259k ki, oktyabr\u0131n 23-d\u0259 Az\u0259rbaycan Prezidenti \u0130lham \u018fliyevin m\u00fcvafiq s\u0259r\u0259ncam\u0131 il\u0259 Mikay\u0131l Cabbarov Vergil\u0259r naziri v\u0259zif\u0259sind\u0259n azad edil\u0259r\u0259k, \u0130qtisadiyyat naziri t\u0259yin olunub.<\/p>\n<p>Bu il bir s\u0131ra icra ba\u015f\u00e7\u0131lar\u0131n\u0131n i\u015fd\u0259n \u00e7\u0131xar\u0131lmas\u0131 v\u0259 yeni t\u0259yinatlar\u0131 da olub.<\/p>\n<p>Xa\u00e7maz\u0131n icra ba\u015f\u00e7\u0131s\u0131 \u015e\u0259ms\u0259ddin Xanbabayev d\u0259 istefa \u0259riz\u0259si ver\u0259nl\u0259r siyah\u0131s\u0131nda olub.<\/p>\n<p>Prezident oktyabr\u0131n 31-d\u0259 \u015e.Xanbabayevin icra ba\u015f\u00e7\u0131s\u0131 v\u0259zif\u0259sind\u0259n azad edilm\u0259si haqq\u0131nda s\u0259r\u0259ncam imzalay\u0131b. D\u00f6vl\u0259t ba\u015f\u00e7\u0131s\u0131n\u0131n dig\u0259r s\u0259r\u0259ncam\u0131 il\u0259 Elnur \u015eahbaz o\u011flu Rzayev Xa\u00e7maz Rayon \u0130cra Hakimiyy\u0259tinin ba\u015f\u00e7\u0131s\u0131 t\u0259yin olunub.<\/p>\n<p>Noyabr\u0131n 29-da Milli M\u0259clisin iclas\u0131nda \u0130nsan h\u00fcquqlar\u0131 \u00fczr\u0259 m\u00fcv\u0259kkilinin (Ombudsman\u0131n) se\u00e7ilm\u0259si haqq\u0131nda m\u0259s\u0259l\u0259y\u0259 bax\u0131l\u0131b. Konstitusiya M\u0259hk\u0259m\u0259si Aparat r\u0259hb\u0259rinin m\u00fcavini S\u0259bin\u0259 \u018fliyeva Ombudsman se\u00e7ilib.<\/p>\n<p>Qeyd ed\u0259k ki, ke\u00e7mi\u015f \u0130nsan h\u00fcquqlar\u0131 \u00fczr\u0259 m\u00fcv\u0259kkil (Ombudsman) Elmira S\u00fcleymanovan\u0131n da 81 ya\u015f\u0131 var.<\/p>\n<p>Eyni zamanda, qeyd etm\u0259liyik ki, bu g\u00fcn h\u00f6kum\u0259td\u0259 v\u0259 dig\u0259r d\u00f6vl\u0259t qurumlar\u0131nda h\u0259l\u0259 70 ya\u015fdan yuxar\u0131 m\u0259murlar var.<\/p>\n<blockquote>\n<div><em><strong>Oxu:\u00a0<a href=\"https:\/\/oxu.az\/politics\/345994\" target=\"_blank\" rel=\"noopener\">Prezident \u018fli H\u0259s\u0259novu v\u0259zif\u0259sind\u0259n azad etdi &#8211; S\u018fR\u018fNCAM\u00a0<\/a><\/strong><\/em><\/div>\n<\/blockquote>\n<p>Noyabr\u0131n 29-da \u0130lham \u018fliyev \u018fli H\u0259s\u0259novun Az\u0259rbaycan Respublikas\u0131 Prezidentinin ictimai-siyasi m\u0259s\u0259l\u0259l\u0259r \u00fczr\u0259 k\u00f6m\u0259k\u00e7isi &#8211; \u015f\u00f6b\u0259 m\u00fcdiri v\u0259zif\u0259sind\u0259n azad edilm\u0259si haqq\u0131nda s\u0259r\u0259ncam imzalay\u0131b.<\/p>\n<p>Az\u0259rbaycan Respublikas\u0131 Prezidentinin Administrasiyas\u0131n\u0131n strukturu t\u0259sdiq olunub.<\/p>\n<p>H\u0259min strukturla\u00a0 bu\u00a0<a href=\"https:\/\/president.az\/administration\/structure\" target=\"_blank\" rel=\"noopener\">linkd\u0259<\/a>\u00a0tan\u0131\u015f ola bil\u0259rsiniz.<\/p>\n","protected":false},"excerpt":{"rendered":"<p>Art\u0131q 2019-cu ilin tarix\u0259 qovu\u015fmas\u0131na say\u0131l\u0131 g\u00fcnl\u0259r qal\u0131b. G\u0259lin, birlikd\u0259 bu il \u0259rzind\u0259 v\u0259zif\u0259sind\u0259n azad edil\u0259n v\u0259 yeni t\u0259yinatlarla ba\u011fl\u0131 m\u0259s\u0259l\u0259l\u0259r\u0259 n\u0259z\u0259r salaq. 2019-cu ilin yanvar\u0131n 15-d\u0259 Az\u0259rbaycan Prezidenti \u0130lham \u018fliyevin imzalad\u0131\u011f\u0131 s\u0259r\u0259ncama \u0259sas\u0259n, Arif Nizam o\u011flu Al\u0131\u015fanov \u201cAz\u0259rbaycan Televiziya v\u0259 Radio Verili\u015fl\u0259ri\u201d Qapal\u0131 S\u0259hmdar C\u0259miyy\u0259tinin s\u0259dri v\u0259zif\u0259sind\u0259n azad edilib. Oxu:\u00a0Prezident AzTV-nin s\u0259drini v\u0259zif\u0259sind\u0259n azad etdi AzTV s\u0259dri v\u0259zif\u0259sinin icras\u0131 jurnalist R\u00f6v\u015f\u0259n M\u0259mm\u0259dova tap\u015f\u0131r\u0131l\u0131b. Bu ilin sentyabr\u0131n 4-d\u0259 \u0130lham \u018fliyevin s\u0259r\u0259ncam\u0131 il\u0259 R\u00f6v\u015f\u0259n Raqif o\u011flu M\u0259mm\u0259dov \u201cAz\u0259rbaycan Televiziya v\u0259 Radio Verili\u015fl\u0259ri\u201d Qapal\u0131 S\u0259hmdar C\u0259miyy\u0259tinin s\u0259dri t\u0259yin edilib. \u0130lin alt\u0131nc\u0131 ay\u0131&hellip;<\/p>\n","protected":false},"author":2,"featured_media":108294,"comment_status":"closed","ping_status":"closed","sticky":false,"template":"","format":"standard","meta":{"om_disable_all_campaigns":false,"_monsterinsights_skip_tracking":false,"_monsterinsights_sitenote_active":false,"_monsterinsights_sitenote_note":"","_monsterinsights_sitenote_category":0},"categories":[4],"tags":[],"aioseo_notices":[],"gutentor_comment":0,"rttpg_featured_image_url":{"full":["https:\/\/arantv.az\/wp-content\/uploads\/2019\/12\/853637652736f983e350408816721578__1572868804.jpg",620,372,false],"landscape":["https:\/\/arantv.az\/wp-content\/uploads\/2019\/12\/853637652736f983e350408816721578__1572868804.jpg",620,372,false],"portraits":["https:\/\/arantv.az\/wp-content\/uploads\/2019\/12\/853637652736f983e350408816721578__1572868804.jpg",620,372,false],"thumbnail":["https:\/\/arantv.az\/wp-content\/uploads\/2019\/12\/853637652736f983e350408816721578__1572868804-150x150.jpg",150,150,true],"medium":["https:\/\/arantv.az\/wp-content\/uploads\/2019\/12\/853637652736f983e350408816721578__1572868804-300x180.jpg",300,180,true],"large":["https:\/\/arantv.az\/wp-content\/uploads\/2019\/12\/853637652736f983e350408816721578__1572868804.jpg",620,372,false],"1536x1536":["https:\/\/arantv.az\/wp-content\/uploads\/2019\/12\/853637652736f983e350408816721578__1572868804.jpg",620,372,false],"2048x2048":["https:\/\/arantv.az\/wp-content\/uploads\/2019\/12\/853637652736f983e350408816721578__1572868804.jpg",620,372,false],"post-thumbnail":["https:\/\/arantv.az\/wp-content\/uploads\/2019\/12\/853637652736f983e350408816721578__1572868804-240x172.jpg",240,172,true],"advps-thumb-one":["https:\/\/arantv.az\/wp-content\/uploads\/2019\/12\/853637652736f983e350408816721578__1572868804.jpg",620,372,false]},"rttpg_author":{"display_name":"V\u00fcsal Rafiqo\u011flu","author_link":"https:\/\/arantv.az\/?author=2"},"rttpg_comment":0,"rttpg_category":"<a href=\"https:\/\/arantv.az\/?cat=4\" rel=\"category\">Siyas\u0259t<\/a>","rttpg_excerpt":"Art\u0131q 2019-cu ilin tarix\u0259 qovu\u015fmas\u0131na say\u0131l\u0131 g\u00fcnl\u0259r qal\u0131b. G\u0259lin, birlikd\u0259 bu il \u0259rzind\u0259 v\u0259zif\u0259sind\u0259n azad edil\u0259n v\u0259 yeni t\u0259yinatlarla ba\u011fl\u0131 m\u0259s\u0259l\u0259l\u0259r\u0259 n\u0259z\u0259r salaq. 2019-cu ilin yanvar\u0131n 15-d\u0259 Az\u0259rbaycan Prezidenti \u0130lham \u018fliyevin imzalad\u0131\u011f\u0131 s\u0259r\u0259ncama \u0259sas\u0259n, Arif Nizam o\u011flu Al\u0131\u015fanov \u201cAz\u0259rbaycan Televiziya v\u0259 Radio Verili\u015fl\u0259ri\u201d Qapal\u0131 S\u0259hmdar C\u0259miyy\u0259tinin s\u0259dri v\u0259zif\u0259sind\u0259n azad edilib. Oxu:\u00a0Prezident AzTV-nin s\u0259drini v\u0259zif\u0259sind\u0259n azad&hellip;","_links":{"self":[{"href":"https:\/\/arantv.az\/index.php?rest_route=\/wp\/v2\/posts\/108293"}],"collection":[{"href":"https:\/\/arantv.az\/index.php?rest_route=\/wp\/v2\/posts"}],"about":[{"href":"https:\/\/arantv.az\/index.php?rest_route=\/wp\/v2\/types\/post"}],"author":[{"embeddable":true,"href":"https:\/\/arantv.az\/index.php?rest_route=\/wp\/v2\/users\/2"}],"replies":[{"embeddable":true,"href":"https:\/\/arantv.az\/index.php?rest_route=%2Fwp%2Fv2%2Fcomments&post=108293"}],"version-history":[{"count":0,"href":"https:\/\/arantv.az\/index.php?rest_route=\/wp\/v2\/posts\/108293\/revisions"}],"wp:featuredmedia":[{"embeddable":true,"href":"https:\/\/arantv.az\/index.php?rest_route=\/wp\/v2\/media\/108294"}],"wp:attachment":[{"href":"https:\/\/arantv.az\/index.php?rest_route=%2Fwp%2Fv2%2Fmedia&parent=108293"}],"wp:term":[{"taxonomy":"category","embeddable":true,"href":"https:\/\/arantv.az\/index.php?rest_route=%2Fwp%2Fv2%2Fcategories&post=108293"},{"taxonomy":"post_tag","embeddable":true,"href":"https:\/\/arantv.az\/index.php?rest_route=%2Fwp%2Fv2%2Ftags&post=108293"}],"curies":[{"name":"wp","href":"https:\/\/api.w.org\/{rel}","templated":true}]}}