{"id":108297,"date":"2019-12-17T10:18:32","date_gmt":"2019-12-17T07:18:32","guid":{"rendered":"http:\/\/arantv.az\/?p=108297"},"modified":"2019-12-17T10:18:32","modified_gmt":"2019-12-17T07:18:32","slug":"m%c9%99mm%c9%99d-musayev-sahibkarliq-iqtisadi-inkisaf-ucun-lokomotiv-rolunu-oynayir","status":"publish","type":"post","link":"https:\/\/arantv.az\/?p=108297","title":{"rendered":"M\u0259mm\u0259d Musayev: &#8220;Sahibkarl\u0131q iqtisadi inki\u015faf \u00fc\u00e7\u00fcn lokomotiv rolunu oynay\u0131r&#8221;"},"content":{"rendered":"<p><strong>&#8220;Sahibkarl\u0131q iqtisadi inki\u015faf \u00fc\u00e7\u00fcn lokomotiv rolunu oynay\u0131r&#8221;.<\/strong><\/p>\n<p><strong>ARANTV.AZ<\/strong>\u00a0<a href=\"https:\/\/az.trend.az\/\" target=\"_blank\" rel=\"noopener\">Trend<\/a>-\u0259 istinad\u0259n x\u0259b\u0259r verir ki, bunu Az\u0259rbaycan Sahibkarlar Konfederasiyas\u0131n\u0131n prezidenti M\u0259mm\u0259d Musayev bu g\u00fcn Bak\u0131da Dayan\u0131ql\u0131 \u0130nki\u015faf M\u0259qs\u0259dl\u0259ri (D\u0130M) \u00e7\u0259r\u00e7iv\u0259sind\u0259 \u0259rzaq v\u0259 k\u0259nd t\u0259s\u0259rr\u00fcfat\u0131 sah\u0259sind\u0259 \u00f6z\u0259l sektorun rolunu \u0259ks etdir\u0259n seminarda bildirib.<\/p>\n<p>Onun s\u00f6zl\u0259rin\u0259 g\u00f6r\u0259, \u00f6lk\u0259d\u0259 qeyri-neft sektorunun inki\u015faf\u0131 m\u00fcsb\u0259t hald\u0131r:<\/p>\n<p>&#8220;Az\u0259rbaycan iqtisadiyyat\u0131 s\u0259rb\u0259st bazar iqtisadiyyat\u0131na \u0259saslan\u0131r. Az\u0259rbaycan dayan\u0131ql\u0131 inki\u015faf m\u0259qs\u0259dl\u0259rini u\u011furla yerin\u0259 yetirir. K\u0259nd t\u0259s\u0259rr\u00fcfat\u0131n\u0131n inki\u015faf\u0131 \u00fc\u00e7\u00fcn geni\u015f imkanlar yarad\u0131l\u0131b&#8221;.<\/p>\n<p>Qeyd ed\u0259k ki, bu g\u00fcn Bak\u0131da Dayan\u0131ql\u0131 \u0130nki\u015faf M\u0259qs\u0259dl\u0259ri (D\u0130M) \u00e7\u0259r\u00e7iv\u0259sind\u0259 \u0259rzaq v\u0259 k\u0259nd t\u0259s\u0259rr\u00fcfat\u0131 sah\u0259sind\u0259 \u00f6z\u0259l sektorun rolunu \u0259ks etdir\u0259n seminar i\u015fin\u0259 ba\u015flay\u0131b.<\/p>\n<p>Seminar, \u00f6z\u0259l sektor aras\u0131nda 2030 Dayan\u0131ql\u0131 \u0130nki\u015faf G\u00fcnd\u0259liyi haqq\u0131nda m\u0259lumatl\u0131l\u0131\u011f\u0131 art\u0131rmaq v\u0259 Az\u0259rbaycanda D\u0130M-l\u0259rin t\u0259tbiq edilm\u0259sinin rolu v\u0259 c\u0259lb edilm\u0259si \u00fczr\u0259 d\u00f6vl\u0259t v\u0259 \u00f6z\u0259l sektor aras\u0131nda m\u00fczakir\u0259ni asanla\u015fd\u0131rmaq m\u0259qs\u0259di da\u015f\u0131y\u0131r.<\/p>\n","protected":false},"excerpt":{"rendered":"<p>&#8220;Sahibkarl\u0131q iqtisadi inki\u015faf \u00fc\u00e7\u00fcn lokomotiv rolunu oynay\u0131r&#8221;. ARANTV.AZ\u00a0Trend-\u0259 istinad\u0259n x\u0259b\u0259r verir ki, bunu Az\u0259rbaycan Sahibkarlar Konfederasiyas\u0131n\u0131n prezidenti M\u0259mm\u0259d Musayev bu g\u00fcn Bak\u0131da Dayan\u0131ql\u0131 \u0130nki\u015faf M\u0259qs\u0259dl\u0259ri (D\u0130M) \u00e7\u0259r\u00e7iv\u0259sind\u0259 \u0259rzaq v\u0259 k\u0259nd t\u0259s\u0259rr\u00fcfat\u0131 sah\u0259sind\u0259 \u00f6z\u0259l sektorun rolunu \u0259ks etdir\u0259n seminarda bildirib. Onun s\u00f6zl\u0259rin\u0259 g\u00f6r\u0259, \u00f6lk\u0259d\u0259 qeyri-neft sektorunun inki\u015faf\u0131 m\u00fcsb\u0259t hald\u0131r: &#8220;Az\u0259rbaycan iqtisadiyyat\u0131 s\u0259rb\u0259st bazar iqtisadiyyat\u0131na \u0259saslan\u0131r. Az\u0259rbaycan dayan\u0131ql\u0131 inki\u015faf m\u0259qs\u0259dl\u0259rini u\u011furla yerin\u0259 yetirir. K\u0259nd t\u0259s\u0259rr\u00fcfat\u0131n\u0131n inki\u015faf\u0131 \u00fc\u00e7\u00fcn geni\u015f imkanlar yarad\u0131l\u0131b&#8221;. Qeyd ed\u0259k ki, bu g\u00fcn Bak\u0131da Dayan\u0131ql\u0131 \u0130nki\u015faf M\u0259qs\u0259dl\u0259ri (D\u0130M) \u00e7\u0259r\u00e7iv\u0259sind\u0259 \u0259rzaq v\u0259 k\u0259nd t\u0259s\u0259rr\u00fcfat\u0131 sah\u0259sind\u0259 \u00f6z\u0259l sektorun rolunu \u0259ks etdir\u0259n seminar&hellip;<\/p>\n","protected":false},"author":2,"featured_media":108298,"comment_status":"closed","ping_status":"closed","sticky":false,"template":"","format":"standard","meta":{"om_disable_all_campaigns":false,"_monsterinsights_skip_tracking":false,"_monsterinsights_sitenote_active":false,"_monsterinsights_sitenote_note":"","_monsterinsights_sitenote_category":0},"categories":[19],"tags":[],"aioseo_notices":[],"gutentor_comment":0,"rttpg_featured_image_url":{"full":["https:\/\/arantv.az\/wp-content\/uploads\/2019\/12\/811048.jpg",800,600,false],"landscape":["https:\/\/arantv.az\/wp-content\/uploads\/2019\/12\/811048.jpg",800,600,false],"portraits":["https:\/\/arantv.az\/wp-content\/uploads\/2019\/12\/811048.jpg",800,600,false],"thumbnail":["https:\/\/arantv.az\/wp-content\/uploads\/2019\/12\/811048-150x150.jpg",150,150,true],"medium":["https:\/\/arantv.az\/wp-content\/uploads\/2019\/12\/811048-300x225.jpg",300,225,true],"large":["https:\/\/arantv.az\/wp-content\/uploads\/2019\/12\/811048.jpg",640,480,false],"1536x1536":["https:\/\/arantv.az\/wp-content\/uploads\/2019\/12\/811048.jpg",800,600,false],"2048x2048":["https:\/\/arantv.az\/wp-content\/uploads\/2019\/12\/811048.jpg",800,600,false],"post-thumbnail":["https:\/\/arantv.az\/wp-content\/uploads\/2019\/12\/811048-240x172.jpg",240,172,true],"advps-thumb-one":["https:\/\/arantv.az\/wp-content\/uploads\/2019\/12\/811048.jpg",800,600,false]},"rttpg_author":{"display_name":"V\u00fcsal Rafiqo\u011flu","author_link":"https:\/\/arantv.az\/?author=2"},"rttpg_comment":0,"rttpg_category":"<a href=\"https:\/\/arantv.az\/?cat=19\" rel=\"category\">G\u00fcnd\u0259m<\/a>","rttpg_excerpt":"&#8220;Sahibkarl\u0131q iqtisadi inki\u015faf \u00fc\u00e7\u00fcn lokomotiv rolunu oynay\u0131r&#8221;. ARANTV.AZ\u00a0Trend-\u0259 istinad\u0259n x\u0259b\u0259r verir ki, bunu Az\u0259rbaycan Sahibkarlar Konfederasiyas\u0131n\u0131n prezidenti M\u0259mm\u0259d Musayev bu g\u00fcn Bak\u0131da Dayan\u0131ql\u0131 \u0130nki\u015faf M\u0259qs\u0259dl\u0259ri (D\u0130M) \u00e7\u0259r\u00e7iv\u0259sind\u0259 \u0259rzaq v\u0259 k\u0259nd t\u0259s\u0259rr\u00fcfat\u0131 sah\u0259sind\u0259 \u00f6z\u0259l sektorun rolunu \u0259ks etdir\u0259n seminarda bildirib. Onun s\u00f6zl\u0259rin\u0259 g\u00f6r\u0259, \u00f6lk\u0259d\u0259 qeyri-neft sektorunun inki\u015faf\u0131 m\u00fcsb\u0259t hald\u0131r: &#8220;Az\u0259rbaycan iqtisadiyyat\u0131 s\u0259rb\u0259st bazar iqtisadiyyat\u0131na \u0259saslan\u0131r. Az\u0259rbaycan&hellip;","_links":{"self":[{"href":"https:\/\/arantv.az\/index.php?rest_route=\/wp\/v2\/posts\/108297"}],"collection":[{"href":"https:\/\/arantv.az\/index.php?rest_route=\/wp\/v2\/posts"}],"about":[{"href":"https:\/\/arantv.az\/index.php?rest_route=\/wp\/v2\/types\/post"}],"author":[{"embeddable":true,"href":"https:\/\/arantv.az\/index.php?rest_route=\/wp\/v2\/users\/2"}],"replies":[{"embeddable":true,"href":"https:\/\/arantv.az\/index.php?rest_route=%2Fwp%2Fv2%2Fcomments&post=108297"}],"version-history":[{"count":0,"href":"https:\/\/arantv.az\/index.php?rest_route=\/wp\/v2\/posts\/108297\/revisions"}],"wp:featuredmedia":[{"embeddable":true,"href":"https:\/\/arantv.az\/index.php?rest_route=\/wp\/v2\/media\/108298"}],"wp:attachment":[{"href":"https:\/\/arantv.az\/index.php?rest_route=%2Fwp%2Fv2%2Fmedia&parent=108297"}],"wp:term":[{"taxonomy":"category","embeddable":true,"href":"https:\/\/arantv.az\/index.php?rest_route=%2Fwp%2Fv2%2Fcategories&post=108297"},{"taxonomy":"post_tag","embeddable":true,"href":"https:\/\/arantv.az\/index.php?rest_route=%2Fwp%2Fv2%2Ftags&post=108297"}],"curies":[{"name":"wp","href":"https:\/\/api.w.org\/{rel}","templated":true}]}}