{"id":108305,"date":"2019-12-17T10:21:22","date_gmt":"2019-12-17T07:21:22","guid":{"rendered":"http:\/\/arantv.az\/?p=108305"},"modified":"2019-12-17T10:21:22","modified_gmt":"2019-12-17T07:21:22","slug":"bu-v%c9%99t%c9%99ndaslara-m%c9%99nzil-v%c9%99-avtomobill%c9%99r-veril%c9%99c%c9%99k-r%c9%99smi","status":"publish","type":"post","link":"https:\/\/arantv.az\/?p=108305","title":{"rendered":"Bu v\u0259t\u0259nda\u015flara m\u0259nzil v\u0259 avtomobill\u0259r veril\u0259c\u0259k &#8211; R\u018fSM\u0130"},"content":{"rendered":"<p>Prezident \u0130lham \u018fliyevin m\u00fcvafiq F\u0259rman\u0131 il\u0259 bu il nazirliyin tabeliyind\u0259 DOST Agentliyinin v\u0259 ilk DOST M\u0259rk\u0259zinin yarad\u0131lmas\u0131 2019-cu ilin m\u00fch\u00fcm sosial u\u011furlar\u0131ndan biridir.<\/p>\n<p>Bu ay daha bir DOST M\u0259rk\u0259zinin, eyni zamanda yeni sosial xidm\u0259t v\u0259 reabilitasiya m\u00fc\u0259ssis\u0259l\u0259rinin istifad\u0259y\u0259 verilm\u0259si t\u0259min olunacaq.<\/p>\n<div id=\"AdviadNativeVideo0\" class=\"AdviadNativeVideo\"><\/div>\n<p><b>ARANTV.AZ\u00a0<\/b> x\u0259b\u0259r verir ki, bunu \u018fm\u0259k v\u0259 \u018fhalinin Sosial M\u00fcdafi\u0259si naziri Sahil Babayev Nazirliyin Kollegiyas\u0131n\u0131n n\u00f6vb\u0259ti iclas\u0131nda bildirib.<\/p>\n<p>O, vur\u011fulay\u0131b ki, Birinci vitse-prezident, Heyd\u0259r \u018fliyev Fondunun prezidenti Mehriban xan\u0131m \u018fliyevan\u0131n t\u0259\u015f\u0259bb\u00fcs\u00fc olan DOST layih\u0259si d\u00f6vl\u0259t sosial xidm\u0259tl\u0259ri sah\u0259sind\u0259 v\u0259t\u0259nda\u015f m\u0259mnunlu\u011funun t\u0259minat\u0131na imkan verib. DOST M\u0259rk\u0259zinin xidm\u0259tl\u0259rinin say\u0131 art\u0131q 132-\u0259 \u00e7at\u0131b v\u0259 h\u0259min xidm\u0259tl\u0259rd\u0259n art\u0131q 115-nin pasportlar\u0131 da haz\u0131rlan\u0131b.<\/p>\n<p>Nazir bildirib ki, 2019-cu ild\u0259 nazirlik \u00fc\u00e7\u00fcn prioritet istiqam\u0259tl\u0259rd\u0259n biri d\u0259 sosial t\u0259minat sah\u0259si \u00fczr\u0259 xidm\u0259tl\u0259rin elektronla\u015fd\u0131r\u0131lmas\u0131 olub.<\/p>\n<p>Bu ilin \u00f6t\u0259n d\u00f6vr\u00fcnd\u0259 art\u0131q 10 sosial t\u0259minat n\u00f6v\u00fc, o c\u00fcml\u0259d\u0259n 2 pensiya, 8 m\u00fcavin\u0259t v\u0259 t\u0259qa\u00fcd n\u00f6v\u00fcn\u00fcn t\u0259yinat\u0131n\u0131n elektronla\u015fmas\u0131 t\u0259min edilib.<\/p>\n<p>\u00dcmumilikd\u0259 bu ay\u0131n sonuna q\u0259d\u0259r dig\u0259r bir \u00e7ox m\u00fcavin\u0259t v\u0259 t\u0259qa\u00fcdl\u0259rin d\u0259 avtomatla\u015fd\u0131r\u0131lmas\u0131 ba\u015fa \u00e7atd\u0131r\u0131lacaq.<\/p>\n<p>N\u0259tic\u0259d\u0259 il \u0259rzind\u0259 180 min t\u0259yinat\u0131n e-qaydada, proaktiv \u015f\u0259kld\u0259 h\u0259yata ke\u00e7irilm\u0259si t\u0259min olunacaq.<\/p>\n<p>S.Babayev \u015f\u0259hid ail\u0259l\u0259ri v\u0259 m\u00fcharib\u0259 \u0259lill\u0259rinin m\u0259nzill\u0259, m\u00fcvafiq kateqoriyalara aid \u0259lilliyi olan \u015f\u0259xsl\u0259rin avtomobill\u0259 t\u0259minat\u0131 t\u0259dbirl\u0259rinin d\u0259 davam ed\u0259c\u0259yini, bu ay da yeni m\u0259nzill\u0259rin, avtomobill\u0259rin t\u0259qdim edil\u0259c\u0259yini deyib.<\/p>\n<p>O, 2019-cu ilin \u00f6t\u0259n d\u00f6vr\u00fcnd\u0259 \u00f6z\u00fcn\u00fcm\u0259\u015f\u011fulluq proqram\u0131na c\u0259lb edil\u0259nl\u0259rin say\u0131n\u0131n 10,6 min\u0259 \u00e7atd\u0131\u011f\u0131n\u0131, onlardan b\u00f6y\u00fck \u0259ks\u0259riyy\u0259tinin art\u0131q aktivl\u0259 t\u0259min olundu\u011funu qeyd edib.<\/p>\n<p>Nazir \u00fcnvanl\u0131 d\u00f6vl\u0259t sosial yard\u0131m\u0131 sisteminin t\u0259kmill\u0259\u015fdirilm\u0259si i\u015fl\u0259rind\u0259n b\u0259hs edib. Bildirib ki, sosial yard\u0131m\u0131n al\u0131nmas\u0131 \u00fc\u00e7\u00fcn m\u00fcraci\u0259t etmi\u015f ail\u0259l\u0259rin DOST m\u0259rk\u0259zl\u0259rinin \u0259m\u0259kda\u015flar\u0131 t\u0259r\u0259find\u0259n maddi-m\u0259i\u015f\u0259t \u015f\u0259raitinin m\u00fcayin\u0259si zaman\u0131 xidm\u0259ti davran\u0131\u015f normalar\u0131 da m\u00fc\u0259yy\u0259n edilib.<\/p>\n<p>Bu normalar v\u0259 onlara \u0259m\u0259l edilm\u0259si il\u0259 ba\u011fl\u0131 m\u00fcnasib\u0259tl\u0259ri \u0259hat\u0259 ed\u0259n Yadda\u015f Kitab\u00e7as\u0131 haz\u0131rlan\u0131b. Maddi-m\u0259i\u015f\u0259t \u015f\u0259raitinin m\u00fcayin\u0259si m\u0259hz h\u0259min normalara riay\u0259t prinsipi \u0259sas\u0131nda h\u0259yata ke\u00e7iril\u0259c\u0259k.<\/p>\n<p>\u0130clasda DOST m\u0259rk\u0259zl\u0259rind\u0259 g\u00f6st\u0259ril\u0259n xidm\u0259tl\u0259r \u00fczr\u0259 pasportlar\u0131n t\u0259sdiq edilm\u0259si bar\u0259d\u0259, \u00fcnvanl\u0131 d\u00f6vl\u0259t sosial yard\u0131m\u0131n\u0131n al\u0131nmas\u0131 \u00fc\u00e7\u00fcn m\u00fcraci\u0259t etmi\u015f ail\u0259l\u0259rin DOST m\u0259rk\u0259zl\u0259rinin \u0259m\u0259kda\u015flar\u0131 t\u0259r\u0259find\u0259n maddi-m\u0259i\u015f\u0259t \u015f\u0259raitinin m\u00fcayin\u0259sinin h\u0259yata ke\u00e7irilm\u0259si il\u0259 ba\u011fl\u0131 Yadda\u015f Kitab\u00e7as\u0131n\u0131n layih\u0259si bar\u0259d\u0259 \u00e7\u0131x\u0131\u015flar olub.<\/p>\n<p>2020-ci il \u00fc\u00e7\u00fcn i\u015f vaxt\u0131 normas\u0131n\u0131n v\u0259 istehsalat t\u0259qviminin layih\u0259si, &#8220;M\u0259cburi d\u00f6vl\u0259t sosial s\u0131\u011forta haqq\u0131n\u0131n toplanmas\u0131 Qaydalar\u0131&#8221; v\u0259 &#8220;M\u0259cburi d\u00f6vl\u0259t sosial s\u0131\u011fortas\u0131 \u00fczr\u0259 s\u0131\u011forta i\u015ftirak\u00e7\u0131lar\u0131n\u0131n u\u00e7otu Qaydalar\u0131&#8221; layih\u0259l\u0259ri bar\u0259d\u0259 m\u0259lumat verilib.<\/p>\n<p>\u0130clasda qeyd edil\u0259n layih\u0259l\u0259r, habel\u0259 bir s\u0131ra cari m\u0259s\u0259l\u0259l\u0259r m\u00fczakir\u0259 edilib, q\u0259rarlar q\u0259bul olunub.Sonxeber.az<\/p>\n","protected":false},"excerpt":{"rendered":"<p>Prezident \u0130lham \u018fliyevin m\u00fcvafiq F\u0259rman\u0131 il\u0259 bu il nazirliyin tabeliyind\u0259 DOST Agentliyinin v\u0259 ilk DOST M\u0259rk\u0259zinin yarad\u0131lmas\u0131 2019-cu ilin m\u00fch\u00fcm sosial u\u011furlar\u0131ndan biridir. Bu ay daha bir DOST M\u0259rk\u0259zinin, eyni zamanda yeni sosial xidm\u0259t v\u0259 reabilitasiya m\u00fc\u0259ssis\u0259l\u0259rinin istifad\u0259y\u0259 verilm\u0259si t\u0259min olunacaq. ARANTV.AZ\u00a0 x\u0259b\u0259r verir ki, bunu \u018fm\u0259k v\u0259 \u018fhalinin Sosial M\u00fcdafi\u0259si naziri Sahil Babayev Nazirliyin Kollegiyas\u0131n\u0131n n\u00f6vb\u0259ti iclas\u0131nda bildirib. O, vur\u011fulay\u0131b ki, Birinci vitse-prezident, Heyd\u0259r \u018fliyev Fondunun prezidenti Mehriban xan\u0131m \u018fliyevan\u0131n t\u0259\u015f\u0259bb\u00fcs\u00fc olan DOST layih\u0259si d\u00f6vl\u0259t sosial xidm\u0259tl\u0259ri sah\u0259sind\u0259 v\u0259t\u0259nda\u015f m\u0259mnunlu\u011funun t\u0259minat\u0131na imkan verib. DOST M\u0259rk\u0259zinin xidm\u0259tl\u0259rinin say\u0131 art\u0131q 132-\u0259&hellip;<\/p>\n","protected":false},"author":2,"featured_media":108306,"comment_status":"closed","ping_status":"closed","sticky":false,"template":"","format":"standard","meta":{"om_disable_all_campaigns":false,"_monsterinsights_skip_tracking":false,"_monsterinsights_sitenote_active":false,"_monsterinsights_sitenote_note":"","_monsterinsights_sitenote_category":0},"categories":[1],"tags":[],"aioseo_notices":[],"gutentor_comment":0,"rttpg_featured_image_url":{"full":["https:\/\/arantv.az\/wp-content\/uploads\/2019\/12\/1576562556_menzil-avtomobil.jpg",549,369,false],"landscape":["https:\/\/arantv.az\/wp-content\/uploads\/2019\/12\/1576562556_menzil-avtomobil.jpg",549,369,false],"portraits":["https:\/\/arantv.az\/wp-content\/uploads\/2019\/12\/1576562556_menzil-avtomobil.jpg",549,369,false],"thumbnail":["https:\/\/arantv.az\/wp-content\/uploads\/2019\/12\/1576562556_menzil-avtomobil-150x150.jpg",150,150,true],"medium":["https:\/\/arantv.az\/wp-content\/uploads\/2019\/12\/1576562556_menzil-avtomobil-300x202.jpg",300,202,true],"large":["https:\/\/arantv.az\/wp-content\/uploads\/2019\/12\/1576562556_menzil-avtomobil.jpg",549,369,false],"1536x1536":["https:\/\/arantv.az\/wp-content\/uploads\/2019\/12\/1576562556_menzil-avtomobil.jpg",549,369,false],"2048x2048":["https:\/\/arantv.az\/wp-content\/uploads\/2019\/12\/1576562556_menzil-avtomobil.jpg",549,369,false],"post-thumbnail":["https:\/\/arantv.az\/wp-content\/uploads\/2019\/12\/1576562556_menzil-avtomobil-240x172.jpg",240,172,true],"advps-thumb-one":["https:\/\/arantv.az\/wp-content\/uploads\/2019\/12\/1576562556_menzil-avtomobil.jpg",549,369,false]},"rttpg_author":{"display_name":"V\u00fcsal Rafiqo\u011flu","author_link":"https:\/\/arantv.az\/?author=2"},"rttpg_comment":0,"rttpg_category":"<a href=\"https:\/\/arantv.az\/?cat=1\" rel=\"category\">C\u0259miyy\u0259t<\/a>","rttpg_excerpt":"Prezident \u0130lham \u018fliyevin m\u00fcvafiq F\u0259rman\u0131 il\u0259 bu il nazirliyin tabeliyind\u0259 DOST Agentliyinin v\u0259 ilk DOST M\u0259rk\u0259zinin yarad\u0131lmas\u0131 2019-cu ilin m\u00fch\u00fcm sosial u\u011furlar\u0131ndan biridir. Bu ay daha bir DOST M\u0259rk\u0259zinin, eyni zamanda yeni sosial xidm\u0259t v\u0259 reabilitasiya m\u00fc\u0259ssis\u0259l\u0259rinin istifad\u0259y\u0259 verilm\u0259si t\u0259min olunacaq. ARANTV.AZ\u00a0 x\u0259b\u0259r verir ki, bunu \u018fm\u0259k v\u0259 \u018fhalinin Sosial M\u00fcdafi\u0259si naziri Sahil Babayev Nazirliyin&hellip;","_links":{"self":[{"href":"https:\/\/arantv.az\/index.php?rest_route=\/wp\/v2\/posts\/108305"}],"collection":[{"href":"https:\/\/arantv.az\/index.php?rest_route=\/wp\/v2\/posts"}],"about":[{"href":"https:\/\/arantv.az\/index.php?rest_route=\/wp\/v2\/types\/post"}],"author":[{"embeddable":true,"href":"https:\/\/arantv.az\/index.php?rest_route=\/wp\/v2\/users\/2"}],"replies":[{"embeddable":true,"href":"https:\/\/arantv.az\/index.php?rest_route=%2Fwp%2Fv2%2Fcomments&post=108305"}],"version-history":[{"count":0,"href":"https:\/\/arantv.az\/index.php?rest_route=\/wp\/v2\/posts\/108305\/revisions"}],"wp:featuredmedia":[{"embeddable":true,"href":"https:\/\/arantv.az\/index.php?rest_route=\/wp\/v2\/media\/108306"}],"wp:attachment":[{"href":"https:\/\/arantv.az\/index.php?rest_route=%2Fwp%2Fv2%2Fmedia&parent=108305"}],"wp:term":[{"taxonomy":"category","embeddable":true,"href":"https:\/\/arantv.az\/index.php?rest_route=%2Fwp%2Fv2%2Fcategories&post=108305"},{"taxonomy":"post_tag","embeddable":true,"href":"https:\/\/arantv.az\/index.php?rest_route=%2Fwp%2Fv2%2Ftags&post=108305"}],"curies":[{"name":"wp","href":"https:\/\/api.w.org\/{rel}","templated":true}]}}