{"id":108310,"date":"2019-12-17T11:17:30","date_gmt":"2019-12-17T08:17:30","guid":{"rendered":"http:\/\/arantv.az\/?p=108310"},"modified":"2019-12-17T11:17:30","modified_gmt":"2019-12-17T08:17:30","slug":"cavid-qurbanov-%c9%99haliy%c9%99-muraci%c9%99t-etdi-sanxayda-t%c9%99hluk%c9%99li-evl%c9%99ri-sokm%c9%99k-m%c9%99cburiyy%c9%99tind%c9%99-qaldiq","status":"publish","type":"post","link":"https:\/\/arantv.az\/?p=108310","title":{"rendered":"Cavid Qurbanov \u0259haliy\u0259 m\u00fcraci\u0259t etdi: \u201c\u015eanxay\u201dda t\u0259hl\u00fck\u0259li evl\u0259ri s\u00f6km\u0259k m\u0259cburiyy\u0259tind\u0259 qald\u0131q\u201d"},"content":{"rendered":"<p>Evl\u0259rinizi tik\u0259nd\u0259 el\u0259 yerd\u0259 tikin ki, h\u0259m \u00f6z\u00fcn\u00fcz \u00fc\u00e7\u00fcn t\u0259hl\u00fck\u0259 olmas\u0131n, h\u0259m d\u0259 s\u00f6k\u00fclm\u0259li olmas\u0131n.<\/p>\n<p><b>ARANTV.AZ\u00a0<\/b> x\u0259b\u0259r verir ki, bu s\u00f6zl\u0259ri \u201cAz\u0259rbaycan D\u0259miryollar\u0131\u201d QSC-nin s\u0259dri Cavid Qurbanov bu g\u00fcn Yeni Az\u0259rbaycan Partiyas\u0131n\u0131n q\u0259rargah\u0131nda ke\u00e7iril\u0259n m\u0259tbuat konfrans\u0131nda \u00e7\u0131x\u0131\u015f\u0131 zaman\u0131 deyib.<\/p>\n<p>Onun s\u00f6zl\u0259rin\u0259 g\u00f6r\u0259, b\u0259z\u0259n insanlar ev tik\u0259rk\u0259n m\u0259qs\u0259d\u0259uy\u011fun olmayan \u0259razil\u0259r se\u00e7ir:<\/p>\n<p>\u201cM\u0259s\u0259l\u0259n, elektrik x\u0259tl\u0259rinin alt\u0131nda, d\u0259miryollar\u0131n\u0131n a\u011fz\u0131nda ev tikm\u0259k do\u011fru deyil. Bu, ilk n\u00f6vb\u0259d\u0259 h\u0259min ail\u0259l\u0259rin \u00f6z t\u0259hl\u00fck\u0259sizliyi bax\u0131m\u0131ndan do\u011fru deyil. El\u0259 Bak\u0131da \u201c\u015eanxay\u201d adland\u0131r\u0131lan \u0259razini g\u00f6t\u00fcr\u0259k.<\/p>\n<p>O \u0259razi, t\u0259\u0259ss\u00fcf ki, ev tikilm\u0259si \u00fc\u00e7\u00fcn m\u00fcnasib deyil. Biz d\u0259miryollar\u0131n\u0131n yax\u0131nl\u0131\u011f\u0131nda olan t\u0259hl\u00fck\u0259li evl\u0259ri s\u00f6km\u0259k m\u0259cburiyy\u0259tind\u0259 qald\u0131q. Bu, onlar\u0131n ya\u015fay\u0131\u015f \u015f\u0259raitini yax\u015f\u0131la\u015fd\u0131rma\u011fa xidm\u0259t edir. Art\u0131q onlar daha yax\u015f\u0131 \u015f\u0259raitd\u0259 ya\u015fay\u0131rlar.<\/p>\n<p>Sad\u0259c\u0259 bizim isanlarda q\u0259rib\u0259 xasiyy\u0259t var. \u018fvv\u0259lc\u0259 \u015firk\u0259tl\u0259r onlarla dan\u0131\u015f\u0131r, raz\u0131la\u015f\u0131rlar, amma o bir misal var, \u201ci\u015ftah di\u015f alt\u0131ndad\u0131r\u201d, fikirl\u0259ri d\u0259yi\u015fir. G\u0259lib deyirl\u0259r ki, m\u0259s\u0259l\u0259n, 10 kvadratmetrlik \u0259razi \u00fc\u00e7\u00fcn m\u0259n\u0259 10 yox, 20 ver, ya da 20 yox, 50 min ver. Orada qeyri-qanuni olaraq yerl\u0259\u015f\u0259n \u0259hali var. Amma biz onlar\u0131 \u0259vv\u0259lc\u0259 s\u0259n\u0259dl\u0259\u015fdiririk, sonra \u00e7al\u0131\u015f\u0131r\u0131q ki, h\u0259ll ed\u0259k. Bu m\u0259s\u0259l\u0259l\u0259rd\u0259n x\u0259b\u0259rimiz var, m\u0259s\u0259l\u0259nin\u00a0h\u0259ll olunmas\u0131 istiqam\u0259tind\u0259 layih\u0259l\u0259rin haz\u0131rlanmas\u0131 g\u00f6zl\u0259nilir\u201d.Oxu.Az<\/p>\n","protected":false},"excerpt":{"rendered":"<p>Evl\u0259rinizi tik\u0259nd\u0259 el\u0259 yerd\u0259 tikin ki, h\u0259m \u00f6z\u00fcn\u00fcz \u00fc\u00e7\u00fcn t\u0259hl\u00fck\u0259 olmas\u0131n, h\u0259m d\u0259 s\u00f6k\u00fclm\u0259li olmas\u0131n. ARANTV.AZ\u00a0 x\u0259b\u0259r verir ki, bu s\u00f6zl\u0259ri \u201cAz\u0259rbaycan D\u0259miryollar\u0131\u201d QSC-nin s\u0259dri Cavid Qurbanov bu g\u00fcn Yeni Az\u0259rbaycan Partiyas\u0131n\u0131n q\u0259rargah\u0131nda ke\u00e7iril\u0259n m\u0259tbuat konfrans\u0131nda \u00e7\u0131x\u0131\u015f\u0131 zaman\u0131 deyib. Onun s\u00f6zl\u0259rin\u0259 g\u00f6r\u0259, b\u0259z\u0259n insanlar ev tik\u0259rk\u0259n m\u0259qs\u0259d\u0259uy\u011fun olmayan \u0259razil\u0259r se\u00e7ir: \u201cM\u0259s\u0259l\u0259n, elektrik x\u0259tl\u0259rinin alt\u0131nda, d\u0259miryollar\u0131n\u0131n a\u011fz\u0131nda ev tikm\u0259k do\u011fru deyil. Bu, ilk n\u00f6vb\u0259d\u0259 h\u0259min ail\u0259l\u0259rin \u00f6z t\u0259hl\u00fck\u0259sizliyi bax\u0131m\u0131ndan do\u011fru deyil. El\u0259 Bak\u0131da \u201c\u015eanxay\u201d adland\u0131r\u0131lan \u0259razini g\u00f6t\u00fcr\u0259k. O \u0259razi, t\u0259\u0259ss\u00fcf ki, ev tikilm\u0259si \u00fc\u00e7\u00fcn m\u00fcnasib deyil. Biz d\u0259miryollar\u0131n\u0131n yax\u0131nl\u0131\u011f\u0131nda olan t\u0259hl\u00fck\u0259li&hellip;<\/p>\n","protected":false},"author":2,"featured_media":108313,"comment_status":"closed","ping_status":"closed","sticky":false,"template":"","format":"standard","meta":{"om_disable_all_campaigns":false,"_monsterinsights_skip_tracking":false,"_monsterinsights_sitenote_active":false,"_monsterinsights_sitenote_note":"","_monsterinsights_sitenote_category":0},"categories":[1],"tags":[],"aioseo_notices":[],"gutentor_comment":0,"rttpg_featured_image_url":{"full":["https:\/\/arantv.az\/wp-content\/uploads\/2019\/12\/ee6096bbfb54d08f72735d54f12cc172.jpg",620,422,false],"landscape":["https:\/\/arantv.az\/wp-content\/uploads\/2019\/12\/ee6096bbfb54d08f72735d54f12cc172.jpg",620,422,false],"portraits":["https:\/\/arantv.az\/wp-content\/uploads\/2019\/12\/ee6096bbfb54d08f72735d54f12cc172.jpg",620,422,false],"thumbnail":["https:\/\/arantv.az\/wp-content\/uploads\/2019\/12\/ee6096bbfb54d08f72735d54f12cc172-150x150.jpg",150,150,true],"medium":["https:\/\/arantv.az\/wp-content\/uploads\/2019\/12\/ee6096bbfb54d08f72735d54f12cc172-300x204.jpg",300,204,true],"large":["https:\/\/arantv.az\/wp-content\/uploads\/2019\/12\/ee6096bbfb54d08f72735d54f12cc172.jpg",620,422,false],"1536x1536":["https:\/\/arantv.az\/wp-content\/uploads\/2019\/12\/ee6096bbfb54d08f72735d54f12cc172.jpg",620,422,false],"2048x2048":["https:\/\/arantv.az\/wp-content\/uploads\/2019\/12\/ee6096bbfb54d08f72735d54f12cc172.jpg",620,422,false],"post-thumbnail":["https:\/\/arantv.az\/wp-content\/uploads\/2019\/12\/ee6096bbfb54d08f72735d54f12cc172-240x172.jpg",240,172,true],"advps-thumb-one":["https:\/\/arantv.az\/wp-content\/uploads\/2019\/12\/ee6096bbfb54d08f72735d54f12cc172.jpg",620,422,false]},"rttpg_author":{"display_name":"V\u00fcsal Rafiqo\u011flu","author_link":"https:\/\/arantv.az\/?author=2"},"rttpg_comment":0,"rttpg_category":"<a href=\"https:\/\/arantv.az\/?cat=1\" rel=\"category\">C\u0259miyy\u0259t<\/a>","rttpg_excerpt":"Evl\u0259rinizi tik\u0259nd\u0259 el\u0259 yerd\u0259 tikin ki, h\u0259m \u00f6z\u00fcn\u00fcz \u00fc\u00e7\u00fcn t\u0259hl\u00fck\u0259 olmas\u0131n, h\u0259m d\u0259 s\u00f6k\u00fclm\u0259li olmas\u0131n. ARANTV.AZ\u00a0 x\u0259b\u0259r verir ki, bu s\u00f6zl\u0259ri \u201cAz\u0259rbaycan D\u0259miryollar\u0131\u201d QSC-nin s\u0259dri Cavid Qurbanov bu g\u00fcn Yeni Az\u0259rbaycan Partiyas\u0131n\u0131n q\u0259rargah\u0131nda ke\u00e7iril\u0259n m\u0259tbuat konfrans\u0131nda \u00e7\u0131x\u0131\u015f\u0131 zaman\u0131 deyib. Onun s\u00f6zl\u0259rin\u0259 g\u00f6r\u0259, b\u0259z\u0259n insanlar ev tik\u0259rk\u0259n m\u0259qs\u0259d\u0259uy\u011fun olmayan \u0259razil\u0259r se\u00e7ir: \u201cM\u0259s\u0259l\u0259n, elektrik x\u0259tl\u0259rinin alt\u0131nda, d\u0259miryollar\u0131n\u0131n&hellip;","_links":{"self":[{"href":"https:\/\/arantv.az\/index.php?rest_route=\/wp\/v2\/posts\/108310"}],"collection":[{"href":"https:\/\/arantv.az\/index.php?rest_route=\/wp\/v2\/posts"}],"about":[{"href":"https:\/\/arantv.az\/index.php?rest_route=\/wp\/v2\/types\/post"}],"author":[{"embeddable":true,"href":"https:\/\/arantv.az\/index.php?rest_route=\/wp\/v2\/users\/2"}],"replies":[{"embeddable":true,"href":"https:\/\/arantv.az\/index.php?rest_route=%2Fwp%2Fv2%2Fcomments&post=108310"}],"version-history":[{"count":0,"href":"https:\/\/arantv.az\/index.php?rest_route=\/wp\/v2\/posts\/108310\/revisions"}],"wp:featuredmedia":[{"embeddable":true,"href":"https:\/\/arantv.az\/index.php?rest_route=\/wp\/v2\/media\/108313"}],"wp:attachment":[{"href":"https:\/\/arantv.az\/index.php?rest_route=%2Fwp%2Fv2%2Fmedia&parent=108310"}],"wp:term":[{"taxonomy":"category","embeddable":true,"href":"https:\/\/arantv.az\/index.php?rest_route=%2Fwp%2Fv2%2Fcategories&post=108310"},{"taxonomy":"post_tag","embeddable":true,"href":"https:\/\/arantv.az\/index.php?rest_route=%2Fwp%2Fv2%2Ftags&post=108310"}],"curies":[{"name":"wp","href":"https:\/\/api.w.org\/{rel}","templated":true}]}}