{"id":108327,"date":"2019-12-17T11:32:30","date_gmt":"2019-12-17T08:32:30","guid":{"rendered":"http:\/\/arantv.az\/?p=108327"},"modified":"2019-12-17T11:32:30","modified_gmt":"2019-12-17T08:32:30","slug":"mill%c9%99t-v%c9%99kili-qanunvericilik-sah%c9%99sind%c9%99-b%c9%99zi-bosluqlar-var","status":"publish","type":"post","link":"https:\/\/arantv.az\/?p=108327","title":{"rendered":"Mill\u0259t v\u0259kili: Qanunvericilik sah\u0259sind\u0259 b\u0259zi bo\u015fluqlar var"},"content":{"rendered":"<p>\u201cSosial sifari\u015fl\u0259r haqq\u0131nda\u201d qanun layih\u0259sinin q\u0259bul olunmas\u0131na ehtiyac var.<\/p>\n<p><b>ARANTV.AZ<\/b>-\u0131n m\u0259lumat\u0131ba g\u00f6r\u0259, bunu Az\u0259rbaycan Prezidenti yan\u0131nda Qeyri-H\u00f6kum\u0259t T\u0259\u015fkilatlar\u0131na D\u00f6vl\u0259t D\u0259st\u0259yi \u015euras\u0131n\u0131n s\u0259dri Azay Quliyev \u201cSosial xidm\u0259tl\u0259r sah\u0259sind\u0259 qeyri-h\u00f6kum\u0259t t\u0259\u015fkilatlar\u0131 il\u0259 \u0259m\u0259kda\u015fl\u0131q: nailiyy\u0259tl\u0259r v\u0259 perspektivl\u0259r\u201d m\u00f6vzusunda ke\u00e7iril\u0259n t\u0259dbird\u0259 \u00e7\u0131x\u0131\u015f\u0131 zaman\u0131 bildirib.<\/p>\n<p>Onun s\u00f6zl\u0259rin\u0259 g\u00f6r\u0259, h\u0259l\u0259 d\u0259 qanunvericilik sah\u0259sind\u0259 b\u0259zi bo\u015fluqlar var:<\/p>\n<div id=\"AdviadNativeVideo0\" class=\"AdviadNativeVideo\"><\/div>\n<p>\u201cBir ne\u00e7\u0259 il \u0259vv\u0259l \u201cSosial xidm\u0259tl\u0259r haqq\u0131nda\u201d qanun q\u0259bul edildi. Amma t\u0259cr\u00fcb\u0259 onu g\u00f6st\u0259rir ki, yeni yana\u015fmaya ehtiyac var. Bu g\u00fcn he\u00e7 kim\u0259 sirr deyil ki, b\u00fct\u00fcn d\u00fcnyada sosial t\u0259minat xidm\u0259tl\u0259rinin sat\u0131n al\u0131nmas\u0131n\u0131n b\u00f6y\u00fck \u0259ks\u0259riyy\u0259ti m\u0259hz QHT t\u0259r\u0259find\u0259n\u00a0h\u0259yata ke\u00e7irilir.<\/p>\n<p>A.Quliyev vur\u011fulay\u0131b ki, bu g\u00fcn \u00fc\u00e7\u00fcn \u201csosial sifari\u015fl\u0259r haqq\u0131nda\u201d qanun layih\u0259sinin q\u0259bulu \u00e7ox aktuald\u0131r:<\/p>\n<p>\u201cBu layih\u0259 \u015eura t\u0259r\u0259find\u0259n haz\u0131rlanaraq Milli M\u0259clis\u0259 t\u0259qdim olunub. \u00dcmid edir\u0259m ki, Milli M\u0259clisin n\u00f6vb\u0259ti \u00e7a\u011f\u0131r\u0131\u015f\u0131 formala\u015fan zaman bu m\u0259s\u0259l\u0259y\u0259 d\u0259 bax\u0131lacaq\u201d.Oxu.Az<\/p>\n","protected":false},"excerpt":{"rendered":"<p>\u201cSosial sifari\u015fl\u0259r haqq\u0131nda\u201d qanun layih\u0259sinin q\u0259bul olunmas\u0131na ehtiyac var. ARANTV.AZ-\u0131n m\u0259lumat\u0131ba g\u00f6r\u0259, bunu Az\u0259rbaycan Prezidenti yan\u0131nda Qeyri-H\u00f6kum\u0259t T\u0259\u015fkilatlar\u0131na D\u00f6vl\u0259t D\u0259st\u0259yi \u015euras\u0131n\u0131n s\u0259dri Azay Quliyev \u201cSosial xidm\u0259tl\u0259r sah\u0259sind\u0259 qeyri-h\u00f6kum\u0259t t\u0259\u015fkilatlar\u0131 il\u0259 \u0259m\u0259kda\u015fl\u0131q: nailiyy\u0259tl\u0259r v\u0259 perspektivl\u0259r\u201d m\u00f6vzusunda ke\u00e7iril\u0259n t\u0259dbird\u0259 \u00e7\u0131x\u0131\u015f\u0131 zaman\u0131 bildirib. Onun s\u00f6zl\u0259rin\u0259 g\u00f6r\u0259, h\u0259l\u0259 d\u0259 qanunvericilik sah\u0259sind\u0259 b\u0259zi bo\u015fluqlar var: \u201cBir ne\u00e7\u0259 il \u0259vv\u0259l \u201cSosial xidm\u0259tl\u0259r haqq\u0131nda\u201d qanun q\u0259bul edildi. Amma t\u0259cr\u00fcb\u0259 onu g\u00f6st\u0259rir ki, yeni yana\u015fmaya ehtiyac var. Bu g\u00fcn he\u00e7 kim\u0259 sirr deyil ki, b\u00fct\u00fcn d\u00fcnyada sosial t\u0259minat xidm\u0259tl\u0259rinin sat\u0131n al\u0131nmas\u0131n\u0131n b\u00f6y\u00fck \u0259ks\u0259riyy\u0259ti m\u0259hz QHT t\u0259r\u0259find\u0259n\u00a0h\u0259yata ke\u00e7irilir. A.Quliyev&hellip;<\/p>\n","protected":false},"author":2,"featured_media":108328,"comment_status":"closed","ping_status":"closed","sticky":false,"template":"","format":"standard","meta":{"om_disable_all_campaigns":false,"_monsterinsights_skip_tracking":false,"_monsterinsights_sitenote_active":false,"_monsterinsights_sitenote_note":"","_monsterinsights_sitenote_category":0},"categories":[1],"tags":[],"aioseo_notices":[],"gutentor_comment":0,"rttpg_featured_image_url":{"full":["https:\/\/arantv.az\/wp-content\/uploads\/2019\/12\/azay.jpg",620,389,false],"landscape":["https:\/\/arantv.az\/wp-content\/uploads\/2019\/12\/azay.jpg",620,389,false],"portraits":["https:\/\/arantv.az\/wp-content\/uploads\/2019\/12\/azay.jpg",620,389,false],"thumbnail":["https:\/\/arantv.az\/wp-content\/uploads\/2019\/12\/azay-150x150.jpg",150,150,true],"medium":["https:\/\/arantv.az\/wp-content\/uploads\/2019\/12\/azay-300x188.jpg",300,188,true],"large":["https:\/\/arantv.az\/wp-content\/uploads\/2019\/12\/azay.jpg",620,389,false],"1536x1536":["https:\/\/arantv.az\/wp-content\/uploads\/2019\/12\/azay.jpg",620,389,false],"2048x2048":["https:\/\/arantv.az\/wp-content\/uploads\/2019\/12\/azay.jpg",620,389,false],"post-thumbnail":["https:\/\/arantv.az\/wp-content\/uploads\/2019\/12\/azay-240x172.jpg",240,172,true],"advps-thumb-one":["https:\/\/arantv.az\/wp-content\/uploads\/2019\/12\/azay.jpg",620,389,false]},"rttpg_author":{"display_name":"V\u00fcsal Rafiqo\u011flu","author_link":"https:\/\/arantv.az\/?author=2"},"rttpg_comment":0,"rttpg_category":"<a href=\"https:\/\/arantv.az\/?cat=1\" rel=\"category\">C\u0259miyy\u0259t<\/a>","rttpg_excerpt":"\u201cSosial sifari\u015fl\u0259r haqq\u0131nda\u201d qanun layih\u0259sinin q\u0259bul olunmas\u0131na ehtiyac var. ARANTV.AZ-\u0131n m\u0259lumat\u0131ba g\u00f6r\u0259, bunu Az\u0259rbaycan Prezidenti yan\u0131nda Qeyri-H\u00f6kum\u0259t T\u0259\u015fkilatlar\u0131na D\u00f6vl\u0259t D\u0259st\u0259yi \u015euras\u0131n\u0131n s\u0259dri Azay Quliyev \u201cSosial xidm\u0259tl\u0259r sah\u0259sind\u0259 qeyri-h\u00f6kum\u0259t t\u0259\u015fkilatlar\u0131 il\u0259 \u0259m\u0259kda\u015fl\u0131q: nailiyy\u0259tl\u0259r v\u0259 perspektivl\u0259r\u201d m\u00f6vzusunda ke\u00e7iril\u0259n t\u0259dbird\u0259 \u00e7\u0131x\u0131\u015f\u0131 zaman\u0131 bildirib. Onun s\u00f6zl\u0259rin\u0259 g\u00f6r\u0259, h\u0259l\u0259 d\u0259 qanunvericilik sah\u0259sind\u0259 b\u0259zi bo\u015fluqlar var: \u201cBir ne\u00e7\u0259 il \u0259vv\u0259l \u201cSosial&hellip;","_links":{"self":[{"href":"https:\/\/arantv.az\/index.php?rest_route=\/wp\/v2\/posts\/108327"}],"collection":[{"href":"https:\/\/arantv.az\/index.php?rest_route=\/wp\/v2\/posts"}],"about":[{"href":"https:\/\/arantv.az\/index.php?rest_route=\/wp\/v2\/types\/post"}],"author":[{"embeddable":true,"href":"https:\/\/arantv.az\/index.php?rest_route=\/wp\/v2\/users\/2"}],"replies":[{"embeddable":true,"href":"https:\/\/arantv.az\/index.php?rest_route=%2Fwp%2Fv2%2Fcomments&post=108327"}],"version-history":[{"count":0,"href":"https:\/\/arantv.az\/index.php?rest_route=\/wp\/v2\/posts\/108327\/revisions"}],"wp:featuredmedia":[{"embeddable":true,"href":"https:\/\/arantv.az\/index.php?rest_route=\/wp\/v2\/media\/108328"}],"wp:attachment":[{"href":"https:\/\/arantv.az\/index.php?rest_route=%2Fwp%2Fv2%2Fmedia&parent=108327"}],"wp:term":[{"taxonomy":"category","embeddable":true,"href":"https:\/\/arantv.az\/index.php?rest_route=%2Fwp%2Fv2%2Fcategories&post=108327"},{"taxonomy":"post_tag","embeddable":true,"href":"https:\/\/arantv.az\/index.php?rest_route=%2Fwp%2Fv2%2Ftags&post=108327"}],"curies":[{"name":"wp","href":"https:\/\/api.w.org\/{rel}","templated":true}]}}