{"id":108331,"date":"2019-12-17T11:33:09","date_gmt":"2019-12-17T08:33:09","guid":{"rendered":"http:\/\/arantv.az\/?p=108331"},"modified":"2019-12-17T11:33:09","modified_gmt":"2019-12-17T08:33:09","slug":"ozb%c9%99kistanda-yeni-d%c9%99mir-yolu-marsrutu-acilir-cind%c9%99n-g%c9%99l%c9%99n-yukl%c9%99r-dasinacaq","status":"publish","type":"post","link":"https:\/\/arantv.az\/?p=108331","title":{"rendered":"\u00d6zb\u0259kistanda yeni d\u0259mir yolu mar\u015frutu a\u00e7\u0131l\u0131r &#8211; \u00c7ind\u0259n g\u0259l\u0259n y\u00fckl\u0259r da\u015f\u0131nacaq"},"content":{"rendered":"<p>Az\u0259rbaycan\u0131n i\u015ftirak\u0131 il\u0259 \u00d6zb\u0259kistanda yeni d\u0259mir yolu mar\u015frutunun a\u00e7\u0131lmas\u0131n\u0131n m\u00fczakir\u0259si n\u0259z\u0259rd\u0259 tutulur.<\/p>\n<p><strong>ARANTV.AZ\u00a0\u00a0<\/strong>x\u0259b\u0259r verir ki, bu s\u00f6zl\u0259ri \u201cAz\u0259rbaycan D\u0259miryollar\u0131\u201d QSC-nin s\u0259dri Cavid Qurbanov m\u0259tbuat konfrans\u0131nda deyib.<\/p>\n<div id=\"AdviadNativeVideo0\" class=\"AdviadNativeVideo\"><\/div>\n<p>O bildirib ki, dekabr ay\u0131n\u0131n 18-d\u0259 \u00d6zb\u0259kistan\u0131n paytaxt\u0131 Da\u015fk\u0259ndd\u0259 g\u00f6r\u00fc\u015f olacaq:<\/p>\n<p>\u201cKe\u00e7iril\u0259c\u0259k g\u00f6r\u00fc\u015fd\u0259 T\u00fcrkm\u0259nistan, G\u00fcrc\u00fcstan, Az\u0259rbaycan, \u00d6zb\u0259kistan, Q\u0131r\u011f\u0131z\u0131stan\u0131n d\u0259mir yollar\u0131 r\u0259smil\u0259ri i\u015ftirak ed\u0259c\u0259k. \u00c7ind\u0259n g\u0259l\u0259n y\u00fckl\u0259rin da\u015f\u0131nmas\u0131nda bu yeni mar\u015frut x\u0259ttind\u0259n istifad\u0259 oluna bil\u0259r\u201d.Oxu.Az<\/p>\n","protected":false},"excerpt":{"rendered":"<p>Az\u0259rbaycan\u0131n i\u015ftirak\u0131 il\u0259 \u00d6zb\u0259kistanda yeni d\u0259mir yolu mar\u015frutunun a\u00e7\u0131lmas\u0131n\u0131n m\u00fczakir\u0259si n\u0259z\u0259rd\u0259 tutulur. ARANTV.AZ\u00a0\u00a0x\u0259b\u0259r verir ki, bu s\u00f6zl\u0259ri \u201cAz\u0259rbaycan D\u0259miryollar\u0131\u201d QSC-nin s\u0259dri Cavid Qurbanov m\u0259tbuat konfrans\u0131nda deyib. O bildirib ki, dekabr ay\u0131n\u0131n 18-d\u0259 \u00d6zb\u0259kistan\u0131n paytaxt\u0131 Da\u015fk\u0259ndd\u0259 g\u00f6r\u00fc\u015f olacaq: \u201cKe\u00e7iril\u0259c\u0259k g\u00f6r\u00fc\u015fd\u0259 T\u00fcrkm\u0259nistan, G\u00fcrc\u00fcstan, Az\u0259rbaycan, \u00d6zb\u0259kistan, Q\u0131r\u011f\u0131z\u0131stan\u0131n d\u0259mir yollar\u0131 r\u0259smil\u0259ri i\u015ftirak ed\u0259c\u0259k. \u00c7ind\u0259n g\u0259l\u0259n y\u00fckl\u0259rin da\u015f\u0131nmas\u0131nda bu yeni mar\u015frut x\u0259ttind\u0259n istifad\u0259 oluna bil\u0259r\u201d.Oxu.Az<\/p>\n","protected":false},"author":2,"featured_media":108332,"comment_status":"closed","ping_status":"closed","sticky":false,"template":"","format":"standard","meta":{"om_disable_all_campaigns":false,"_monsterinsights_skip_tracking":false,"_monsterinsights_sitenote_active":false,"_monsterinsights_sitenote_note":"","_monsterinsights_sitenote_category":0},"categories":[1],"tags":[],"aioseo_notices":[],"gutentor_comment":0,"rttpg_featured_image_url":{"full":["https:\/\/arantv.az\/wp-content\/uploads\/2019\/12\/1518165961.jpg",620,413,false],"landscape":["https:\/\/arantv.az\/wp-content\/uploads\/2019\/12\/1518165961.jpg",620,413,false],"portraits":["https:\/\/arantv.az\/wp-content\/uploads\/2019\/12\/1518165961.jpg",620,413,false],"thumbnail":["https:\/\/arantv.az\/wp-content\/uploads\/2019\/12\/1518165961-150x150.jpg",150,150,true],"medium":["https:\/\/arantv.az\/wp-content\/uploads\/2019\/12\/1518165961-300x200.jpg",300,200,true],"large":["https:\/\/arantv.az\/wp-content\/uploads\/2019\/12\/1518165961.jpg",620,413,false],"1536x1536":["https:\/\/arantv.az\/wp-content\/uploads\/2019\/12\/1518165961.jpg",620,413,false],"2048x2048":["https:\/\/arantv.az\/wp-content\/uploads\/2019\/12\/1518165961.jpg",620,413,false],"post-thumbnail":["https:\/\/arantv.az\/wp-content\/uploads\/2019\/12\/1518165961-240x172.jpg",240,172,true],"advps-thumb-one":["https:\/\/arantv.az\/wp-content\/uploads\/2019\/12\/1518165961.jpg",620,413,false]},"rttpg_author":{"display_name":"V\u00fcsal Rafiqo\u011flu","author_link":"https:\/\/arantv.az\/?author=2"},"rttpg_comment":0,"rttpg_category":"<a href=\"https:\/\/arantv.az\/?cat=1\" rel=\"category\">C\u0259miyy\u0259t<\/a>","rttpg_excerpt":"Az\u0259rbaycan\u0131n i\u015ftirak\u0131 il\u0259 \u00d6zb\u0259kistanda yeni d\u0259mir yolu mar\u015frutunun a\u00e7\u0131lmas\u0131n\u0131n m\u00fczakir\u0259si n\u0259z\u0259rd\u0259 tutulur. ARANTV.AZ\u00a0\u00a0x\u0259b\u0259r verir ki, bu s\u00f6zl\u0259ri \u201cAz\u0259rbaycan D\u0259miryollar\u0131\u201d QSC-nin s\u0259dri Cavid Qurbanov m\u0259tbuat konfrans\u0131nda deyib. O bildirib ki, dekabr ay\u0131n\u0131n 18-d\u0259 \u00d6zb\u0259kistan\u0131n paytaxt\u0131 Da\u015fk\u0259ndd\u0259 g\u00f6r\u00fc\u015f olacaq: \u201cKe\u00e7iril\u0259c\u0259k g\u00f6r\u00fc\u015fd\u0259 T\u00fcrkm\u0259nistan, G\u00fcrc\u00fcstan, Az\u0259rbaycan, \u00d6zb\u0259kistan, Q\u0131r\u011f\u0131z\u0131stan\u0131n d\u0259mir yollar\u0131 r\u0259smil\u0259ri i\u015ftirak ed\u0259c\u0259k. \u00c7ind\u0259n g\u0259l\u0259n y\u00fckl\u0259rin da\u015f\u0131nmas\u0131nda bu yeni&hellip;","_links":{"self":[{"href":"https:\/\/arantv.az\/index.php?rest_route=\/wp\/v2\/posts\/108331"}],"collection":[{"href":"https:\/\/arantv.az\/index.php?rest_route=\/wp\/v2\/posts"}],"about":[{"href":"https:\/\/arantv.az\/index.php?rest_route=\/wp\/v2\/types\/post"}],"author":[{"embeddable":true,"href":"https:\/\/arantv.az\/index.php?rest_route=\/wp\/v2\/users\/2"}],"replies":[{"embeddable":true,"href":"https:\/\/arantv.az\/index.php?rest_route=%2Fwp%2Fv2%2Fcomments&post=108331"}],"version-history":[{"count":0,"href":"https:\/\/arantv.az\/index.php?rest_route=\/wp\/v2\/posts\/108331\/revisions"}],"wp:featuredmedia":[{"embeddable":true,"href":"https:\/\/arantv.az\/index.php?rest_route=\/wp\/v2\/media\/108332"}],"wp:attachment":[{"href":"https:\/\/arantv.az\/index.php?rest_route=%2Fwp%2Fv2%2Fmedia&parent=108331"}],"wp:term":[{"taxonomy":"category","embeddable":true,"href":"https:\/\/arantv.az\/index.php?rest_route=%2Fwp%2Fv2%2Fcategories&post=108331"},{"taxonomy":"post_tag","embeddable":true,"href":"https:\/\/arantv.az\/index.php?rest_route=%2Fwp%2Fv2%2Ftags&post=108331"}],"curies":[{"name":"wp","href":"https:\/\/api.w.org\/{rel}","templated":true}]}}