{"id":108344,"date":"2019-12-17T11:40:42","date_gmt":"2019-12-17T08:40:42","guid":{"rendered":"http:\/\/arantv.az\/?p=108344"},"modified":"2019-12-17T11:40:42","modified_gmt":"2019-12-17T08:40:42","slug":"evl%c9%99rd%c9%99-ehtiyaci-olanlara-sosial-xidm%c9%99tl%c9%99rin-gost%c9%99rilm%c9%99si-mexanizmi-t%c9%99kmill%c9%99sdiril%c9%99c%c9%99k","status":"publish","type":"post","link":"https:\/\/arantv.az\/?p=108344","title":{"rendered":"Evl\u0259rd\u0259 ehtiyac\u0131 olanlara sosial xidm\u0259tl\u0259rin g\u00f6st\u0259rilm\u0259si mexanizmi t\u0259kmill\u0259\u015fdiril\u0259c\u0259k"},"content":{"rendered":"<p>&#8220;\u018fm\u0259k v\u0259 \u018fhalinin Sosial M\u00fcdafi\u0259si Nazirliyi ehtiyac\u0131 olan \u015f\u0259xsl\u0259r\u0259 evl\u0259rind\u0259 sosial i\u015f\u00e7il\u0259r t\u0259r\u0259find\u0259n xidm\u0259tl\u0259rin g\u00f6st\u0259rilm\u0259si il\u0259 ba\u011fl\u0131 yeni model \u00fcz\u0259rind\u0259 i\u015fl\u0259yir&#8221;.<\/p>\n<p><strong>ARANTV.AZ<\/strong>\u00a0\u00a0<a href=\"https:\/\/az.trend.az\/\" target=\"_blank\" rel=\"noopener\">Trend<\/a>-\u0259 istinad\u0259n x\u0259b\u0259r verir ki, bunu \u018fm\u0259k v\u0259 \u018fhalinin Sosial M\u00fcdafi\u0259si naziri Sahil Babayev &#8220;Sosial xidm\u0259tl\u0259r sah\u0259sind\u0259 qeyri-h\u00f6kum\u0259t t\u0259\u015fkilatlar\u0131 il\u0259 \u0259m\u0259kda\u015fl\u0131q, nailiyy\u0259tl\u0259r v\u0259 perspektivl\u0259r&#8221; m\u00f6vzusunda ke\u00e7iril\u0259n t\u0259dbird\u0259 deyib.<\/p>\n<p>Onun s\u00f6zl\u0259rin\u0259 g\u00f6r\u0259, t\u0259nha, kims\u0259siz, \u0259lil, ehtiyac\u0131 olan v\u0259 \u00f6z\u00fcn\u0259 qulluq ed\u0259 bilm\u0259y\u0259n insanlara sosial i\u015f\u00e7il\u0259r t\u0259r\u0259find\u0259n evl\u0259rind\u0259 xidm\u0259t g\u00f6st\u0259rilir:<\/p>\n<p>&#8220;\u0130l \u0259rzind\u0259 nazirliyin 1000 yax\u0131n sosial i\u015f\u00e7isi t\u0259r\u0259find\u0259n t\u0259xmin\u0259n 10 min insana bu mexanizm vasit\u0259sil\u0259 evl\u0259rind\u0259 xidm\u0259t g\u00f6st\u0259rilir. Haz\u0131rda bu istiqam\u0259t\u0259 uy\u011fun olaraq, yeni model \u00fcz\u0259rind\u0259 i\u015fl\u0259yirik. Bu model daha da t\u0259kmill\u0259\u015fdiril\u0259c\u0259k. Beyn\u0259lxalq t\u0259cr\u00fcb\u0259y\u0259 uy\u011fun \u015f\u0259kild\u0259 ah\u0131l, t\u0259nha \u015f\u0259xsl\u0259r\u0259 evd\u0259 xidm\u0259t g\u00f6st\u0259rilm\u0259si prosedurlar\u0131n\u0131n mexanizml\u0259ri v\u0259 \u0259hat\u0259 dair\u0259si daha da geni\u015fl\u0259ndiril\u0259c\u0259k&#8221;.<\/p>\n","protected":false},"excerpt":{"rendered":"<p>&#8220;\u018fm\u0259k v\u0259 \u018fhalinin Sosial M\u00fcdafi\u0259si Nazirliyi ehtiyac\u0131 olan \u015f\u0259xsl\u0259r\u0259 evl\u0259rind\u0259 sosial i\u015f\u00e7il\u0259r t\u0259r\u0259find\u0259n xidm\u0259tl\u0259rin g\u00f6st\u0259rilm\u0259si il\u0259 ba\u011fl\u0131 yeni model \u00fcz\u0259rind\u0259 i\u015fl\u0259yir&#8221;. ARANTV.AZ\u00a0\u00a0Trend-\u0259 istinad\u0259n x\u0259b\u0259r verir ki, bunu \u018fm\u0259k v\u0259 \u018fhalinin Sosial M\u00fcdafi\u0259si naziri Sahil Babayev &#8220;Sosial xidm\u0259tl\u0259r sah\u0259sind\u0259 qeyri-h\u00f6kum\u0259t t\u0259\u015fkilatlar\u0131 il\u0259 \u0259m\u0259kda\u015fl\u0131q, nailiyy\u0259tl\u0259r v\u0259 perspektivl\u0259r&#8221; m\u00f6vzusunda ke\u00e7iril\u0259n t\u0259dbird\u0259 deyib. Onun s\u00f6zl\u0259rin\u0259 g\u00f6r\u0259, t\u0259nha, kims\u0259siz, \u0259lil, ehtiyac\u0131 olan v\u0259 \u00f6z\u00fcn\u0259 qulluq ed\u0259 bilm\u0259y\u0259n insanlara sosial i\u015f\u00e7il\u0259r t\u0259r\u0259find\u0259n evl\u0259rind\u0259 xidm\u0259t g\u00f6st\u0259rilir: &#8220;\u0130l \u0259rzind\u0259 nazirliyin 1000 yax\u0131n sosial i\u015f\u00e7isi t\u0259r\u0259find\u0259n t\u0259xmin\u0259n 10 min insana bu mexanizm vasit\u0259sil\u0259 evl\u0259rind\u0259 xidm\u0259t g\u00f6st\u0259rilir. Haz\u0131rda bu istiqam\u0259t\u0259&hellip;<\/p>\n","protected":false},"author":2,"featured_media":108345,"comment_status":"closed","ping_status":"closed","sticky":false,"template":"","format":"standard","meta":{"om_disable_all_campaigns":false,"_monsterinsights_skip_tracking":false,"_monsterinsights_sitenote_active":false,"_monsterinsights_sitenote_note":"","_monsterinsights_sitenote_category":0},"categories":[1],"tags":[],"aioseo_notices":[],"gutentor_comment":0,"rttpg_featured_image_url":{"full":["https:\/\/arantv.az\/wp-content\/uploads\/2019\/12\/811070.jpg",800,600,false],"landscape":["https:\/\/arantv.az\/wp-content\/uploads\/2019\/12\/811070.jpg",800,600,false],"portraits":["https:\/\/arantv.az\/wp-content\/uploads\/2019\/12\/811070.jpg",800,600,false],"thumbnail":["https:\/\/arantv.az\/wp-content\/uploads\/2019\/12\/811070-150x150.jpg",150,150,true],"medium":["https:\/\/arantv.az\/wp-content\/uploads\/2019\/12\/811070-300x225.jpg",300,225,true],"large":["https:\/\/arantv.az\/wp-content\/uploads\/2019\/12\/811070.jpg",640,480,false],"1536x1536":["https:\/\/arantv.az\/wp-content\/uploads\/2019\/12\/811070.jpg",800,600,false],"2048x2048":["https:\/\/arantv.az\/wp-content\/uploads\/2019\/12\/811070.jpg",800,600,false],"post-thumbnail":["https:\/\/arantv.az\/wp-content\/uploads\/2019\/12\/811070-240x172.jpg",240,172,true],"advps-thumb-one":["https:\/\/arantv.az\/wp-content\/uploads\/2019\/12\/811070.jpg",800,600,false]},"rttpg_author":{"display_name":"V\u00fcsal Rafiqo\u011flu","author_link":"https:\/\/arantv.az\/?author=2"},"rttpg_comment":0,"rttpg_category":"<a href=\"https:\/\/arantv.az\/?cat=1\" rel=\"category\">C\u0259miyy\u0259t<\/a>","rttpg_excerpt":"&#8220;\u018fm\u0259k v\u0259 \u018fhalinin Sosial M\u00fcdafi\u0259si Nazirliyi ehtiyac\u0131 olan \u015f\u0259xsl\u0259r\u0259 evl\u0259rind\u0259 sosial i\u015f\u00e7il\u0259r t\u0259r\u0259find\u0259n xidm\u0259tl\u0259rin g\u00f6st\u0259rilm\u0259si il\u0259 ba\u011fl\u0131 yeni model \u00fcz\u0259rind\u0259 i\u015fl\u0259yir&#8221;. ARANTV.AZ\u00a0\u00a0Trend-\u0259 istinad\u0259n x\u0259b\u0259r verir ki, bunu \u018fm\u0259k v\u0259 \u018fhalinin Sosial M\u00fcdafi\u0259si naziri Sahil Babayev &#8220;Sosial xidm\u0259tl\u0259r sah\u0259sind\u0259 qeyri-h\u00f6kum\u0259t t\u0259\u015fkilatlar\u0131 il\u0259 \u0259m\u0259kda\u015fl\u0131q, nailiyy\u0259tl\u0259r v\u0259 perspektivl\u0259r&#8221; m\u00f6vzusunda ke\u00e7iril\u0259n t\u0259dbird\u0259 deyib. Onun s\u00f6zl\u0259rin\u0259 g\u00f6r\u0259, t\u0259nha, kims\u0259siz, \u0259lil,&hellip;","_links":{"self":[{"href":"https:\/\/arantv.az\/index.php?rest_route=\/wp\/v2\/posts\/108344"}],"collection":[{"href":"https:\/\/arantv.az\/index.php?rest_route=\/wp\/v2\/posts"}],"about":[{"href":"https:\/\/arantv.az\/index.php?rest_route=\/wp\/v2\/types\/post"}],"author":[{"embeddable":true,"href":"https:\/\/arantv.az\/index.php?rest_route=\/wp\/v2\/users\/2"}],"replies":[{"embeddable":true,"href":"https:\/\/arantv.az\/index.php?rest_route=%2Fwp%2Fv2%2Fcomments&post=108344"}],"version-history":[{"count":0,"href":"https:\/\/arantv.az\/index.php?rest_route=\/wp\/v2\/posts\/108344\/revisions"}],"wp:featuredmedia":[{"embeddable":true,"href":"https:\/\/arantv.az\/index.php?rest_route=\/wp\/v2\/media\/108345"}],"wp:attachment":[{"href":"https:\/\/arantv.az\/index.php?rest_route=%2Fwp%2Fv2%2Fmedia&parent=108344"}],"wp:term":[{"taxonomy":"category","embeddable":true,"href":"https:\/\/arantv.az\/index.php?rest_route=%2Fwp%2Fv2%2Fcategories&post=108344"},{"taxonomy":"post_tag","embeddable":true,"href":"https:\/\/arantv.az\/index.php?rest_route=%2Fwp%2Fv2%2Ftags&post=108344"}],"curies":[{"name":"wp","href":"https:\/\/api.w.org\/{rel}","templated":true}]}}