{"id":108348,"date":"2019-12-17T11:59:38","date_gmt":"2019-12-17T08:59:38","guid":{"rendered":"http:\/\/arantv.az\/?p=108348"},"modified":"2019-12-17T11:59:38","modified_gmt":"2019-12-17T08:59:38","slug":"az%c9%99rbaycanda-pensiya-yasina-catan-s%c9%99xsl%c9%99r%c9%99-yeni-x%c9%99b%c9%99r","status":"publish","type":"post","link":"https:\/\/arantv.az\/?p=108348","title":{"rendered":"Az\u0259rbaycanda pensiya ya\u015f\u0131na \u00e7atan \u015f\u0259xsl\u0259r\u0259 YEN\u0130 X\u018fB\u018fR"},"content":{"rendered":"<p>&#8220;Az\u0259rbaycanda pensiya ya\u015f\u0131na \u00e7atan \u015f\u0259xsl\u0259r \u00fc\u00e7\u00fcn 10-d\u0259k ah\u0131llar m\u0259rk\u0259zinin yarad\u0131lmas\u0131 n\u0259z\u0259rd\u0259 tutulur&#8221;.<\/p>\n<p><strong>ARANTV.AZ<\/strong>\u00a0\u00a0<a href=\"https:\/\/az.trend.az\/\" target=\"_blank\" rel=\"noopener\">Trend<\/a>-\u0259 istinad\u0259n x\u0259b\u0259r verir ki, bunu \u018fm\u0259k v\u0259 \u018fhalinin Sosial M\u00fcdafi\u0259si naziri Sahil Babayev &#8220;Sosial xidm\u0259tl\u0259r sah\u0259sind\u0259 qeyri-h\u00f6kum\u0259t t\u0259\u015fkilatlar\u0131 il\u0259 \u0259m\u0259kda\u015fl\u0131q: nailiyy\u0259tl\u0259r v\u0259 perspektivl\u0259r&#8221; m\u00f6vzusunda ke\u00e7iril\u0259n konfransda \u00e7\u0131x\u0131\u015f\u0131 zaman\u0131 bildirib.<\/p>\n<p>Nazir hesab edir ki, bu m\u0259rk\u0259zl\u0259rin f\u0259aliyy\u0259ti \u00f6lk\u0259 \u00fczr\u0259 sosial xidm\u0259t \u015f\u0259b\u0259k\u0259sinin yarad\u0131lmas\u0131na b\u00f6y\u00fck bir d\u0259st\u0259kdir.<\/p>\n<div>\n<div id=\"AdviadNativeVideo0\" class=\"AdviadNativeVideo\"><\/div>\n<\/div>\n<p>Onun fikrinc\u0259, bu \u015f\u0259b\u0259k\u0259 b\u00fct\u00fcn rayonlar\u0131 \u0259hat\u0259 etm\u0259lidir: &#8220;\u00d6lk\u0259nin \u0259n az\u0131 60 rayonunda Ah\u0131llar M\u0259rk\u0259zinin yarad\u0131lmas\u0131na \u00e7ox ciddi ehtiyac var. Surdioloji M\u0259rk\u0259zl\u0259rin say\u0131 c\u0259mi 10-15-dir. G\u00f6rm\u0259 qabiliyy\u0259ti z\u0259if olan u\u015faqlar \u00fc\u00e7\u00fcn M\u0259rk\u0259zl\u0259rin say\u0131 da bu q\u0259d\u0259rdir. Bunlar\u0131n h\u0259r biri h\u0259r rayonda olmal\u0131d\u0131r. G\u00fcn\u0259rzi M\u0259rk\u0259zl\u0259rinin say\u0131n\u0131n 70 olmas\u0131na baxmayaraq, bu M\u0259rk\u0259zl\u0259r\u0259 ehtiyac d\u0259f\u0259l\u0259rl\u0259 art\u0131qd\u0131r. Bir G\u00fcn\u0259rzi M\u0259rk\u0259zi yax\u015f\u0131 halda 30-50 u\u015fa\u011fa xidm\u0259t ed\u0259 bilir. Ayd\u0131n m\u0259s\u0259l\u0259dir ki, 30-50 u\u015fa\u011fa xidm\u0259t ed\u0259n G\u00fcn\u0259rzi M\u0259rk\u0259zi 1-2 k\u0259ndin ehtiyac\u0131n\u0131 \u00f6d\u0259y\u0259 bilir, b\u00fct\u00f6v rayonunsa ehtiyac\u0131n\u0131 \u00f6d\u0259y\u0259 bilmir. Ona g\u00f6r\u0259 d\u0259 b\u00fct\u00fcn t\u0259\u015f\u0259bb\u00fcsl\u0259ri d\u0259st\u0259kl\u0259yirik v\u0259 birg\u0259 \u0259m\u0259kda\u015fl\u0131q g\u00f6st\u0259rm\u0259kd\u0259 maraql\u0131y\u0131q. D\u00fc\u015f\u00fcn\u00fcr\u0259m ki, h\u0259m qanunvericiliyin inki\u015faf etdirilm\u0259si, h\u0259m d\u0259 ortaq layih\u0259l\u0259rl\u0259 bu seqmenti daha da art\u0131ra bil\u0259rik&#8221;.<\/p>\n","protected":false},"excerpt":{"rendered":"<p>&#8220;Az\u0259rbaycanda pensiya ya\u015f\u0131na \u00e7atan \u015f\u0259xsl\u0259r \u00fc\u00e7\u00fcn 10-d\u0259k ah\u0131llar m\u0259rk\u0259zinin yarad\u0131lmas\u0131 n\u0259z\u0259rd\u0259 tutulur&#8221;. ARANTV.AZ\u00a0\u00a0Trend-\u0259 istinad\u0259n x\u0259b\u0259r verir ki, bunu \u018fm\u0259k v\u0259 \u018fhalinin Sosial M\u00fcdafi\u0259si naziri Sahil Babayev &#8220;Sosial xidm\u0259tl\u0259r sah\u0259sind\u0259 qeyri-h\u00f6kum\u0259t t\u0259\u015fkilatlar\u0131 il\u0259 \u0259m\u0259kda\u015fl\u0131q: nailiyy\u0259tl\u0259r v\u0259 perspektivl\u0259r&#8221; m\u00f6vzusunda ke\u00e7iril\u0259n konfransda \u00e7\u0131x\u0131\u015f\u0131 zaman\u0131 bildirib. Nazir hesab edir ki, bu m\u0259rk\u0259zl\u0259rin f\u0259aliyy\u0259ti \u00f6lk\u0259 \u00fczr\u0259 sosial xidm\u0259t \u015f\u0259b\u0259k\u0259sinin yarad\u0131lmas\u0131na b\u00f6y\u00fck bir d\u0259st\u0259kdir. Onun fikrinc\u0259, bu \u015f\u0259b\u0259k\u0259 b\u00fct\u00fcn rayonlar\u0131 \u0259hat\u0259 etm\u0259lidir: &#8220;\u00d6lk\u0259nin \u0259n az\u0131 60 rayonunda Ah\u0131llar M\u0259rk\u0259zinin yarad\u0131lmas\u0131na \u00e7ox ciddi ehtiyac var. Surdioloji M\u0259rk\u0259zl\u0259rin say\u0131 c\u0259mi 10-15-dir. G\u00f6rm\u0259 qabiliyy\u0259ti z\u0259if olan u\u015faqlar \u00fc\u00e7\u00fcn M\u0259rk\u0259zl\u0259rin&hellip;<\/p>\n","protected":false},"author":2,"featured_media":108349,"comment_status":"closed","ping_status":"closed","sticky":false,"template":"","format":"standard","meta":{"om_disable_all_campaigns":false,"_monsterinsights_skip_tracking":false,"_monsterinsights_sitenote_active":false,"_monsterinsights_sitenote_note":"","_monsterinsights_sitenote_category":0},"categories":[1],"tags":[],"aioseo_notices":[],"gutentor_comment":0,"rttpg_featured_image_url":{"full":["https:\/\/arantv.az\/wp-content\/uploads\/2019\/12\/yasli_insanlar_0124.jpg",800,600,false],"landscape":["https:\/\/arantv.az\/wp-content\/uploads\/2019\/12\/yasli_insanlar_0124.jpg",800,600,false],"portraits":["https:\/\/arantv.az\/wp-content\/uploads\/2019\/12\/yasli_insanlar_0124.jpg",800,600,false],"thumbnail":["https:\/\/arantv.az\/wp-content\/uploads\/2019\/12\/yasli_insanlar_0124-150x150.jpg",150,150,true],"medium":["https:\/\/arantv.az\/wp-content\/uploads\/2019\/12\/yasli_insanlar_0124-300x225.jpg",300,225,true],"large":["https:\/\/arantv.az\/wp-content\/uploads\/2019\/12\/yasli_insanlar_0124.jpg",640,480,false],"1536x1536":["https:\/\/arantv.az\/wp-content\/uploads\/2019\/12\/yasli_insanlar_0124.jpg",800,600,false],"2048x2048":["https:\/\/arantv.az\/wp-content\/uploads\/2019\/12\/yasli_insanlar_0124.jpg",800,600,false],"post-thumbnail":["https:\/\/arantv.az\/wp-content\/uploads\/2019\/12\/yasli_insanlar_0124-240x172.jpg",240,172,true],"advps-thumb-one":["https:\/\/arantv.az\/wp-content\/uploads\/2019\/12\/yasli_insanlar_0124.jpg",800,600,false]},"rttpg_author":{"display_name":"V\u00fcsal Rafiqo\u011flu","author_link":"https:\/\/arantv.az\/?author=2"},"rttpg_comment":0,"rttpg_category":"<a href=\"https:\/\/arantv.az\/?cat=1\" rel=\"category\">C\u0259miyy\u0259t<\/a>","rttpg_excerpt":"&#8220;Az\u0259rbaycanda pensiya ya\u015f\u0131na \u00e7atan \u015f\u0259xsl\u0259r \u00fc\u00e7\u00fcn 10-d\u0259k ah\u0131llar m\u0259rk\u0259zinin yarad\u0131lmas\u0131 n\u0259z\u0259rd\u0259 tutulur&#8221;. ARANTV.AZ\u00a0\u00a0Trend-\u0259 istinad\u0259n x\u0259b\u0259r verir ki, bunu \u018fm\u0259k v\u0259 \u018fhalinin Sosial M\u00fcdafi\u0259si naziri Sahil Babayev &#8220;Sosial xidm\u0259tl\u0259r sah\u0259sind\u0259 qeyri-h\u00f6kum\u0259t t\u0259\u015fkilatlar\u0131 il\u0259 \u0259m\u0259kda\u015fl\u0131q: nailiyy\u0259tl\u0259r v\u0259 perspektivl\u0259r&#8221; m\u00f6vzusunda ke\u00e7iril\u0259n konfransda \u00e7\u0131x\u0131\u015f\u0131 zaman\u0131 bildirib. Nazir hesab edir ki, bu m\u0259rk\u0259zl\u0259rin f\u0259aliyy\u0259ti \u00f6lk\u0259 \u00fczr\u0259 sosial xidm\u0259t \u015f\u0259b\u0259k\u0259sinin yarad\u0131lmas\u0131na&hellip;","_links":{"self":[{"href":"https:\/\/arantv.az\/index.php?rest_route=\/wp\/v2\/posts\/108348"}],"collection":[{"href":"https:\/\/arantv.az\/index.php?rest_route=\/wp\/v2\/posts"}],"about":[{"href":"https:\/\/arantv.az\/index.php?rest_route=\/wp\/v2\/types\/post"}],"author":[{"embeddable":true,"href":"https:\/\/arantv.az\/index.php?rest_route=\/wp\/v2\/users\/2"}],"replies":[{"embeddable":true,"href":"https:\/\/arantv.az\/index.php?rest_route=%2Fwp%2Fv2%2Fcomments&post=108348"}],"version-history":[{"count":0,"href":"https:\/\/arantv.az\/index.php?rest_route=\/wp\/v2\/posts\/108348\/revisions"}],"wp:featuredmedia":[{"embeddable":true,"href":"https:\/\/arantv.az\/index.php?rest_route=\/wp\/v2\/media\/108349"}],"wp:attachment":[{"href":"https:\/\/arantv.az\/index.php?rest_route=%2Fwp%2Fv2%2Fmedia&parent=108348"}],"wp:term":[{"taxonomy":"category","embeddable":true,"href":"https:\/\/arantv.az\/index.php?rest_route=%2Fwp%2Fv2%2Fcategories&post=108348"},{"taxonomy":"post_tag","embeddable":true,"href":"https:\/\/arantv.az\/index.php?rest_route=%2Fwp%2Fv2%2Ftags&post=108348"}],"curies":[{"name":"wp","href":"https:\/\/api.w.org\/{rel}","templated":true}]}}