{"id":108356,"date":"2019-12-17T12:02:14","date_gmt":"2019-12-17T09:02:14","guid":{"rendered":"http:\/\/arantv.az\/?p=108356"},"modified":"2019-12-17T12:02:14","modified_gmt":"2019-12-17T09:02:14","slug":"bu-il-k%c9%99nd-t%c9%99s%c9%99rrufati-m%c9%99hsullarinin-istehsal-h%c9%99cmi-ot%c9%99n-ill%c9%99-muqayis%c9%99d%c9%99-71-faiz-artib","status":"publish","type":"post","link":"https:\/\/arantv.az\/?p=108356","title":{"rendered":"Bu il k\u0259nd t\u0259s\u0259rr\u00fcfat\u0131 m\u0259hsullar\u0131n\u0131n istehsal h\u0259cmi \u00f6t\u0259n ill\u0259 m\u00fcqayis\u0259d\u0259 7,1 faiz art\u0131b"},"content":{"rendered":"<p>&#8220;Bu ilin 9 ay\u0131 \u0259rzind\u0259 k\u0259nd t\u0259s\u0259rr\u00fcfat\u0131 m\u0259hsullar\u0131n\u0131n istehsal h\u0259cmi \u00f6t\u0259n ilin m\u00fcvafiq d\u00f6vr\u00fc il\u0259 m\u00fcqayis\u0259d\u0259 7,1% art\u0131b&#8221;.<\/p>\n<p><strong>ARANTV.AZ<\/strong>\u00a0\u00a0<a href=\"https:\/\/az.trend.az\/\" target=\"_blank\" rel=\"noopener\">Trend<\/a>-\u0259 istinad\u0259n x\u0259b\u0259r verir ki, bunu K\u0259nd T\u0259s\u0259rr\u00fcfat\u0131 naziri \u0130nam K\u0259rimov deyib.<\/p>\n<p>Onun s\u00f6zl\u0259rin\u0259 g\u00f6r\u0259, k\u0259nd t\u0259s\u0259rr\u00fcfat\u0131, me\u015f\u0259 v\u0259 bal\u0131q\u00e7\u0131l\u0131q sah\u0259sind\u0259 yarad\u0131lan \u0259lav\u0259 d\u0259y\u0259rin \u00fcmumi daxili m\u0259hsulda pay\u0131 6,2% t\u0259\u015fkil edib, h\u0259m\u00e7inin aqrar m\u0259hsullar\u0131n Az\u0259rbaycandan ixrac\u0131 \u00f6t\u0259n ilin m\u00fcvafiq d\u00f6vr\u00fc il\u0259 \u0259sasl\u0131 formada art\u0131b:<\/p>\n<p>&#8220;Hesab edirik ki, bu g\u00f6st\u0259ricil\u0259r ilin sonunad\u0259k artacaq. Bu g\u00f6st\u0259ricil\u0259r \u00f6lk\u0259nin \u0259rzaq t\u0259hl\u00fck\u0259sizliyinin t\u0259min olunmas\u0131 istiqam\u0259tind\u0259 d\u00fczg\u00fcn d\u00f6vl\u0259t siyas\u0259tinin n\u0259tic\u0259si say\u0131la bil\u0259r&#8221;.<\/p>\n","protected":false},"excerpt":{"rendered":"<p>&#8220;Bu ilin 9 ay\u0131 \u0259rzind\u0259 k\u0259nd t\u0259s\u0259rr\u00fcfat\u0131 m\u0259hsullar\u0131n\u0131n istehsal h\u0259cmi \u00f6t\u0259n ilin m\u00fcvafiq d\u00f6vr\u00fc il\u0259 m\u00fcqayis\u0259d\u0259 7,1% art\u0131b&#8221;. ARANTV.AZ\u00a0\u00a0Trend-\u0259 istinad\u0259n x\u0259b\u0259r verir ki, bunu K\u0259nd T\u0259s\u0259rr\u00fcfat\u0131 naziri \u0130nam K\u0259rimov deyib. Onun s\u00f6zl\u0259rin\u0259 g\u00f6r\u0259, k\u0259nd t\u0259s\u0259rr\u00fcfat\u0131, me\u015f\u0259 v\u0259 bal\u0131q\u00e7\u0131l\u0131q sah\u0259sind\u0259 yarad\u0131lan \u0259lav\u0259 d\u0259y\u0259rin \u00fcmumi daxili m\u0259hsulda pay\u0131 6,2% t\u0259\u015fkil edib, h\u0259m\u00e7inin aqrar m\u0259hsullar\u0131n Az\u0259rbaycandan ixrac\u0131 \u00f6t\u0259n ilin m\u00fcvafiq d\u00f6vr\u00fc il\u0259 \u0259sasl\u0131 formada art\u0131b: &#8220;Hesab edirik ki, bu g\u00f6st\u0259ricil\u0259r ilin sonunad\u0259k artacaq. Bu g\u00f6st\u0259ricil\u0259r \u00f6lk\u0259nin \u0259rzaq t\u0259hl\u00fck\u0259sizliyinin t\u0259min olunmas\u0131 istiqam\u0259tind\u0259 d\u00fczg\u00fcn d\u00f6vl\u0259t siyas\u0259tinin n\u0259tic\u0259si say\u0131la bil\u0259r&#8221;.<\/p>\n","protected":false},"author":2,"featured_media":108357,"comment_status":"closed","ping_status":"closed","sticky":false,"template":"","format":"standard","meta":{"om_disable_all_campaigns":false,"_monsterinsights_skip_tracking":false,"_monsterinsights_sitenote_active":false,"_monsterinsights_sitenote_note":"","_monsterinsights_sitenote_category":0},"categories":[1],"tags":[],"aioseo_notices":[],"gutentor_comment":0,"rttpg_featured_image_url":{"full":["https:\/\/arantv.az\/wp-content\/uploads\/2019\/12\/811060.jpg",800,600,false],"landscape":["https:\/\/arantv.az\/wp-content\/uploads\/2019\/12\/811060.jpg",800,600,false],"portraits":["https:\/\/arantv.az\/wp-content\/uploads\/2019\/12\/811060.jpg",800,600,false],"thumbnail":["https:\/\/arantv.az\/wp-content\/uploads\/2019\/12\/811060-150x150.jpg",150,150,true],"medium":["https:\/\/arantv.az\/wp-content\/uploads\/2019\/12\/811060-300x225.jpg",300,225,true],"large":["https:\/\/arantv.az\/wp-content\/uploads\/2019\/12\/811060.jpg",640,480,false],"1536x1536":["https:\/\/arantv.az\/wp-content\/uploads\/2019\/12\/811060.jpg",800,600,false],"2048x2048":["https:\/\/arantv.az\/wp-content\/uploads\/2019\/12\/811060.jpg",800,600,false],"post-thumbnail":["https:\/\/arantv.az\/wp-content\/uploads\/2019\/12\/811060-240x172.jpg",240,172,true],"advps-thumb-one":["https:\/\/arantv.az\/wp-content\/uploads\/2019\/12\/811060.jpg",800,600,false]},"rttpg_author":{"display_name":"V\u00fcsal Rafiqo\u011flu","author_link":"https:\/\/arantv.az\/?author=2"},"rttpg_comment":0,"rttpg_category":"<a href=\"https:\/\/arantv.az\/?cat=1\" rel=\"category\">C\u0259miyy\u0259t<\/a>","rttpg_excerpt":"&#8220;Bu ilin 9 ay\u0131 \u0259rzind\u0259 k\u0259nd t\u0259s\u0259rr\u00fcfat\u0131 m\u0259hsullar\u0131n\u0131n istehsal h\u0259cmi \u00f6t\u0259n ilin m\u00fcvafiq d\u00f6vr\u00fc il\u0259 m\u00fcqayis\u0259d\u0259 7,1% art\u0131b&#8221;. ARANTV.AZ\u00a0\u00a0Trend-\u0259 istinad\u0259n x\u0259b\u0259r verir ki, bunu K\u0259nd T\u0259s\u0259rr\u00fcfat\u0131 naziri \u0130nam K\u0259rimov deyib. Onun s\u00f6zl\u0259rin\u0259 g\u00f6r\u0259, k\u0259nd t\u0259s\u0259rr\u00fcfat\u0131, me\u015f\u0259 v\u0259 bal\u0131q\u00e7\u0131l\u0131q sah\u0259sind\u0259 yarad\u0131lan \u0259lav\u0259 d\u0259y\u0259rin \u00fcmumi daxili m\u0259hsulda pay\u0131 6,2% t\u0259\u015fkil edib, h\u0259m\u00e7inin aqrar m\u0259hsullar\u0131n Az\u0259rbaycandan ixrac\u0131 \u00f6t\u0259n&hellip;","_links":{"self":[{"href":"https:\/\/arantv.az\/index.php?rest_route=\/wp\/v2\/posts\/108356"}],"collection":[{"href":"https:\/\/arantv.az\/index.php?rest_route=\/wp\/v2\/posts"}],"about":[{"href":"https:\/\/arantv.az\/index.php?rest_route=\/wp\/v2\/types\/post"}],"author":[{"embeddable":true,"href":"https:\/\/arantv.az\/index.php?rest_route=\/wp\/v2\/users\/2"}],"replies":[{"embeddable":true,"href":"https:\/\/arantv.az\/index.php?rest_route=%2Fwp%2Fv2%2Fcomments&post=108356"}],"version-history":[{"count":0,"href":"https:\/\/arantv.az\/index.php?rest_route=\/wp\/v2\/posts\/108356\/revisions"}],"wp:featuredmedia":[{"embeddable":true,"href":"https:\/\/arantv.az\/index.php?rest_route=\/wp\/v2\/media\/108357"}],"wp:attachment":[{"href":"https:\/\/arantv.az\/index.php?rest_route=%2Fwp%2Fv2%2Fmedia&parent=108356"}],"wp:term":[{"taxonomy":"category","embeddable":true,"href":"https:\/\/arantv.az\/index.php?rest_route=%2Fwp%2Fv2%2Fcategories&post=108356"},{"taxonomy":"post_tag","embeddable":true,"href":"https:\/\/arantv.az\/index.php?rest_route=%2Fwp%2Fv2%2Ftags&post=108356"}],"curies":[{"name":"wp","href":"https:\/\/api.w.org\/{rel}","templated":true}]}}