{"id":108372,"date":"2019-12-17T12:53:30","date_gmt":"2019-12-17T09:53:30","guid":{"rendered":"http:\/\/arantv.az\/?p=108372"},"modified":"2019-12-17T12:53:30","modified_gmt":"2019-12-17T09:53:30","slug":"bu-halda-sumqayit-baki-arasinda-sixliq-aradan-qaldirilacaq-cavid-qurbanov","status":"publish","type":"post","link":"https:\/\/arantv.az\/?p=108372","title":{"rendered":"Bu halda Sumqay\u0131t-Bak\u0131 aras\u0131nda s\u0131xl\u0131q aradan qald\u0131r\u0131lacaq &#8211; Cavid Qurbanov"},"content":{"rendered":"<p>&#8220;Sumqay\u0131t-Bak\u0131 aras\u0131nda s\u0131xl\u0131q ona g\u00f6r\u0259dir ki, Sumqay\u0131t-Bak\u0131 x\u0259tti t\u0259kc\u0259 s\u0259rni\u015finda\u015f\u0131maya xidm\u0259t etmir, h\u0259m d\u0259 y\u00fckda\u015f\u0131ma \u00fc\u00e7\u00fcn istifad\u0259 olunur&#8221;.<\/p>\n<p><strong>ARANTV.AZ<\/strong>\u00a0\u00a0<a href=\"https:\/\/az.trend.az\/\" target=\"_blank\" rel=\"noopener\">Trend<\/a>-\u0259 istinad\u0259n x\u0259b\u0259r verir ki, bunu &#8220;Az\u0259rbaycan D\u0259mir Yollar\u0131&#8221; QSC-nin s\u0259dri Cavid Qurbanov Yeni Az\u0259rbaycan Partiyas\u0131n\u0131n q\u0259rargah\u0131nda ke\u00e7iril\u0259n m\u0259tbuat konfrans\u0131nda deyib.<\/p>\n<p>C.Qurbanov bildirib ki, bu s\u0131xl\u0131\u011f\u0131n aradan qald\u0131r\u0131lmas\u0131 istiqam\u0259tind\u0259 t\u0259dbirl\u0259r g\u00f6r\u00fcl\u00fcr.<\/p>\n<p>O qeyd edib ki, Bak\u0131da G\u00fczd\u0259k-Sahil d\u0259mir yolunun t\u0259mir etdirilm\u0259si n\u0259tic\u0259sind\u0259 Bak\u0131 x\u0259tti yaln\u0131z s\u0259rni\u015finda\u015f\u0131ma \u00fc\u00e7\u00fcn istifad\u0259 olunacaq.<\/p>\n<p>C.Qurbaov \u0259lav\u0259 edib ki, yeni qatarlar g\u0259l\u0259c\u0259k v\u0259 yax\u0131n zamanlarda s\u0131xl\u0131q aradan qald\u0131r\u0131lacaq.<\/p>\n","protected":false},"excerpt":{"rendered":"<p>&#8220;Sumqay\u0131t-Bak\u0131 aras\u0131nda s\u0131xl\u0131q ona g\u00f6r\u0259dir ki, Sumqay\u0131t-Bak\u0131 x\u0259tti t\u0259kc\u0259 s\u0259rni\u015finda\u015f\u0131maya xidm\u0259t etmir, h\u0259m d\u0259 y\u00fckda\u015f\u0131ma \u00fc\u00e7\u00fcn istifad\u0259 olunur&#8221;. ARANTV.AZ\u00a0\u00a0Trend-\u0259 istinad\u0259n x\u0259b\u0259r verir ki, bunu &#8220;Az\u0259rbaycan D\u0259mir Yollar\u0131&#8221; QSC-nin s\u0259dri Cavid Qurbanov Yeni Az\u0259rbaycan Partiyas\u0131n\u0131n q\u0259rargah\u0131nda ke\u00e7iril\u0259n m\u0259tbuat konfrans\u0131nda deyib. C.Qurbanov bildirib ki, bu s\u0131xl\u0131\u011f\u0131n aradan qald\u0131r\u0131lmas\u0131 istiqam\u0259tind\u0259 t\u0259dbirl\u0259r g\u00f6r\u00fcl\u00fcr. O qeyd edib ki, Bak\u0131da G\u00fczd\u0259k-Sahil d\u0259mir yolunun t\u0259mir etdirilm\u0259si n\u0259tic\u0259sind\u0259 Bak\u0131 x\u0259tti yaln\u0131z s\u0259rni\u015finda\u015f\u0131ma \u00fc\u00e7\u00fcn istifad\u0259 olunacaq. C.Qurbaov \u0259lav\u0259 edib ki, yeni qatarlar g\u0259l\u0259c\u0259k v\u0259 yax\u0131n zamanlarda s\u0131xl\u0131q aradan qald\u0131r\u0131lacaq.<\/p>\n","protected":false},"author":2,"featured_media":108373,"comment_status":"closed","ping_status":"closed","sticky":false,"template":"","format":"standard","meta":{"om_disable_all_campaigns":false,"_monsterinsights_skip_tracking":false,"_monsterinsights_sitenote_active":false,"_monsterinsights_sitenote_note":"","_monsterinsights_sitenote_category":0},"categories":[1],"tags":[],"aioseo_notices":[],"gutentor_comment":0,"rttpg_featured_image_url":{"full":["https:\/\/arantv.az\/wp-content\/uploads\/2019\/12\/811087.jpg",800,600,false],"landscape":["https:\/\/arantv.az\/wp-content\/uploads\/2019\/12\/811087.jpg",800,600,false],"portraits":["https:\/\/arantv.az\/wp-content\/uploads\/2019\/12\/811087.jpg",800,600,false],"thumbnail":["https:\/\/arantv.az\/wp-content\/uploads\/2019\/12\/811087-150x150.jpg",150,150,true],"medium":["https:\/\/arantv.az\/wp-content\/uploads\/2019\/12\/811087-300x225.jpg",300,225,true],"large":["https:\/\/arantv.az\/wp-content\/uploads\/2019\/12\/811087.jpg",640,480,false],"1536x1536":["https:\/\/arantv.az\/wp-content\/uploads\/2019\/12\/811087.jpg",800,600,false],"2048x2048":["https:\/\/arantv.az\/wp-content\/uploads\/2019\/12\/811087.jpg",800,600,false],"post-thumbnail":["https:\/\/arantv.az\/wp-content\/uploads\/2019\/12\/811087-240x172.jpg",240,172,true],"advps-thumb-one":["https:\/\/arantv.az\/wp-content\/uploads\/2019\/12\/811087.jpg",800,600,false]},"rttpg_author":{"display_name":"V\u00fcsal Rafiqo\u011flu","author_link":"https:\/\/arantv.az\/?author=2"},"rttpg_comment":0,"rttpg_category":"<a href=\"https:\/\/arantv.az\/?cat=1\" rel=\"category\">C\u0259miyy\u0259t<\/a>","rttpg_excerpt":"&#8220;Sumqay\u0131t-Bak\u0131 aras\u0131nda s\u0131xl\u0131q ona g\u00f6r\u0259dir ki, Sumqay\u0131t-Bak\u0131 x\u0259tti t\u0259kc\u0259 s\u0259rni\u015finda\u015f\u0131maya xidm\u0259t etmir, h\u0259m d\u0259 y\u00fckda\u015f\u0131ma \u00fc\u00e7\u00fcn istifad\u0259 olunur&#8221;. ARANTV.AZ\u00a0\u00a0Trend-\u0259 istinad\u0259n x\u0259b\u0259r verir ki, bunu &#8220;Az\u0259rbaycan D\u0259mir Yollar\u0131&#8221; QSC-nin s\u0259dri Cavid Qurbanov Yeni Az\u0259rbaycan Partiyas\u0131n\u0131n q\u0259rargah\u0131nda ke\u00e7iril\u0259n m\u0259tbuat konfrans\u0131nda deyib. C.Qurbanov bildirib ki, bu s\u0131xl\u0131\u011f\u0131n aradan qald\u0131r\u0131lmas\u0131 istiqam\u0259tind\u0259 t\u0259dbirl\u0259r g\u00f6r\u00fcl\u00fcr. O qeyd edib ki, Bak\u0131da G\u00fczd\u0259k-Sahil&hellip;","_links":{"self":[{"href":"https:\/\/arantv.az\/index.php?rest_route=\/wp\/v2\/posts\/108372"}],"collection":[{"href":"https:\/\/arantv.az\/index.php?rest_route=\/wp\/v2\/posts"}],"about":[{"href":"https:\/\/arantv.az\/index.php?rest_route=\/wp\/v2\/types\/post"}],"author":[{"embeddable":true,"href":"https:\/\/arantv.az\/index.php?rest_route=\/wp\/v2\/users\/2"}],"replies":[{"embeddable":true,"href":"https:\/\/arantv.az\/index.php?rest_route=%2Fwp%2Fv2%2Fcomments&post=108372"}],"version-history":[{"count":0,"href":"https:\/\/arantv.az\/index.php?rest_route=\/wp\/v2\/posts\/108372\/revisions"}],"wp:featuredmedia":[{"embeddable":true,"href":"https:\/\/arantv.az\/index.php?rest_route=\/wp\/v2\/media\/108373"}],"wp:attachment":[{"href":"https:\/\/arantv.az\/index.php?rest_route=%2Fwp%2Fv2%2Fmedia&parent=108372"}],"wp:term":[{"taxonomy":"category","embeddable":true,"href":"https:\/\/arantv.az\/index.php?rest_route=%2Fwp%2Fv2%2Fcategories&post=108372"},{"taxonomy":"post_tag","embeddable":true,"href":"https:\/\/arantv.az\/index.php?rest_route=%2Fwp%2Fv2%2Ftags&post=108372"}],"curies":[{"name":"wp","href":"https:\/\/api.w.org\/{rel}","templated":true}]}}