{"id":108384,"date":"2019-12-17T12:56:08","date_gmt":"2019-12-17T09:56:08","guid":{"rendered":"http:\/\/arantv.az\/?p=108384"},"modified":"2019-12-17T12:56:08","modified_gmt":"2019-12-17T09:56:08","slug":"baliq-novl%c9%99rinin-yetisdirilm%c9%99si-%c9%99halinin-muxtar-babayev","status":"publish","type":"post","link":"https:\/\/arantv.az\/?p=108384","title":{"rendered":"&#8220;Bal\u0131q n\u00f6vl\u0259rinin yeti\u015fdirilm\u0259si \u0259halinin&#8230;&#8221; &#8211; Muxtar Babayev"},"content":{"rendered":"<p>&#8220;Apar\u0131lan aqrar islahatlar n\u0259tic\u0259sind\u0259 m\u00fcxt\u0259lif n\u00f6v k\u0259nd t\u0259s\u0259rr\u00fcfat\u0131 istehsal\u0131 m\u0259hsullar\u0131n\u0131n h\u0259cmi art\u0131b&#8221;.<\/p>\n<p><strong>ARANTV.AZ<\/strong>\u00a0\u00a0<a href=\"https:\/\/az.trend.az\/\" target=\"_blank\" rel=\"noopener\">Trend<\/a>-\u0259 istinad\u0259n \u0259b\u0259r verir ki, bunu Ekologiya v\u0259 T\u0259bii S\u0259rv\u0259tl\u0259r naziri Muxtar Babayev bu g\u00fcn Dayan\u0131ql\u0131 \u0130nki\u015faf M\u0259qs\u0259dl\u0259ri (D\u0130M) \u00e7\u0259r\u00e7iv\u0259sind\u0259 \u0259rzaq v\u0259 k\u0259nd t\u0259s\u0259rr\u00fcfat\u0131 sah\u0259sind\u0259 \u00f6z\u0259l sektorun rolunu \u0259ks etdir\u0259n seminarda bildirib.<\/p>\n<p>O bildirib ki, \u0259rzaq t\u0259hl\u00fck\u0259sizliyinin t\u0259min olunmas\u0131na t\u00f6hf\u0259 olaraq son ill\u0259rd\u0259 me\u015f\u0259 fondu sah\u0259l\u0259rind\u0259 f\u0131nd\u0131q, qoz, \u015fabal\u0131d kimi ixracy\u00f6n\u00fcml\u00fc aqrome\u015f\u0259 massivl\u0259rinin yarad\u0131lmas\u0131na start verilib:<\/p>\n<p>&#8220;Bu, ekoloji t\u0259miz m\u0259hsullar\u0131n yax\u015f\u0131la\u015fd\u0131r\u0131lmas\u0131na g\u0259tirib \u00e7\u0131xar\u0131r. H\u0259m\u00e7inin \u00f6lk\u0259nin \u0259lveri\u015fli iqlimi, z\u0259ngin bitki \u00f6rt\u00fcy\u00fc ar\u0131\u00e7\u0131l\u0131\u011f\u0131n inki\u015faf\u0131n\u0131 \u015f\u0259rtl\u0259ndir\u0259n ba\u015fl\u0131ca amill\u0259rd\u0259ndir. Bu m\u0259qs\u0259dl\u0259 ar\u0131\u00e7\u0131l\u0131\u011f\u0131n g\u0259l\u0259c\u0259k inki\u015faf\u0131na t\u0259kan verm\u0259k \u00fc\u00e7\u00fcn nektar ver\u0259n a\u011faclar\u0131n \u0259kilm\u0259sin\u0259 \u00fcst\u00fcnl\u00fck verilir. FAO-nun d\u0259st\u0259yi il\u0259 haz\u0131rlanm\u0131\u015f Milli Me\u015f\u0259 Proqram\u0131nda ar\u0131\u00e7\u0131l\u0131\u011f\u0131n inki\u015faf\u0131 n\u0259z\u0259r\u0259 al\u0131n\u0131b. Bu t\u0259dbirl\u0259r \u00f6lk\u0259nin bal t\u0259minat\u0131n\u0131 art\u0131r\u0131r&#8221;.<\/p>\n<div>\n<div id=\"AdviadNativeVideo0\" class=\"AdviadNativeVideo\"><\/div>\n<\/div>\n<p>Nazir qeyd edib ki, vacib amill\u0259rd\u0259n biri d\u0259 \u0259halinin bal\u0131q v\u0259 dig\u0259r su resurslar\u0131 il\u0259 t\u0259minat\u0131d\u0131r:<\/p>\n<p>&#8220;FAO v\u0259 dig\u0259r beyln\u0259lxalq t\u0259\u015fkilatlar\u0131n m\u00fc\u015fahid\u0259l\u0259rin\u0259 \u0259sas\u0259n d\u00fcnyada bal\u0131q ovu h\u0259cmi k\u0259skin azal\u0131b. \u018fv\u0259zind\u0259 is\u0259 son 15-20 ild\u0259 \u0259mt\u0259\u0259 v\u0259 akvokultura m\u0259hsullar\u0131n\u0131n \u00fcmumi h\u0259cmi durmadan art\u0131r. Bal\u0131q n\u00f6vl\u0259rinin yeti\u015fdirilm\u0259si \u0259halinin qida t\u0259minat\u0131nda vacib yerl\u0259rd\u0259n birini tutur&#8221;.<\/p>\n","protected":false},"excerpt":{"rendered":"<p>&#8220;Apar\u0131lan aqrar islahatlar n\u0259tic\u0259sind\u0259 m\u00fcxt\u0259lif n\u00f6v k\u0259nd t\u0259s\u0259rr\u00fcfat\u0131 istehsal\u0131 m\u0259hsullar\u0131n\u0131n h\u0259cmi art\u0131b&#8221;. ARANTV.AZ\u00a0\u00a0Trend-\u0259 istinad\u0259n \u0259b\u0259r verir ki, bunu Ekologiya v\u0259 T\u0259bii S\u0259rv\u0259tl\u0259r naziri Muxtar Babayev bu g\u00fcn Dayan\u0131ql\u0131 \u0130nki\u015faf M\u0259qs\u0259dl\u0259ri (D\u0130M) \u00e7\u0259r\u00e7iv\u0259sind\u0259 \u0259rzaq v\u0259 k\u0259nd t\u0259s\u0259rr\u00fcfat\u0131 sah\u0259sind\u0259 \u00f6z\u0259l sektorun rolunu \u0259ks etdir\u0259n seminarda bildirib. O bildirib ki, \u0259rzaq t\u0259hl\u00fck\u0259sizliyinin t\u0259min olunmas\u0131na t\u00f6hf\u0259 olaraq son ill\u0259rd\u0259 me\u015f\u0259 fondu sah\u0259l\u0259rind\u0259 f\u0131nd\u0131q, qoz, \u015fabal\u0131d kimi ixracy\u00f6n\u00fcml\u00fc aqrome\u015f\u0259 massivl\u0259rinin yarad\u0131lmas\u0131na start verilib: &#8220;Bu, ekoloji t\u0259miz m\u0259hsullar\u0131n yax\u015f\u0131la\u015fd\u0131r\u0131lmas\u0131na g\u0259tirib \u00e7\u0131xar\u0131r. H\u0259m\u00e7inin \u00f6lk\u0259nin \u0259lveri\u015fli iqlimi, z\u0259ngin bitki \u00f6rt\u00fcy\u00fc ar\u0131\u00e7\u0131l\u0131\u011f\u0131n inki\u015faf\u0131n\u0131 \u015f\u0259rtl\u0259ndir\u0259n ba\u015fl\u0131ca amill\u0259rd\u0259ndir. Bu m\u0259qs\u0259dl\u0259 ar\u0131\u00e7\u0131l\u0131\u011f\u0131n&hellip;<\/p>\n","protected":false},"author":2,"featured_media":108385,"comment_status":"closed","ping_status":"closed","sticky":false,"template":"","format":"standard","meta":{"om_disable_all_campaigns":false,"_monsterinsights_skip_tracking":false,"_monsterinsights_sitenote_active":false,"_monsterinsights_sitenote_note":"","_monsterinsights_sitenote_category":0},"categories":[1],"tags":[],"aioseo_notices":[],"gutentor_comment":0,"rttpg_featured_image_url":{"full":["https:\/\/arantv.az\/wp-content\/uploads\/2019\/12\/811073.jpg",800,600,false],"landscape":["https:\/\/arantv.az\/wp-content\/uploads\/2019\/12\/811073.jpg",800,600,false],"portraits":["https:\/\/arantv.az\/wp-content\/uploads\/2019\/12\/811073.jpg",800,600,false],"thumbnail":["https:\/\/arantv.az\/wp-content\/uploads\/2019\/12\/811073-150x150.jpg",150,150,true],"medium":["https:\/\/arantv.az\/wp-content\/uploads\/2019\/12\/811073-300x225.jpg",300,225,true],"large":["https:\/\/arantv.az\/wp-content\/uploads\/2019\/12\/811073.jpg",640,480,false],"1536x1536":["https:\/\/arantv.az\/wp-content\/uploads\/2019\/12\/811073.jpg",800,600,false],"2048x2048":["https:\/\/arantv.az\/wp-content\/uploads\/2019\/12\/811073.jpg",800,600,false],"post-thumbnail":["https:\/\/arantv.az\/wp-content\/uploads\/2019\/12\/811073-240x172.jpg",240,172,true],"advps-thumb-one":["https:\/\/arantv.az\/wp-content\/uploads\/2019\/12\/811073.jpg",800,600,false]},"rttpg_author":{"display_name":"V\u00fcsal Rafiqo\u011flu","author_link":"https:\/\/arantv.az\/?author=2"},"rttpg_comment":0,"rttpg_category":"<a href=\"https:\/\/arantv.az\/?cat=1\" rel=\"category\">C\u0259miyy\u0259t<\/a>","rttpg_excerpt":"&#8220;Apar\u0131lan aqrar islahatlar n\u0259tic\u0259sind\u0259 m\u00fcxt\u0259lif n\u00f6v k\u0259nd t\u0259s\u0259rr\u00fcfat\u0131 istehsal\u0131 m\u0259hsullar\u0131n\u0131n h\u0259cmi art\u0131b&#8221;. ARANTV.AZ\u00a0\u00a0Trend-\u0259 istinad\u0259n \u0259b\u0259r verir ki, bunu Ekologiya v\u0259 T\u0259bii S\u0259rv\u0259tl\u0259r naziri Muxtar Babayev bu g\u00fcn Dayan\u0131ql\u0131 \u0130nki\u015faf M\u0259qs\u0259dl\u0259ri (D\u0130M) \u00e7\u0259r\u00e7iv\u0259sind\u0259 \u0259rzaq v\u0259 k\u0259nd t\u0259s\u0259rr\u00fcfat\u0131 sah\u0259sind\u0259 \u00f6z\u0259l sektorun rolunu \u0259ks etdir\u0259n seminarda bildirib. O bildirib ki, \u0259rzaq t\u0259hl\u00fck\u0259sizliyinin t\u0259min olunmas\u0131na t\u00f6hf\u0259 olaraq son ill\u0259rd\u0259&hellip;","_links":{"self":[{"href":"https:\/\/arantv.az\/index.php?rest_route=\/wp\/v2\/posts\/108384"}],"collection":[{"href":"https:\/\/arantv.az\/index.php?rest_route=\/wp\/v2\/posts"}],"about":[{"href":"https:\/\/arantv.az\/index.php?rest_route=\/wp\/v2\/types\/post"}],"author":[{"embeddable":true,"href":"https:\/\/arantv.az\/index.php?rest_route=\/wp\/v2\/users\/2"}],"replies":[{"embeddable":true,"href":"https:\/\/arantv.az\/index.php?rest_route=%2Fwp%2Fv2%2Fcomments&post=108384"}],"version-history":[{"count":0,"href":"https:\/\/arantv.az\/index.php?rest_route=\/wp\/v2\/posts\/108384\/revisions"}],"wp:featuredmedia":[{"embeddable":true,"href":"https:\/\/arantv.az\/index.php?rest_route=\/wp\/v2\/media\/108385"}],"wp:attachment":[{"href":"https:\/\/arantv.az\/index.php?rest_route=%2Fwp%2Fv2%2Fmedia&parent=108384"}],"wp:term":[{"taxonomy":"category","embeddable":true,"href":"https:\/\/arantv.az\/index.php?rest_route=%2Fwp%2Fv2%2Fcategories&post=108384"},{"taxonomy":"post_tag","embeddable":true,"href":"https:\/\/arantv.az\/index.php?rest_route=%2Fwp%2Fv2%2Ftags&post=108384"}],"curies":[{"name":"wp","href":"https:\/\/api.w.org\/{rel}","templated":true}]}}