{"id":108400,"date":"2019-12-17T13:13:17","date_gmt":"2019-12-17T10:13:17","guid":{"rendered":"http:\/\/arantv.az\/?p=108400"},"modified":"2019-12-17T13:13:17","modified_gmt":"2019-12-17T10:13:17","slug":"az%c9%99rbaycanin-bas-naziri-v%c9%99-ukrayna-prezidenti-birg%c9%99-isci-nahar-edibl%c9%99r","status":"publish","type":"post","link":"https:\/\/arantv.az\/?p=108400","title":{"rendered":"Az\u0259rbaycan\u0131n Ba\u015f naziri v\u0259 Ukrayna Prezidenti birg\u0259 i\u015f\u00e7i nahar edibl\u0259r"},"content":{"rendered":"<p>Az\u0259rbaycan Respublikas\u0131n\u0131n Ba\u015f naziri \u018fli \u018fs\u0259dov v\u0259 \u00f6lk\u0259mizd\u0259 r\u0259smi s\u0259f\u0259rd\u0259 olan Ukrayna Prezidenti Vladimir Zelenski dekabr\u0131n 17-d\u0259 birg\u0259 i\u015f\u00e7i nahar edibl\u0259r.<\/p>\n<p><strong>ARANTV.AZ<\/strong> x\u0259b\u0259r verir ki, s\u00f6hb\u0259t zaman\u0131 Az\u0259rbaycan il\u0259 Ukrayna aras\u0131nda m\u00fcnasib\u0259tl\u0259rin, o c\u00fcml\u0259d\u0259n, iqtisadi sah\u0259d\u0259 \u0259m\u0259kda\u015fl\u0131\u011f\u0131n perspektivl\u0259ri bar\u0259d\u0259 fikir m\u00fcbadil\u0259si apar\u0131l\u0131b.AZ\u018fRTAC<\/p>\n","protected":false},"excerpt":{"rendered":"<p>Az\u0259rbaycan Respublikas\u0131n\u0131n Ba\u015f naziri \u018fli \u018fs\u0259dov v\u0259 \u00f6lk\u0259mizd\u0259 r\u0259smi s\u0259f\u0259rd\u0259 olan Ukrayna Prezidenti Vladimir Zelenski dekabr\u0131n 17-d\u0259 birg\u0259 i\u015f\u00e7i nahar edibl\u0259r. ARANTV.AZ x\u0259b\u0259r verir ki, s\u00f6hb\u0259t zaman\u0131 Az\u0259rbaycan il\u0259 Ukrayna aras\u0131nda m\u00fcnasib\u0259tl\u0259rin, o c\u00fcml\u0259d\u0259n, iqtisadi sah\u0259d\u0259 \u0259m\u0259kda\u015fl\u0131\u011f\u0131n perspektivl\u0259ri bar\u0259d\u0259 fikir m\u00fcbadil\u0259si apar\u0131l\u0131b.AZ\u018fRTAC<\/p>\n","protected":false},"author":2,"featured_media":108401,"comment_status":"closed","ping_status":"closed","sticky":false,"template":"","format":"standard","meta":{"om_disable_all_campaigns":false,"_monsterinsights_skip_tracking":false,"_monsterinsights_sitenote_active":false,"_monsterinsights_sitenote_note":"","_monsterinsights_sitenote_category":0},"categories":[4],"tags":[],"aioseo_notices":[],"gutentor_comment":0,"rttpg_featured_image_url":{"full":["https:\/\/arantv.az\/wp-content\/uploads\/2019\/12\/w_1615765768551246927095_1000x669.jpg",620,442,false],"landscape":["https:\/\/arantv.az\/wp-content\/uploads\/2019\/12\/w_1615765768551246927095_1000x669.jpg",620,442,false],"portraits":["https:\/\/arantv.az\/wp-content\/uploads\/2019\/12\/w_1615765768551246927095_1000x669.jpg",620,442,false],"thumbnail":["https:\/\/arantv.az\/wp-content\/uploads\/2019\/12\/w_1615765768551246927095_1000x669-150x150.jpg",150,150,true],"medium":["https:\/\/arantv.az\/wp-content\/uploads\/2019\/12\/w_1615765768551246927095_1000x669-300x214.jpg",300,214,true],"large":["https:\/\/arantv.az\/wp-content\/uploads\/2019\/12\/w_1615765768551246927095_1000x669.jpg",620,442,false],"1536x1536":["https:\/\/arantv.az\/wp-content\/uploads\/2019\/12\/w_1615765768551246927095_1000x669.jpg",620,442,false],"2048x2048":["https:\/\/arantv.az\/wp-content\/uploads\/2019\/12\/w_1615765768551246927095_1000x669.jpg",620,442,false],"post-thumbnail":["https:\/\/arantv.az\/wp-content\/uploads\/2019\/12\/w_1615765768551246927095_1000x669-240x172.jpg",240,172,true],"advps-thumb-one":["https:\/\/arantv.az\/wp-content\/uploads\/2019\/12\/w_1615765768551246927095_1000x669.jpg",620,442,false]},"rttpg_author":{"display_name":"V\u00fcsal Rafiqo\u011flu","author_link":"https:\/\/arantv.az\/?author=2"},"rttpg_comment":0,"rttpg_category":"<a href=\"https:\/\/arantv.az\/?cat=4\" rel=\"category\">Siyas\u0259t<\/a>","rttpg_excerpt":"Az\u0259rbaycan Respublikas\u0131n\u0131n Ba\u015f naziri \u018fli \u018fs\u0259dov v\u0259 \u00f6lk\u0259mizd\u0259 r\u0259smi s\u0259f\u0259rd\u0259 olan Ukrayna Prezidenti Vladimir Zelenski dekabr\u0131n 17-d\u0259 birg\u0259 i\u015f\u00e7i nahar edibl\u0259r. ARANTV.AZ x\u0259b\u0259r verir ki, s\u00f6hb\u0259t zaman\u0131 Az\u0259rbaycan il\u0259 Ukrayna aras\u0131nda m\u00fcnasib\u0259tl\u0259rin, o c\u00fcml\u0259d\u0259n, iqtisadi sah\u0259d\u0259 \u0259m\u0259kda\u015fl\u0131\u011f\u0131n perspektivl\u0259ri bar\u0259d\u0259 fikir m\u00fcbadil\u0259si apar\u0131l\u0131b.AZ\u018fRTAC","_links":{"self":[{"href":"https:\/\/arantv.az\/index.php?rest_route=\/wp\/v2\/posts\/108400"}],"collection":[{"href":"https:\/\/arantv.az\/index.php?rest_route=\/wp\/v2\/posts"}],"about":[{"href":"https:\/\/arantv.az\/index.php?rest_route=\/wp\/v2\/types\/post"}],"author":[{"embeddable":true,"href":"https:\/\/arantv.az\/index.php?rest_route=\/wp\/v2\/users\/2"}],"replies":[{"embeddable":true,"href":"https:\/\/arantv.az\/index.php?rest_route=%2Fwp%2Fv2%2Fcomments&post=108400"}],"version-history":[{"count":0,"href":"https:\/\/arantv.az\/index.php?rest_route=\/wp\/v2\/posts\/108400\/revisions"}],"wp:featuredmedia":[{"embeddable":true,"href":"https:\/\/arantv.az\/index.php?rest_route=\/wp\/v2\/media\/108401"}],"wp:attachment":[{"href":"https:\/\/arantv.az\/index.php?rest_route=%2Fwp%2Fv2%2Fmedia&parent=108400"}],"wp:term":[{"taxonomy":"category","embeddable":true,"href":"https:\/\/arantv.az\/index.php?rest_route=%2Fwp%2Fv2%2Fcategories&post=108400"},{"taxonomy":"post_tag","embeddable":true,"href":"https:\/\/arantv.az\/index.php?rest_route=%2Fwp%2Fv2%2Ftags&post=108400"}],"curies":[{"name":"wp","href":"https:\/\/api.w.org\/{rel}","templated":true}]}}