{"id":108404,"date":"2019-12-17T13:14:46","date_gmt":"2019-12-17T10:14:46","guid":{"rendered":"http:\/\/arantv.az\/?p=108404"},"modified":"2019-12-17T13:14:46","modified_gmt":"2019-12-17T10:14:46","slug":"2500-d%c9%99n-cox-sahibkar-t%c9%99liml%c9%99r%c9%99-c%c9%99lb-olunub-qosqar-t%c9%99hm%c9%99zli","status":"publish","type":"post","link":"https:\/\/arantv.az\/?p=108404","title":{"rendered":"2500-d\u0259n \u00e7ox sahibkar t\u0259liml\u0259r\u0259 c\u0259lb olunub &#8211; Qo\u015fqar T\u0259hm\u0259zli"},"content":{"rendered":"<p>Az\u0259rbaycan Qida T\u0259hl\u00fck\u0259sizliyi Agentliyi yarand\u0131\u011f\u0131 ilk g\u00fcnd\u0259n qida t\u0259hl\u00fck\u0259sizliyi m\u0259s\u0259l\u0259l\u0259rin\u0259 \u0259m\u0259l ed\u0259n, Dayan\u0131ql\u0131 \u0130nki\u015faf M\u0259qs\u0259dl\u0259ri istiqam\u0259tind\u0259 ir\u0259lil\u0259y\u0259n sahibkarlar\u0131n yan\u0131ndad\u0131r.<\/p>\n<p><strong>ARANTV.AZ<\/strong>\u00a0\u00a0<a href=\"https:\/\/az.trend.az\/\" target=\"_blank\" rel=\"noopener\">Trend<\/a>-\u0259 istinad\u0259n x\u0259b\u0259r verir ki, bunu Az\u0259rbaycan Qida T\u0259hl\u00fck\u0259sizliyi Agentliyinin (AQTA) s\u0259dri Qo\u015fqar T\u0259hm\u0259zli Az\u0259rbaycanda \u0259rzaq v\u0259 k\u0259nd t\u0259s\u0259rr\u00fcfat\u0131nda D\u0130M-l\u0259rin yerin\u0259 yetirilm\u0259sind\u0259 \u00f6z\u0259l sektorun c\u0259lb olunmas\u0131 v\u0259 investisiya f\u0259all\u0131\u011f\u0131n\u0131n t\u0259min edilm\u0259si seminar\u0131nda deyib.<\/p>\n<p>O bildirib ki, Agentlikl\u0259 m\u00fcxt\u0259lif sahibkarl\u0131q subyektl\u0259ri aras\u0131nda m\u00fcxt\u0259lif formatlarda g\u00f6r\u00fc\u015fl\u0259r ke\u00e7irilib:<\/p>\n<p>&#8220;Eyni zamanda sahibkar \u00fc\u00e7\u00fcn t\u0259liml\u0259r t\u0259\u015fkil edilib. H\u0259min t\u0259liml\u0259r zaman\u0131 20-y\u0259 yax\u0131n qida t\u0259hl\u00fck\u0259sizliyi il\u0259 ba\u011fl\u0131 m\u00f6vzu se\u00e7il\u0259r\u0259k 2500-d\u0259n \u00e7ox sahibkar bu t\u0259liml\u0259r\u0259 c\u0259lb olunub.<\/p>\n<p>\u00d6lk\u0259d\u0259 \u0259n vacib m\u0259s\u0259l\u0259l\u0259rd\u0259n biri qida t\u0259hl\u00fck\u0259sizlikliyidir. \u00d6lk\u0259 ba\u015f\u00e7\u0131s\u0131n\u0131n m\u00fcvafiq f\u0259rman\u0131 il\u0259 il yar\u0131ma yax\u0131nd\u0131r ki, Az\u0259rbaycan Qida T\u0259hl\u00fck\u0259sizliyi Agentliyini \u00f6z f\u0259aliyy\u0259tin\u0259 ba\u015flay\u0131b. Agentliyin tabeliyind\u0259 Prezidentin m\u00fcvafiq f\u0259rman\u0131 il\u0259 Az\u0259rbaycan Qida T\u0259hl\u00fck\u0259sizliyi \u0130nstitutu f\u0259aliyy\u0259t g\u00f6st\u0259rir.<br \/>\nBu m\u0259s\u0259l\u0259y\u0259 yana\u015fmam\u0131z birinci g\u00fcnd\u0259n ondan ibar\u0259tdir ki, qida t\u0259hl\u00fck\u0259sizliyi 3 \u0259sas istiqam\u0259ti \u00f6z\u00fcnd\u0259 c\u0259ml\u0259\u015fdir\u0259 bilib. Birincisi v\u0259 \u0259n vacibi \u0259halinin sa\u011flaml\u0131q g\u00f6st\u0259ricil\u0259ridir, ikinci vacib m\u0259s\u0259l\u0259 \u00f6lk\u0259d\u0259 qida m\u0259hsullar\u0131n\u0131n ixrac potensial\u0131n\u0131n art\u0131r\u0131lmas\u0131d\u0131r, y\u0259ni \u0259g\u0259r m\u0259hsulun t\u0259hl\u00fck\u0259sizlik g\u00f6st\u0259ricil\u0259ri y\u00fcks\u0259k s\u0259viyy\u0259d\u0259 olarsa, o art\u0131q m\u0259hsulun etibarl\u0131l\u0131\u011f\u0131n\u0131n art\u0131r\u0131lmas\u0131 dem\u0259kdir, 3-c\u00fc vacib m\u0259s\u0259l\u0259 qida m\u0259hsullar\u0131n\u0131n sa\u011flam r\u0259qab\u0259t m\u00fchitinin yarad\u0131lmas\u0131d\u0131r&#8221;.<\/p>\n<p>Q.T\u0259hm\u0259zli birdirib ki, Qida T\u0259hl\u00fck\u0259sizliyi \u0130nstitutunun n\u0259zdind\u0259 19 laboratoriya analitik ekspertiza m\u0259rk\u0259zinin n\u0259zdind\u0259 f\u0259aliyy\u0259t g\u00f6st\u0259rir.<\/p>\n<p>&#8220;H\u0259min laboratoriyalar beyn\u0259lxalq akkreditasiyadan ke\u00e7mi\u015f laboratoriyalard\u0131r. Onu da qeyd edim ki, apar\u0131lan monitorinql\u0259r n\u0259tic\u0259sind\u0259 bel\u0259 bir r\u0259y formala\u015fd\u0131 ki, Az\u0259rbaycan Qida T\u0259hl\u00fck\u0259sizliyi \u0130nstitutu post Sovet m\u0259kan\u0131nda \u0259n m\u00fck\u0259mm\u0259l g\u00f6st\u0259ricil\u0259ril\u0259r\u0259 malikdir. Eyni zamanda pe\u015f\u0259karl\u0131q g\u00f6st\u0259ricil\u0259rin\u0259 g\u00f6r\u0259 Qida T\u0259hl\u00fck\u0259sizliyi \u0130nstitutu x\u00fcsusi yer tutur. \u0130nstitutun verdiyi r\u0259yl\u0259r d\u00fcnyan\u0131n \u0259n apar\u0131c\u0131 qurumlar\u0131 t\u0259r\u0259find\u0259n tan\u0131n\u0131r&#8221;.<\/p>\n<p>Agentlik r\u0259hb\u0259ri deyib ki, Qida T\u0259hl\u00fck\u0259sizliyi Agentliyi f\u0259aliyy\u0259t\u0259 ba\u015flayan d\u00f6vr\u0259 q\u0259d\u0259r Avropa \u0130ttifaq\u0131na ixrac olunan zaman t\u0259qrib\u0259n 1 il \u0259rzind\u0259 36 n\u0259qliyyat vasit\u0259si geri qaytar\u0131l\u0131b:<\/p>\n<p>&#8220;Agentliyik f\u0259aliyy\u0259t\u0259 ba\u015flayandan sonra \u00f6lk\u0259d\u0259n ixrac olunan f\u0131nd\u0131\u011f\u0131n 6 n\u0259qliyyat vasit\u0259si geri qaytar\u0131l\u0131b. Onlardan da 4-d\u0259 t\u0259hl\u00fck\u0259sizlik g\u00f6st\u0259ricil\u0259rind\u0259 problem olub, dig\u0259r ikisind\u0259 is\u0259 n\u0259qliyyat s\u0259n\u0259dl\u0259rind\u0259 uy\u011funsuzluq olub&#8221;.<\/p>\n","protected":false},"excerpt":{"rendered":"<p>Az\u0259rbaycan Qida T\u0259hl\u00fck\u0259sizliyi Agentliyi yarand\u0131\u011f\u0131 ilk g\u00fcnd\u0259n qida t\u0259hl\u00fck\u0259sizliyi m\u0259s\u0259l\u0259l\u0259rin\u0259 \u0259m\u0259l ed\u0259n, Dayan\u0131ql\u0131 \u0130nki\u015faf M\u0259qs\u0259dl\u0259ri istiqam\u0259tind\u0259 ir\u0259lil\u0259y\u0259n sahibkarlar\u0131n yan\u0131ndad\u0131r. ARANTV.AZ\u00a0\u00a0Trend-\u0259 istinad\u0259n x\u0259b\u0259r verir ki, bunu Az\u0259rbaycan Qida T\u0259hl\u00fck\u0259sizliyi Agentliyinin (AQTA) s\u0259dri Qo\u015fqar T\u0259hm\u0259zli Az\u0259rbaycanda \u0259rzaq v\u0259 k\u0259nd t\u0259s\u0259rr\u00fcfat\u0131nda D\u0130M-l\u0259rin yerin\u0259 yetirilm\u0259sind\u0259 \u00f6z\u0259l sektorun c\u0259lb olunmas\u0131 v\u0259 investisiya f\u0259all\u0131\u011f\u0131n\u0131n t\u0259min edilm\u0259si seminar\u0131nda deyib. O bildirib ki, Agentlikl\u0259 m\u00fcxt\u0259lif sahibkarl\u0131q subyektl\u0259ri aras\u0131nda m\u00fcxt\u0259lif formatlarda g\u00f6r\u00fc\u015fl\u0259r ke\u00e7irilib: &#8220;Eyni zamanda sahibkar \u00fc\u00e7\u00fcn t\u0259liml\u0259r t\u0259\u015fkil edilib. H\u0259min t\u0259liml\u0259r zaman\u0131 20-y\u0259 yax\u0131n qida t\u0259hl\u00fck\u0259sizliyi il\u0259 ba\u011fl\u0131 m\u00f6vzu se\u00e7il\u0259r\u0259k 2500-d\u0259n \u00e7ox sahibkar bu t\u0259liml\u0259r\u0259 c\u0259lb olunub. \u00d6lk\u0259d\u0259&hellip;<\/p>\n","protected":false},"author":2,"featured_media":108405,"comment_status":"closed","ping_status":"closed","sticky":false,"template":"","format":"standard","meta":{"om_disable_all_campaigns":false,"_monsterinsights_skip_tracking":false,"_monsterinsights_sitenote_active":false,"_monsterinsights_sitenote_note":"","_monsterinsights_sitenote_category":0},"categories":[1],"tags":[],"aioseo_notices":[],"gutentor_comment":0,"rttpg_featured_image_url":{"full":["https:\/\/arantv.az\/wp-content\/uploads\/2019\/12\/811098.jpg",800,600,false],"landscape":["https:\/\/arantv.az\/wp-content\/uploads\/2019\/12\/811098.jpg",800,600,false],"portraits":["https:\/\/arantv.az\/wp-content\/uploads\/2019\/12\/811098.jpg",800,600,false],"thumbnail":["https:\/\/arantv.az\/wp-content\/uploads\/2019\/12\/811098-150x150.jpg",150,150,true],"medium":["https:\/\/arantv.az\/wp-content\/uploads\/2019\/12\/811098-300x225.jpg",300,225,true],"large":["https:\/\/arantv.az\/wp-content\/uploads\/2019\/12\/811098.jpg",640,480,false],"1536x1536":["https:\/\/arantv.az\/wp-content\/uploads\/2019\/12\/811098.jpg",800,600,false],"2048x2048":["https:\/\/arantv.az\/wp-content\/uploads\/2019\/12\/811098.jpg",800,600,false],"post-thumbnail":["https:\/\/arantv.az\/wp-content\/uploads\/2019\/12\/811098-240x172.jpg",240,172,true],"advps-thumb-one":["https:\/\/arantv.az\/wp-content\/uploads\/2019\/12\/811098.jpg",800,600,false]},"rttpg_author":{"display_name":"V\u00fcsal Rafiqo\u011flu","author_link":"https:\/\/arantv.az\/?author=2"},"rttpg_comment":0,"rttpg_category":"<a href=\"https:\/\/arantv.az\/?cat=1\" rel=\"category\">C\u0259miyy\u0259t<\/a>","rttpg_excerpt":"Az\u0259rbaycan Qida T\u0259hl\u00fck\u0259sizliyi Agentliyi yarand\u0131\u011f\u0131 ilk g\u00fcnd\u0259n qida t\u0259hl\u00fck\u0259sizliyi m\u0259s\u0259l\u0259l\u0259rin\u0259 \u0259m\u0259l ed\u0259n, Dayan\u0131ql\u0131 \u0130nki\u015faf M\u0259qs\u0259dl\u0259ri istiqam\u0259tind\u0259 ir\u0259lil\u0259y\u0259n sahibkarlar\u0131n yan\u0131ndad\u0131r. ARANTV.AZ\u00a0\u00a0Trend-\u0259 istinad\u0259n x\u0259b\u0259r verir ki, bunu Az\u0259rbaycan Qida T\u0259hl\u00fck\u0259sizliyi Agentliyinin (AQTA) s\u0259dri Qo\u015fqar T\u0259hm\u0259zli Az\u0259rbaycanda \u0259rzaq v\u0259 k\u0259nd t\u0259s\u0259rr\u00fcfat\u0131nda D\u0130M-l\u0259rin yerin\u0259 yetirilm\u0259sind\u0259 \u00f6z\u0259l sektorun c\u0259lb olunmas\u0131 v\u0259 investisiya f\u0259all\u0131\u011f\u0131n\u0131n t\u0259min edilm\u0259si seminar\u0131nda deyib. O bildirib ki,&hellip;","_links":{"self":[{"href":"https:\/\/arantv.az\/index.php?rest_route=\/wp\/v2\/posts\/108404"}],"collection":[{"href":"https:\/\/arantv.az\/index.php?rest_route=\/wp\/v2\/posts"}],"about":[{"href":"https:\/\/arantv.az\/index.php?rest_route=\/wp\/v2\/types\/post"}],"author":[{"embeddable":true,"href":"https:\/\/arantv.az\/index.php?rest_route=\/wp\/v2\/users\/2"}],"replies":[{"embeddable":true,"href":"https:\/\/arantv.az\/index.php?rest_route=%2Fwp%2Fv2%2Fcomments&post=108404"}],"version-history":[{"count":0,"href":"https:\/\/arantv.az\/index.php?rest_route=\/wp\/v2\/posts\/108404\/revisions"}],"wp:featuredmedia":[{"embeddable":true,"href":"https:\/\/arantv.az\/index.php?rest_route=\/wp\/v2\/media\/108405"}],"wp:attachment":[{"href":"https:\/\/arantv.az\/index.php?rest_route=%2Fwp%2Fv2%2Fmedia&parent=108404"}],"wp:term":[{"taxonomy":"category","embeddable":true,"href":"https:\/\/arantv.az\/index.php?rest_route=%2Fwp%2Fv2%2Fcategories&post=108404"},{"taxonomy":"post_tag","embeddable":true,"href":"https:\/\/arantv.az\/index.php?rest_route=%2Fwp%2Fv2%2Ftags&post=108404"}],"curies":[{"name":"wp","href":"https:\/\/api.w.org\/{rel}","templated":true}]}}