{"id":108412,"date":"2019-12-17T13:17:44","date_gmt":"2019-12-17T10:17:44","guid":{"rendered":"http:\/\/arantv.az\/?p=108412"},"modified":"2019-12-17T13:17:44","modified_gmt":"2019-12-17T10:17:44","slug":"nazirlik-195-layih%c9%99y%c9%99-7-milyon-manat-od%c9%99di","status":"publish","type":"post","link":"https:\/\/arantv.az\/?p=108412","title":{"rendered":"Nazirlik 195 layih\u0259y\u0259 7 milyon manat \u00f6d\u0259di"},"content":{"rendered":"<p>\u018fm\u0259k v\u0259 \u018fhalinin Sosial M\u00fcdafi\u0259si Nazirliyi t\u0259r\u0259find\u0259n \u00f6t\u0259n il 2 milyon manat v\u0259sait sosial sifari\u015fl\u0259r \u00fc\u00e7\u00fcn qeyri-h\u00f6kum\u0259t t\u0259\u015fkilatlar\u0131 il\u0259 \u0259m\u0259kda\u015fl\u0131\u011fa y\u00f6n\u0259ldilib.<\/p>\n<div id=\"AdviadNativeVideo0\" class=\"AdviadNativeVideo\"><\/div>\n<p><b>ARANTV.AZ\u00a0<\/b>x\u0259b\u0259r verir ki, bunu \u018fm\u0259k v\u0259 \u018fhalinin Sosial M\u00fcdafi\u0259si naziri Sahil Babayev &#8220;Sosial xidm\u0259tl\u0259r sah\u0259sind\u0259 qeyri-h\u00f6kum\u0259t t\u0259\u015fkilatlar\u0131 il\u0259 \u0259m\u0259kda\u015fl\u0131q: nailiyy\u0259tl\u0259r v\u0259 perspektivl\u0259r&#8221; m\u00f6vzusunda ke\u00e7iril\u0259n konfransda \u00e7\u0131x\u0131\u015f\u0131 zaman\u0131 bildirib.<\/p>\n<p>O bildirib ki, \u0259m\u0259kda\u015fl\u0131q \u00e7\u0259r\u00e7iv\u0259sind\u0259 68 layih\u0259 icra olunub: \u201cD\u00f6vl\u0259t ba\u015f\u00e7\u0131s\u0131n\u0131n 1 iyul 2019-cu il s\u0259r\u0259ncam\u0131 il\u0259 2 milyon manatdan ba\u015fqa 5 milyon manat da \u0259lav\u0259 edilib. \u00dcmumilikd\u0259 7 milyon manat v\u0259sait hesab\u0131na 195 layih\u0259 maliyy\u0259l\u0259\u015fdirilir. Bunlar\u0131n h\u0259r biri m\u00fcvafiq sat\u0131nalma prosedurlar\u0131na uy\u011fun \u015f\u0259kild\u0259 t\u0259nziml\u0259nir\u201d.<\/p>\n<p>Nazir qeyd edib ki, sosial sifari\u015fl\u0259rin icras\u0131nda \u00e7evikliyi qorumaq \u00e7ox \u00f6n\u0259mlidir: \u201c\u00c7evikliyi qoruya bilm\u0259s\u0259k, layih\u0259l\u0259rin icra s\u0259viyy\u0259si ciddi \u015f\u0259kild\u0259 a\u015fa\u011f\u0131 d\u00fc\u015f\u0259c\u0259k. \u0130lin ilk 2-3 ay\u0131 \u0259rzind\u0259 b\u00fct\u00fcn layih\u0259l\u0259r haz\u0131rlan\u0131b t\u0259qdim olunmal\u0131d\u0131r ki, il \u0259rzind\u0259 xidm\u0259tl\u0259r g\u00f6st\u0259ril\u0259 bilsin. Ona g\u00f6r\u0259 d\u0259 bu mexanizmi daima t\u0259kmill\u0259\u015fdirm\u0259y\u0259 haz\u0131r\u0131q\u201d. S.Babayev bildirib ki, ancaq bu layih\u0259l\u0259rinin say\u0131n\u0131n art\u0131r\u0131lmas\u0131na ehtiyac d\u0259f\u0259l\u0259rl\u0259 art\u0131qd\u0131r. Y\u0259ni bir il \u0259rzind\u0259 200-\u0259 q\u0259d\u0259r layih\u0259 kifay\u0259t deyil. Bu 200 layih\u0259nin i\u00e7\u0259risind\u0259 ah\u0131llar m\u0259rk\u0259zinin say\u0131 c\u0259mi 10-dur. Amma \u00f6lk\u0259nin \u0259n az\u0131 60 rayonunda ah\u0131llar m\u0259rk\u0259zinin yarad\u0131lmas\u0131na \u00e7ox ciddi ehtiyac var. Surdioloji M\u0259rk\u0259zl\u0259rin say\u0131 c\u0259mi 10-15 d\u0259n\u0259dir. G\u00f6rm\u0259 qabiliyy\u0259ti z\u0259if olan u\u015faqlar \u00fc\u00e7\u00fcn m\u0259rk\u0259zl\u0259rin say\u0131 bu q\u0259d\u0259rdir. Bunlar h\u0259r rayonda olmal\u0131d\u0131r. G\u00fcn\u0259rzi m\u0259rk\u0259zl\u0259rinin say\u0131n\u0131n 70 olmas\u0131na baxmayaraq, bu M\u0259rk\u0259zl\u0259r\u0259 ehtiyac d\u0259f\u0259l\u0259rl\u0259 art\u0131qd\u0131r. Bir G\u00fcn\u0259rzi M\u0259rk\u0259zi \u0259n yax\u015f\u0131 halda 30-50 aras\u0131 u\u015fa\u011fa xidm\u0259t ed\u0259 bilir. Ayd\u0131n m\u0259s\u0259l\u0259dir ki, 30-50 u\u015fa\u011fa xidm\u0259t ed\u0259n G\u00fcn\u0259rzi M\u0259rk\u0259zi 1-2 k\u0259ndin ehtiyac\u0131n\u0131 g\u00f6r\u0259 bilir, b\u00fct\u00f6v rayonun yox. Ona g\u00f6r\u0259 d\u0259 b\u00fct\u00fcn t\u0259\u015f\u0259bb\u00fcsl\u0259ri d\u0259st\u0259kl\u0259yirik v\u0259 birg\u0259 \u0259m\u0259kda\u015fl\u0131q g\u00f6st\u0259rm\u0259kd\u0259 maraql\u0131y\u0131q. D\u00fc\u015f\u00fcn\u00fcr\u0259m ki, h\u0259m qanunvericiliyin inki\u015faf etdirilm\u0259si, h\u0259m d\u0259 ortaq layih\u0259l\u0259rl\u0259 bu seqmenti daha da art\u0131ra bil\u0259rik\u201d.BiG.AZ<\/p>\n","protected":false},"excerpt":{"rendered":"<p>\u018fm\u0259k v\u0259 \u018fhalinin Sosial M\u00fcdafi\u0259si Nazirliyi t\u0259r\u0259find\u0259n \u00f6t\u0259n il 2 milyon manat v\u0259sait sosial sifari\u015fl\u0259r \u00fc\u00e7\u00fcn qeyri-h\u00f6kum\u0259t t\u0259\u015fkilatlar\u0131 il\u0259 \u0259m\u0259kda\u015fl\u0131\u011fa y\u00f6n\u0259ldilib. ARANTV.AZ\u00a0x\u0259b\u0259r verir ki, bunu \u018fm\u0259k v\u0259 \u018fhalinin Sosial M\u00fcdafi\u0259si naziri Sahil Babayev &#8220;Sosial xidm\u0259tl\u0259r sah\u0259sind\u0259 qeyri-h\u00f6kum\u0259t t\u0259\u015fkilatlar\u0131 il\u0259 \u0259m\u0259kda\u015fl\u0131q: nailiyy\u0259tl\u0259r v\u0259 perspektivl\u0259r&#8221; m\u00f6vzusunda ke\u00e7iril\u0259n konfransda \u00e7\u0131x\u0131\u015f\u0131 zaman\u0131 bildirib. O bildirib ki, \u0259m\u0259kda\u015fl\u0131q \u00e7\u0259r\u00e7iv\u0259sind\u0259 68 layih\u0259 icra olunub: \u201cD\u00f6vl\u0259t ba\u015f\u00e7\u0131s\u0131n\u0131n 1 iyul 2019-cu il s\u0259r\u0259ncam\u0131 il\u0259 2 milyon manatdan ba\u015fqa 5 milyon manat da \u0259lav\u0259 edilib. \u00dcmumilikd\u0259 7 milyon manat v\u0259sait hesab\u0131na 195 layih\u0259 maliyy\u0259l\u0259\u015fdirilir. Bunlar\u0131n h\u0259r biri m\u00fcvafiq sat\u0131nalma&hellip;<\/p>\n","protected":false},"author":2,"featured_media":108413,"comment_status":"closed","ping_status":"closed","sticky":false,"template":"","format":"standard","meta":{"om_disable_all_campaigns":false,"_monsterinsights_skip_tracking":false,"_monsterinsights_sitenote_active":false,"_monsterinsights_sitenote_note":"","_monsterinsights_sitenote_category":0},"categories":[1],"tags":[],"aioseo_notices":[],"gutentor_comment":0,"rttpg_featured_image_url":{"full":["https:\/\/arantv.az\/wp-content\/uploads\/2019\/12\/sahil_71576576994.jpg",649,365,false],"landscape":["https:\/\/arantv.az\/wp-content\/uploads\/2019\/12\/sahil_71576576994.jpg",649,365,false],"portraits":["https:\/\/arantv.az\/wp-content\/uploads\/2019\/12\/sahil_71576576994.jpg",649,365,false],"thumbnail":["https:\/\/arantv.az\/wp-content\/uploads\/2019\/12\/sahil_71576576994-150x150.jpg",150,150,true],"medium":["https:\/\/arantv.az\/wp-content\/uploads\/2019\/12\/sahil_71576576994-300x169.jpg",300,169,true],"large":["https:\/\/arantv.az\/wp-content\/uploads\/2019\/12\/sahil_71576576994.jpg",640,360,false],"1536x1536":["https:\/\/arantv.az\/wp-content\/uploads\/2019\/12\/sahil_71576576994.jpg",649,365,false],"2048x2048":["https:\/\/arantv.az\/wp-content\/uploads\/2019\/12\/sahil_71576576994.jpg",649,365,false],"post-thumbnail":["https:\/\/arantv.az\/wp-content\/uploads\/2019\/12\/sahil_71576576994-240x172.jpg",240,172,true],"advps-thumb-one":["https:\/\/arantv.az\/wp-content\/uploads\/2019\/12\/sahil_71576576994.jpg",649,365,false]},"rttpg_author":{"display_name":"V\u00fcsal Rafiqo\u011flu","author_link":"https:\/\/arantv.az\/?author=2"},"rttpg_comment":0,"rttpg_category":"<a href=\"https:\/\/arantv.az\/?cat=1\" rel=\"category\">C\u0259miyy\u0259t<\/a>","rttpg_excerpt":"\u018fm\u0259k v\u0259 \u018fhalinin Sosial M\u00fcdafi\u0259si Nazirliyi t\u0259r\u0259find\u0259n \u00f6t\u0259n il 2 milyon manat v\u0259sait sosial sifari\u015fl\u0259r \u00fc\u00e7\u00fcn qeyri-h\u00f6kum\u0259t t\u0259\u015fkilatlar\u0131 il\u0259 \u0259m\u0259kda\u015fl\u0131\u011fa y\u00f6n\u0259ldilib. ARANTV.AZ\u00a0x\u0259b\u0259r verir ki, bunu \u018fm\u0259k v\u0259 \u018fhalinin Sosial M\u00fcdafi\u0259si naziri Sahil Babayev &#8220;Sosial xidm\u0259tl\u0259r sah\u0259sind\u0259 qeyri-h\u00f6kum\u0259t t\u0259\u015fkilatlar\u0131 il\u0259 \u0259m\u0259kda\u015fl\u0131q: nailiyy\u0259tl\u0259r v\u0259 perspektivl\u0259r&#8221; m\u00f6vzusunda ke\u00e7iril\u0259n konfransda \u00e7\u0131x\u0131\u015f\u0131 zaman\u0131 bildirib. O bildirib ki, \u0259m\u0259kda\u015fl\u0131q \u00e7\u0259r\u00e7iv\u0259sind\u0259 68&hellip;","_links":{"self":[{"href":"https:\/\/arantv.az\/index.php?rest_route=\/wp\/v2\/posts\/108412"}],"collection":[{"href":"https:\/\/arantv.az\/index.php?rest_route=\/wp\/v2\/posts"}],"about":[{"href":"https:\/\/arantv.az\/index.php?rest_route=\/wp\/v2\/types\/post"}],"author":[{"embeddable":true,"href":"https:\/\/arantv.az\/index.php?rest_route=\/wp\/v2\/users\/2"}],"replies":[{"embeddable":true,"href":"https:\/\/arantv.az\/index.php?rest_route=%2Fwp%2Fv2%2Fcomments&post=108412"}],"version-history":[{"count":0,"href":"https:\/\/arantv.az\/index.php?rest_route=\/wp\/v2\/posts\/108412\/revisions"}],"wp:featuredmedia":[{"embeddable":true,"href":"https:\/\/arantv.az\/index.php?rest_route=\/wp\/v2\/media\/108413"}],"wp:attachment":[{"href":"https:\/\/arantv.az\/index.php?rest_route=%2Fwp%2Fv2%2Fmedia&parent=108412"}],"wp:term":[{"taxonomy":"category","embeddable":true,"href":"https:\/\/arantv.az\/index.php?rest_route=%2Fwp%2Fv2%2Fcategories&post=108412"},{"taxonomy":"post_tag","embeddable":true,"href":"https:\/\/arantv.az\/index.php?rest_route=%2Fwp%2Fv2%2Ftags&post=108412"}],"curies":[{"name":"wp","href":"https:\/\/api.w.org\/{rel}","templated":true}]}}