{"id":108424,"date":"2019-12-17T13:39:45","date_gmt":"2019-12-17T10:39:45","guid":{"rendered":"http:\/\/arantv.az\/?p=108424"},"modified":"2019-12-17T13:39:45","modified_gmt":"2019-12-17T10:39:45","slug":"insanlar-evl%c9%99rini-el%c9%99-yerd%c9%99-tikm%c9%99lidir-ki-cavid-qurbanov","status":"publish","type":"post","link":"https:\/\/arantv.az\/?p=108424","title":{"rendered":"&#8220;\u0130nsanlar evl\u0259rini el\u0259 yerd\u0259 tikm\u0259lidir ki&#8230; &#8211; Cavid Qurbanov"},"content":{"rendered":"<p>&#8220;\u0130nsanlar evl\u0259rin el\u0259 yerd\u0259 tikm\u0259lidir ki, h\u0259m \u00f6zl\u0259ri \u00fc\u00e7\u00fcn t\u0259hl\u00fck\u0259 olmas\u0131n, h\u0259m d\u0259 s\u00f6k\u00fclm\u0259li olmas\u0131n&#8221;.<\/p>\n<p><strong>ARANTV.AZ<\/strong>\u00a0\u00a0<a href=\"https:\/\/az.trend.az\/\" target=\"_blank\" rel=\"noopener\">Trend<\/a>-\u0259 istinad\u0259n x\u0259b\u0259r verir ki, bunu &#8220;Az\u0259rbaycan D\u0259mir Yollar\u0131&#8221; QSC-nin s\u0259dri Cavid Qurbanov bu g\u00fcn Yeni Az\u0259rbaycan Partiyas\u0131n\u0131n q\u0259rargah\u0131nda ke\u00e7iril\u0259n m\u0259tbuat konfrans\u0131nda deyib.<\/p>\n<p>C.Qurbanov bildirib ki, b\u0259z\u0259n insanlar ev tik\u0259rk\u0259n m\u0259qs\u0259d\u0259uy\u011fun olmayan \u0259razil\u0259r se\u00e7irl\u0259r:<\/p>\n<p>&#8220;M\u0259s\u0259l\u0259n, elektrik x\u0259tl\u0259rinin alt\u0131nda, d\u0259mir yollar\u0131n\u0131n a\u011fz\u0131nda ev tikm\u0259k do\u011fru deyil. Bu ilk n\u00f6vb\u0259d\u0259 h\u0259min ail\u0259l\u0259rin \u00f6z t\u0259hl\u00fck\u0259sizliyi bax\u0131m\u0131ndan do\u011fru deyil. El\u0259 Bak\u0131 &#8220;\u015eanxay\u0131&#8221; adland\u0131r\u0131lan \u0259razini g\u00f6t\u00fcr\u0259k. O \u0259razi, t\u0259\u0259ss\u00fcf ki, ev tikilm\u0259si \u00fc\u00e7\u00fcn m\u00fcnasib deyil. Biz d\u0259mir yollar\u0131n\u0131n yax\u0131nl\u0131\u011f\u0131nda olan t\u0259hl\u00fck\u0259li evl\u0259ri s\u00f6km\u0259k m\u0259cburiyy\u0259tind\u0259 qald\u0131q. Bu, onlar\u0131n ya\u015fay\u0131\u015f \u015f\u0259raitini yax\u015f\u0131la\u015fd\u0131rma\u011fa xidm\u0259t edir. Art\u0131q onlar daha yax\u015f\u0131 \u015f\u0259raitd\u0259 ya\u015fay\u0131rlar&#8221;.<\/p>\n","protected":false},"excerpt":{"rendered":"<p>&#8220;\u0130nsanlar evl\u0259rin el\u0259 yerd\u0259 tikm\u0259lidir ki, h\u0259m \u00f6zl\u0259ri \u00fc\u00e7\u00fcn t\u0259hl\u00fck\u0259 olmas\u0131n, h\u0259m d\u0259 s\u00f6k\u00fclm\u0259li olmas\u0131n&#8221;. ARANTV.AZ\u00a0\u00a0Trend-\u0259 istinad\u0259n x\u0259b\u0259r verir ki, bunu &#8220;Az\u0259rbaycan D\u0259mir Yollar\u0131&#8221; QSC-nin s\u0259dri Cavid Qurbanov bu g\u00fcn Yeni Az\u0259rbaycan Partiyas\u0131n\u0131n q\u0259rargah\u0131nda ke\u00e7iril\u0259n m\u0259tbuat konfrans\u0131nda deyib. C.Qurbanov bildirib ki, b\u0259z\u0259n insanlar ev tik\u0259rk\u0259n m\u0259qs\u0259d\u0259uy\u011fun olmayan \u0259razil\u0259r se\u00e7irl\u0259r: &#8220;M\u0259s\u0259l\u0259n, elektrik x\u0259tl\u0259rinin alt\u0131nda, d\u0259mir yollar\u0131n\u0131n a\u011fz\u0131nda ev tikm\u0259k do\u011fru deyil. Bu ilk n\u00f6vb\u0259d\u0259 h\u0259min ail\u0259l\u0259rin \u00f6z t\u0259hl\u00fck\u0259sizliyi bax\u0131m\u0131ndan do\u011fru deyil. El\u0259 Bak\u0131 &#8220;\u015eanxay\u0131&#8221; adland\u0131r\u0131lan \u0259razini g\u00f6t\u00fcr\u0259k. O \u0259razi, t\u0259\u0259ss\u00fcf ki, ev tikilm\u0259si \u00fc\u00e7\u00fcn m\u00fcnasib deyil. Biz d\u0259mir yollar\u0131n\u0131n yax\u0131nl\u0131\u011f\u0131nda olan&hellip;<\/p>\n","protected":false},"author":2,"featured_media":108425,"comment_status":"closed","ping_status":"closed","sticky":false,"template":"","format":"standard","meta":{"om_disable_all_campaigns":false,"_monsterinsights_skip_tracking":false,"_monsterinsights_sitenote_active":false,"_monsterinsights_sitenote_note":"","_monsterinsights_sitenote_category":0},"categories":[1],"tags":[],"aioseo_notices":[],"gutentor_comment":0,"rttpg_featured_image_url":{"full":["https:\/\/arantv.az\/wp-content\/uploads\/2019\/12\/811104.jpg",800,600,false],"landscape":["https:\/\/arantv.az\/wp-content\/uploads\/2019\/12\/811104.jpg",800,600,false],"portraits":["https:\/\/arantv.az\/wp-content\/uploads\/2019\/12\/811104.jpg",800,600,false],"thumbnail":["https:\/\/arantv.az\/wp-content\/uploads\/2019\/12\/811104-150x150.jpg",150,150,true],"medium":["https:\/\/arantv.az\/wp-content\/uploads\/2019\/12\/811104-300x225.jpg",300,225,true],"large":["https:\/\/arantv.az\/wp-content\/uploads\/2019\/12\/811104.jpg",640,480,false],"1536x1536":["https:\/\/arantv.az\/wp-content\/uploads\/2019\/12\/811104.jpg",800,600,false],"2048x2048":["https:\/\/arantv.az\/wp-content\/uploads\/2019\/12\/811104.jpg",800,600,false],"post-thumbnail":["https:\/\/arantv.az\/wp-content\/uploads\/2019\/12\/811104-240x172.jpg",240,172,true],"advps-thumb-one":["https:\/\/arantv.az\/wp-content\/uploads\/2019\/12\/811104.jpg",800,600,false]},"rttpg_author":{"display_name":"V\u00fcsal Rafiqo\u011flu","author_link":"https:\/\/arantv.az\/?author=2"},"rttpg_comment":0,"rttpg_category":"<a href=\"https:\/\/arantv.az\/?cat=1\" rel=\"category\">C\u0259miyy\u0259t<\/a>","rttpg_excerpt":"&#8220;\u0130nsanlar evl\u0259rin el\u0259 yerd\u0259 tikm\u0259lidir ki, h\u0259m \u00f6zl\u0259ri \u00fc\u00e7\u00fcn t\u0259hl\u00fck\u0259 olmas\u0131n, h\u0259m d\u0259 s\u00f6k\u00fclm\u0259li olmas\u0131n&#8221;. ARANTV.AZ\u00a0\u00a0Trend-\u0259 istinad\u0259n x\u0259b\u0259r verir ki, bunu &#8220;Az\u0259rbaycan D\u0259mir Yollar\u0131&#8221; QSC-nin s\u0259dri Cavid Qurbanov bu g\u00fcn Yeni Az\u0259rbaycan Partiyas\u0131n\u0131n q\u0259rargah\u0131nda ke\u00e7iril\u0259n m\u0259tbuat konfrans\u0131nda deyib. C.Qurbanov bildirib ki, b\u0259z\u0259n insanlar ev tik\u0259rk\u0259n m\u0259qs\u0259d\u0259uy\u011fun olmayan \u0259razil\u0259r se\u00e7irl\u0259r: &#8220;M\u0259s\u0259l\u0259n, elektrik x\u0259tl\u0259rinin alt\u0131nda, d\u0259mir yollar\u0131n\u0131n&hellip;","_links":{"self":[{"href":"https:\/\/arantv.az\/index.php?rest_route=\/wp\/v2\/posts\/108424"}],"collection":[{"href":"https:\/\/arantv.az\/index.php?rest_route=\/wp\/v2\/posts"}],"about":[{"href":"https:\/\/arantv.az\/index.php?rest_route=\/wp\/v2\/types\/post"}],"author":[{"embeddable":true,"href":"https:\/\/arantv.az\/index.php?rest_route=\/wp\/v2\/users\/2"}],"replies":[{"embeddable":true,"href":"https:\/\/arantv.az\/index.php?rest_route=%2Fwp%2Fv2%2Fcomments&post=108424"}],"version-history":[{"count":0,"href":"https:\/\/arantv.az\/index.php?rest_route=\/wp\/v2\/posts\/108424\/revisions"}],"wp:featuredmedia":[{"embeddable":true,"href":"https:\/\/arantv.az\/index.php?rest_route=\/wp\/v2\/media\/108425"}],"wp:attachment":[{"href":"https:\/\/arantv.az\/index.php?rest_route=%2Fwp%2Fv2%2Fmedia&parent=108424"}],"wp:term":[{"taxonomy":"category","embeddable":true,"href":"https:\/\/arantv.az\/index.php?rest_route=%2Fwp%2Fv2%2Fcategories&post=108424"},{"taxonomy":"post_tag","embeddable":true,"href":"https:\/\/arantv.az\/index.php?rest_route=%2Fwp%2Fv2%2Ftags&post=108424"}],"curies":[{"name":"wp","href":"https:\/\/api.w.org\/{rel}","templated":true}]}}