{"id":108428,"date":"2019-12-17T13:40:32","date_gmt":"2019-12-17T10:40:32","guid":{"rendered":"http:\/\/arantv.az\/?p=108428"},"modified":"2019-12-17T13:40:32","modified_gmt":"2019-12-17T10:40:32","slug":"qobustanda-tikil%c9%99n-sosial-adaptasiya-m%c9%99rk%c9%99zi-yaxin-vaxtlarda-istifad%c9%99y%c9%99-veril%c9%99c%c9%99k","status":"publish","type":"post","link":"https:\/\/arantv.az\/?p=108428","title":{"rendered":"Qobustanda tikil\u0259n Sosial Adaptasiya M\u0259rk\u0259zi yax\u0131n vaxtlarda istifad\u0259y\u0259 veril\u0259c\u0259k"},"content":{"rendered":"<p>&#8220;Penitensiar m\u00fc\u0259ssis\u0259l\u0259rd\u0259 c\u0259za \u00e7\u0259km\u0259kd\u0259n azad edilmi\u015f \u015f\u0259xsl\u0259r \u00fc\u00e7\u00fcn Qobustan rayonunda tikil\u0259n Sosial Adaptasiya M\u0259rk\u0259zi yax\u0131n vaxtlarda istifad\u0259y\u0259 veril\u0259c\u0259k&#8221;.<\/p>\n<p><strong>ARANTV.AZ<\/strong>\u00a0<a href=\"https:\/\/az.trend.az\/\" target=\"_blank\" rel=\"noopener\">Trend<\/a>-\u0259 istinad\u0259n x\u0259b\u0259r verir ki, bunu &#8220;Sosial xidm\u0259tl\u0259r sah\u0259sind\u0259 QHT-l\u0259rl\u0259 \u0259m\u0259kda\u015fl\u0131q: nailiyy\u0259tl\u0259r v\u0259 perspektivl\u0259r&#8221; m\u00f6vzusunda konfransda \u018fm\u0259k v\u0259 \u018fhalinin Sosial M\u00fcdafi\u0259si naziri Sahil Babayev deyib.<\/p>\n<p>Onun s\u00f6zl\u0259rin\u0259 g\u00f6r\u0259, d\u00f6vl\u0259t ba\u015f\u00e7\u0131s\u0131n\u0131n tap\u015f\u0131r\u0131qlar\u0131 \u0259sas\u0131nda son ill\u0259rd\u0259 yeni istiqam\u0259tl\u0259r \u00fczr\u0259 f\u0259aliyy\u0259t g\u00f6st\u0259r\u0259n bir s\u0131ra sosial xidm\u0259t m\u00fc\u0259ssis\u0259l\u0259ri, habel\u0259 Heyd\u0259r \u018fliyev Fondunun sosial layih\u0259l\u0259rind\u0259n biri olaraq, d\u00f6vl\u0259t u\u015faq m\u00fc\u0259ssis\u0259l\u0259rinin m\u0259zunlar\u0131 \u00fc\u00e7\u00fcn &#8220;M\u0259zun evi&#8221; Sosial M\u00fc\u0259ssis\u0259si yarad\u0131l\u0131b:<\/p>\n<p>&#8220;Prezident \u0130lham \u018fliyevin 1 iyun 2019-cu il tarixli S\u0259r\u0259ncam\u0131 is\u0259 x\u00fcsusi qay\u011f\u0131ya ehtiyac\u0131 olan u\u015faqlara v\u0259 dig\u0259r \u015f\u0259xsl\u0259r\u0259 g\u00f6st\u0259ril\u0259n sosial xidm\u0259tl\u0259rin istiqam\u0259tl\u0259rinin v\u0259 \u0259hat\u0259 dair\u0259sinin d\u0259f\u0259l\u0259rl\u0259 geni\u015fl\u0259ndirilm\u0259sini t\u0259min edib. Nazirliyin sosial sifari\u015fl\u0259ri \u0259sas\u0131nda u\u015faqlar v\u0259 dig\u0259r \u015f\u0259xsl\u0259r \u00fc\u00e7\u00fcn sosial xidm\u0259t m\u0259rk\u0259zl\u0259rinin say\u0131 3,5 d\u0259f\u0259 art\u0131b&#8221;.<\/p>\n","protected":false},"excerpt":{"rendered":"<p>&#8220;Penitensiar m\u00fc\u0259ssis\u0259l\u0259rd\u0259 c\u0259za \u00e7\u0259km\u0259kd\u0259n azad edilmi\u015f \u015f\u0259xsl\u0259r \u00fc\u00e7\u00fcn Qobustan rayonunda tikil\u0259n Sosial Adaptasiya M\u0259rk\u0259zi yax\u0131n vaxtlarda istifad\u0259y\u0259 veril\u0259c\u0259k&#8221;. ARANTV.AZ\u00a0Trend-\u0259 istinad\u0259n x\u0259b\u0259r verir ki, bunu &#8220;Sosial xidm\u0259tl\u0259r sah\u0259sind\u0259 QHT-l\u0259rl\u0259 \u0259m\u0259kda\u015fl\u0131q: nailiyy\u0259tl\u0259r v\u0259 perspektivl\u0259r&#8221; m\u00f6vzusunda konfransda \u018fm\u0259k v\u0259 \u018fhalinin Sosial M\u00fcdafi\u0259si naziri Sahil Babayev deyib. Onun s\u00f6zl\u0259rin\u0259 g\u00f6r\u0259, d\u00f6vl\u0259t ba\u015f\u00e7\u0131s\u0131n\u0131n tap\u015f\u0131r\u0131qlar\u0131 \u0259sas\u0131nda son ill\u0259rd\u0259 yeni istiqam\u0259tl\u0259r \u00fczr\u0259 f\u0259aliyy\u0259t g\u00f6st\u0259r\u0259n bir s\u0131ra sosial xidm\u0259t m\u00fc\u0259ssis\u0259l\u0259ri, habel\u0259 Heyd\u0259r \u018fliyev Fondunun sosial layih\u0259l\u0259rind\u0259n biri olaraq, d\u00f6vl\u0259t u\u015faq m\u00fc\u0259ssis\u0259l\u0259rinin m\u0259zunlar\u0131 \u00fc\u00e7\u00fcn &#8220;M\u0259zun evi&#8221; Sosial M\u00fc\u0259ssis\u0259si yarad\u0131l\u0131b: &#8220;Prezident \u0130lham \u018fliyevin 1 iyun 2019-cu il tarixli S\u0259r\u0259ncam\u0131 is\u0259&hellip;<\/p>\n","protected":false},"author":2,"featured_media":108429,"comment_status":"closed","ping_status":"closed","sticky":false,"template":"","format":"standard","meta":{"om_disable_all_campaigns":false,"_monsterinsights_skip_tracking":false,"_monsterinsights_sitenote_active":false,"_monsterinsights_sitenote_note":"","_monsterinsights_sitenote_category":0},"categories":[1],"tags":[],"aioseo_notices":[],"gutentor_comment":0,"rttpg_featured_image_url":{"full":["https:\/\/arantv.az\/wp-content\/uploads\/2019\/12\/811099.jpg",800,600,false],"landscape":["https:\/\/arantv.az\/wp-content\/uploads\/2019\/12\/811099.jpg",800,600,false],"portraits":["https:\/\/arantv.az\/wp-content\/uploads\/2019\/12\/811099.jpg",800,600,false],"thumbnail":["https:\/\/arantv.az\/wp-content\/uploads\/2019\/12\/811099-150x150.jpg",150,150,true],"medium":["https:\/\/arantv.az\/wp-content\/uploads\/2019\/12\/811099-300x225.jpg",300,225,true],"large":["https:\/\/arantv.az\/wp-content\/uploads\/2019\/12\/811099.jpg",640,480,false],"1536x1536":["https:\/\/arantv.az\/wp-content\/uploads\/2019\/12\/811099.jpg",800,600,false],"2048x2048":["https:\/\/arantv.az\/wp-content\/uploads\/2019\/12\/811099.jpg",800,600,false],"post-thumbnail":["https:\/\/arantv.az\/wp-content\/uploads\/2019\/12\/811099-240x172.jpg",240,172,true],"advps-thumb-one":["https:\/\/arantv.az\/wp-content\/uploads\/2019\/12\/811099.jpg",800,600,false]},"rttpg_author":{"display_name":"V\u00fcsal Rafiqo\u011flu","author_link":"https:\/\/arantv.az\/?author=2"},"rttpg_comment":0,"rttpg_category":"<a href=\"https:\/\/arantv.az\/?cat=1\" rel=\"category\">C\u0259miyy\u0259t<\/a>","rttpg_excerpt":"&#8220;Penitensiar m\u00fc\u0259ssis\u0259l\u0259rd\u0259 c\u0259za \u00e7\u0259km\u0259kd\u0259n azad edilmi\u015f \u015f\u0259xsl\u0259r \u00fc\u00e7\u00fcn Qobustan rayonunda tikil\u0259n Sosial Adaptasiya M\u0259rk\u0259zi yax\u0131n vaxtlarda istifad\u0259y\u0259 veril\u0259c\u0259k&#8221;. ARANTV.AZ\u00a0Trend-\u0259 istinad\u0259n x\u0259b\u0259r verir ki, bunu &#8220;Sosial xidm\u0259tl\u0259r sah\u0259sind\u0259 QHT-l\u0259rl\u0259 \u0259m\u0259kda\u015fl\u0131q: nailiyy\u0259tl\u0259r v\u0259 perspektivl\u0259r&#8221; m\u00f6vzusunda konfransda \u018fm\u0259k v\u0259 \u018fhalinin Sosial M\u00fcdafi\u0259si naziri Sahil Babayev deyib. Onun s\u00f6zl\u0259rin\u0259 g\u00f6r\u0259, d\u00f6vl\u0259t ba\u015f\u00e7\u0131s\u0131n\u0131n tap\u015f\u0131r\u0131qlar\u0131 \u0259sas\u0131nda son ill\u0259rd\u0259 yeni istiqam\u0259tl\u0259r \u00fczr\u0259&hellip;","_links":{"self":[{"href":"https:\/\/arantv.az\/index.php?rest_route=\/wp\/v2\/posts\/108428"}],"collection":[{"href":"https:\/\/arantv.az\/index.php?rest_route=\/wp\/v2\/posts"}],"about":[{"href":"https:\/\/arantv.az\/index.php?rest_route=\/wp\/v2\/types\/post"}],"author":[{"embeddable":true,"href":"https:\/\/arantv.az\/index.php?rest_route=\/wp\/v2\/users\/2"}],"replies":[{"embeddable":true,"href":"https:\/\/arantv.az\/index.php?rest_route=%2Fwp%2Fv2%2Fcomments&post=108428"}],"version-history":[{"count":0,"href":"https:\/\/arantv.az\/index.php?rest_route=\/wp\/v2\/posts\/108428\/revisions"}],"wp:featuredmedia":[{"embeddable":true,"href":"https:\/\/arantv.az\/index.php?rest_route=\/wp\/v2\/media\/108429"}],"wp:attachment":[{"href":"https:\/\/arantv.az\/index.php?rest_route=%2Fwp%2Fv2%2Fmedia&parent=108428"}],"wp:term":[{"taxonomy":"category","embeddable":true,"href":"https:\/\/arantv.az\/index.php?rest_route=%2Fwp%2Fv2%2Fcategories&post=108428"},{"taxonomy":"post_tag","embeddable":true,"href":"https:\/\/arantv.az\/index.php?rest_route=%2Fwp%2Fv2%2Ftags&post=108428"}],"curies":[{"name":"wp","href":"https:\/\/api.w.org\/{rel}","templated":true}]}}