{"id":108436,"date":"2019-12-17T13:45:24","date_gmt":"2019-12-17T10:45:24","guid":{"rendered":"http:\/\/arantv.az\/?p=108436"},"modified":"2019-12-17T13:45:24","modified_gmt":"2019-12-17T10:45:24","slug":"saglamliq-imkanlari-m%c9%99hdud-18-yasinad%c9%99k-usaqlar-iki-nov-muavin%c9%99ti-eyni-vaxtda-ala-bil%c9%99c%c9%99kl%c9%99r","status":"publish","type":"post","link":"https:\/\/arantv.az\/?p=108436","title":{"rendered":"Sa\u011flaml\u0131q imkanlar\u0131 m\u0259hdud 18 ya\u015f\u0131nad\u0259k u\u015faqlar iki n\u00f6v m\u00fcavin\u0259ti eyni vaxtda ala bil\u0259c\u0259kl\u0259r"},"content":{"rendered":"<p>Prezident \u0130lham \u018fliyevin dekabr\u0131n 16-da t\u0259sdiql\u0259diyi yeni qanunlar Az\u0259rbaycanda v\u0259t\u0259nda\u015f rifah\u0131n\u0131n t\u0259minat\u0131, eyni zamanda, h\u0259ssas qruplara y\u00f6n\u0259l\u0259n d\u00f6vl\u0259t qay\u011f\u0131s\u0131n\u0131n art\u0131r\u0131lmas\u0131 sah\u0259sind\u0259 at\u0131lan ard\u0131c\u0131l add\u0131mlar\u0131n u\u011furla davam etdirilm\u0259sin\u0259 xidm\u0259t edir.<\/p>\n<p>\u018fm\u0259k v\u0259 \u018fhalinin Sosial M\u00fcdafi\u0259si Nazirliyinin \u0130ctimaiyy\u0259tl\u0259 \u0259laq\u0259l\u0259r v\u0259 kommunikasiya \u015f\u00f6b\u0259sind\u0259n\u00a0veril\u0259n m\u0259lumata g\u00f6r\u0259, \u201cSosial m\u00fcavin\u0259tl\u0259r haqq\u0131nda\u201d qanunda d\u0259yi\u015fiklik edilm\u0259si bar\u0259d\u0259\u201d qanun sosial m\u00fcavin\u0259tl\u0259r sisteminin daha da t\u0259kmill\u0259\u015fdirilm\u0259sin\u0259 y\u00f6n\u0259lm\u0259kl\u0259, h\u0259ssas qruplardan olan v\u0259t\u0259nda\u015flar\u0131n, o c\u00fcml\u0259d\u0259n sa\u011flaml\u0131q imkanlar\u0131 m\u0259hdud 18 ya\u015f\u0131nad\u0259k u\u015faqlar\u0131n, ail\u0259 ba\u015f\u00e7\u0131s\u0131n\u0131 itirmi\u015f ail\u0259l\u0259rin etibarl\u0131 sosial t\u0259minat sistemi il\u0259 t\u0259min edilm\u0259sind\u0259 daha bir m\u00fch\u00fcm add\u0131md\u0131r.<\/p>\n<p>Nazirlikd\u0259n bildirilib ki, qanunda d\u0259yi\u015fiklikl\u0259rd\u0259n biri sa\u011flaml\u0131q imkanlar\u0131 m\u0259hdud 18 ya\u015f\u0131nad\u0259k u\u015faqlar\u0131n ail\u0259 ba\u015f\u00e7\u0131s\u0131n\u0131 itirdikd\u0259 bununla \u0259laq\u0259dar olaraq sosial t\u0259minat n\u00f6v\u00fcn\u0259 yaranan h\u00fcququnun, onlar\u0131n maraq v\u0259 m\u0259nafeyinin tam t\u0259min edilm\u0259sini n\u0259z\u0259rd\u0259 tutur.<\/p>\n<div id=\"AdviadNativeVideo0\" class=\"AdviadNativeVideo\"><\/div>\n<p>Bel\u0259 ki, m\u00f6vcud qanunvericiliy\u0259 g\u00f6r\u0259, sa\u011flaml\u0131q imkanlar\u0131 m\u0259hdud 18 ya\u015f\u0131nad\u0259k u\u015faq ail\u0259 ba\u015f\u00e7\u0131s\u0131n\u0131 itirdikd\u0259, yaxud ail\u0259 ba\u015f\u00e7\u0131s\u0131n\u0131 itirmi\u015f u\u015faq sa\u011flaml\u0131q imkanlar\u0131 m\u0259hdud hesab edildikd\u0259 iki m\u00fcavin\u0259t n\u00f6v\u00fcnd\u0259n (y\u0259ni sa\u011flaml\u0131q imkanlar\u0131 m\u0259hdudlu\u011fa, yaxud ail\u0259 ba\u015f\u00e7\u0131s\u0131n\u0131 itirm\u0259y\u0259 g\u00f6r\u0259 m\u00fcavin\u0259t n\u00f6vl\u0259rind\u0259n) birini se\u00e7\u0259 bil\u0259r. Qanuna yeni d\u0259yi\u015fiklik is\u0259 h\u0259min u\u015faqlar \u00fc\u00e7\u00fcn bu m\u0259hdudiyy\u0259ti aradan qald\u0131r\u0131r. Onlar m\u00fcvafiq hallarda h\u0259r iki n\u00f6v m\u00fcavin\u0259ti eyni vaxtda ala bil\u0259c\u0259kl\u0259r. Bu da h\u0259min u\u015faqlar\u0131n sosial m\u00fcdafi\u0259sinin g\u00fccl\u0259ndirilm\u0259sind\u0259 m\u00fch\u00fcm \u00f6n\u0259m k\u0259sb edir.<\/p>\n<p>\u201cSosial m\u00fcavin\u0259tl\u0259r haqq\u0131nda\u201d qanunda \u0259sas d\u0259yi\u015fiklikl\u0259rd\u0259n biri d\u0259 ail\u0259 ba\u015f\u00e7\u0131s\u0131n\u0131 itirmi\u015f ail\u0259l\u0259rin sosial m\u00fcdafi\u0259sinin g\u00fccl\u0259ndirilm\u0259sin\u0259 y\u00f6n\u0259lib. Bel\u0259 ki, b\u0259zi hallarda ail\u0259y\u0259 hesablanm\u0131\u015f ail\u0259 ba\u015f\u00e7\u0131s\u0131n\u0131 itirm\u0259y\u0259 g\u00f6r\u0259 \u0259m\u0259k pensiyas\u0131n\u0131n adamba\u015f\u0131na d\u00fc\u015f\u0259n ayl\u0131q m\u0259bl\u0259\u011fi ail\u0259 ba\u015f\u00e7\u0131s\u0131n\u0131 itirm\u0259y\u0259 g\u00f6r\u0259 ayl\u0131q sosial m\u00fcavin\u0259tin m\u0259bl\u0259\u011find\u0259n a\u015fa\u011f\u0131 olur. Lakin buna baxmayaraq, qanun \u0259m\u0259k pensiyas\u0131 h\u00fcququ yarand\u0131\u011f\u0131 \u00fc\u00e7\u00fcn yaln\u0131z pensiyan\u0131 alma\u011fa icaz\u0259 verirdi. \u201cSosial m\u00fcavin\u0259tl\u0259r haqq\u0131nda\u201d Qanunda yeni d\u0259yi\u015fiklik n\u0259tic\u0259sind\u0259 bel\u0259 hallarda ail\u0259nin maddi durumunun yax\u015f\u0131la\u015fmas\u0131 m\u0259qs\u0259dil\u0259 bundan sonra ail\u0259y\u0259 ail\u0259 ba\u015f\u00e7\u0131s\u0131n\u0131 itirm\u0259y\u0259 g\u00f6r\u0259 pensiya v\u0259 ya sosial m\u00fcavin\u0259t se\u00e7m\u0259k h\u00fcququ veril\u0259c\u0259k. Y\u0259ni ail\u0259 ba\u015f\u00e7\u0131s\u0131n\u0131 itirmi\u015f ail\u0259 onun \u00fc\u00e7\u00fcn n\u0259z\u0259rd\u0259 tutulan sosial t\u0259minat n\u00f6vl\u0259rind\u0259n hans\u0131 (pensiya v\u0259 ya m\u00fcavin\u0259t) daha \u00e7ox m\u0259bl\u0259\u011fd\u0259dirs\u0259, onu se\u00e7\u0259c\u0259k. Qeyd ed\u0259k ki, \u201c\u018fm\u0259k pensiyalar\u0131 haqq\u0131nda\u201d Az\u0259rbaycan Respublikas\u0131n\u0131n Qanununda edilmi\u015f d\u0259yi\u015fiklik d\u0259 ail\u0259 ba\u015f\u00e7\u0131s\u0131n\u0131 itirmi\u015f ail\u0259y\u0259 bu se\u00e7im h\u00fcququnu verir.<\/p>\n<p>Qanunda \u0259sas d\u0259yi\u015fiklikl\u0259rd\u0259n biri d\u0259 ya\u015fa g\u00f6r\u0259 \u0259m\u0259k pensiyas\u0131 almaq h\u00fcququ ver\u0259n ya\u015f h\u0259ddinin artmas\u0131 n\u0259tic\u0259sind\u0259 ya\u015fa g\u00f6r\u0259 \u0259m\u0259k pensiyas\u0131 v\u0259 sosial m\u00fcavin\u0259t almaq h\u00fcququ ver\u0259n ya\u015flar aras\u0131nda yaranm\u0131\u015f ciddi uy\u011funsuzlu\u011fun aradan qald\u0131r\u0131lmas\u0131na y\u00f6n\u0259lib. Bel\u0259 ki, d\u0259yi\u015fiklik ya\u015fa g\u00f6r\u0259 m\u00fcavin\u0259t h\u00fcququ yaranan ya\u015f h\u0259ddinin pensiya ya\u015f\u0131 h\u0259ddi il\u0259 eynil\u0259\u015fdirilm\u0259sini n\u0259z\u0259rd\u0259 tutur.<\/p>\n<p>\u201cAz\u0259rbaycan Respublikas\u0131nda 2020-ci il \u00fc\u00e7\u00fcn ehtiyac meyar\u0131n\u0131n h\u0259ddi haqq\u0131nda\u201dAz\u0259rbaycan Respublikas\u0131n\u0131n Qanunu il\u0259 \u00fcnvanl\u0131 d\u00f6vl\u0259t sosial yard\u0131m\u0131n\u0131n t\u0259yin edilm\u0259si m\u0259qs\u0259dil\u0259 2020-ci il \u00fc\u00e7\u00fcn ehtiyac meyar\u0131n\u0131n h\u0259ddi 160 manata \u00e7atd\u0131r\u0131l\u0131b. Bu da \u00f6lk\u0259d\u0259 azt\u0259minatl\u0131 ail\u0259l\u0259r\u0259 hesablanan sosial yard\u0131m\u0131n v\u0259 n\u0259tic\u0259d\u0259 onlara y\u00f6n\u0259l\u0259n d\u00f6vl\u0259tin qay\u011f\u0131s\u0131n\u0131n daha da art\u0131r\u0131lmas\u0131na imkan verir. Qeyd ed\u0259k ki, \u00f6t\u0259n d\u00f6vrd\u0259 \u00f6lk\u0259mizd\u0259 ehtiyac meyar\u0131n\u0131n h\u0259ddinin 5,3 d\u0259f\u0259 art\u0131r\u0131lmas\u0131 t\u0259min edilib ki, bu da azt\u0259minatl\u0131 ail\u0259l\u0259rin sosial m\u00fcdafi\u0259sinin ild\u0259n-il\u0259 g\u00fccl\u0259ndirilm\u0259sin\u0259 xidm\u0259t edib.<\/p>\n","protected":false},"excerpt":{"rendered":"<p>Prezident \u0130lham \u018fliyevin dekabr\u0131n 16-da t\u0259sdiql\u0259diyi yeni qanunlar Az\u0259rbaycanda v\u0259t\u0259nda\u015f rifah\u0131n\u0131n t\u0259minat\u0131, eyni zamanda, h\u0259ssas qruplara y\u00f6n\u0259l\u0259n d\u00f6vl\u0259t qay\u011f\u0131s\u0131n\u0131n art\u0131r\u0131lmas\u0131 sah\u0259sind\u0259 at\u0131lan ard\u0131c\u0131l add\u0131mlar\u0131n u\u011furla davam etdirilm\u0259sin\u0259 xidm\u0259t edir. \u018fm\u0259k v\u0259 \u018fhalinin Sosial M\u00fcdafi\u0259si Nazirliyinin \u0130ctimaiyy\u0259tl\u0259 \u0259laq\u0259l\u0259r v\u0259 kommunikasiya \u015f\u00f6b\u0259sind\u0259n\u00a0veril\u0259n m\u0259lumata g\u00f6r\u0259, \u201cSosial m\u00fcavin\u0259tl\u0259r haqq\u0131nda\u201d qanunda d\u0259yi\u015fiklik edilm\u0259si bar\u0259d\u0259\u201d qanun sosial m\u00fcavin\u0259tl\u0259r sisteminin daha da t\u0259kmill\u0259\u015fdirilm\u0259sin\u0259 y\u00f6n\u0259lm\u0259kl\u0259, h\u0259ssas qruplardan olan v\u0259t\u0259nda\u015flar\u0131n, o c\u00fcml\u0259d\u0259n sa\u011flaml\u0131q imkanlar\u0131 m\u0259hdud 18 ya\u015f\u0131nad\u0259k u\u015faqlar\u0131n, ail\u0259 ba\u015f\u00e7\u0131s\u0131n\u0131 itirmi\u015f ail\u0259l\u0259rin etibarl\u0131 sosial t\u0259minat sistemi il\u0259 t\u0259min edilm\u0259sind\u0259 daha bir m\u00fch\u00fcm add\u0131md\u0131r. Nazirlikd\u0259n bildirilib ki, qanunda d\u0259yi\u015fiklikl\u0259rd\u0259n biri&hellip;<\/p>\n","protected":false},"author":2,"featured_media":108437,"comment_status":"closed","ping_status":"closed","sticky":false,"template":"","format":"standard","meta":{"om_disable_all_campaigns":false,"_monsterinsights_skip_tracking":false,"_monsterinsights_sitenote_active":false,"_monsterinsights_sitenote_note":"","_monsterinsights_sitenote_category":0},"categories":[1],"tags":[],"aioseo_notices":[],"gutentor_comment":0,"rttpg_featured_image_url":{"full":["https:\/\/arantv.az\/wp-content\/uploads\/2019\/12\/3f468b58-a5af-4edb-a47b-a4816754eb8c_640.jpg",578,427,false],"landscape":["https:\/\/arantv.az\/wp-content\/uploads\/2019\/12\/3f468b58-a5af-4edb-a47b-a4816754eb8c_640.jpg",578,427,false],"portraits":["https:\/\/arantv.az\/wp-content\/uploads\/2019\/12\/3f468b58-a5af-4edb-a47b-a4816754eb8c_640.jpg",578,427,false],"thumbnail":["https:\/\/arantv.az\/wp-content\/uploads\/2019\/12\/3f468b58-a5af-4edb-a47b-a4816754eb8c_640-150x150.jpg",150,150,true],"medium":["https:\/\/arantv.az\/wp-content\/uploads\/2019\/12\/3f468b58-a5af-4edb-a47b-a4816754eb8c_640-300x222.jpg",300,222,true],"large":["https:\/\/arantv.az\/wp-content\/uploads\/2019\/12\/3f468b58-a5af-4edb-a47b-a4816754eb8c_640.jpg",578,427,false],"1536x1536":["https:\/\/arantv.az\/wp-content\/uploads\/2019\/12\/3f468b58-a5af-4edb-a47b-a4816754eb8c_640.jpg",578,427,false],"2048x2048":["https:\/\/arantv.az\/wp-content\/uploads\/2019\/12\/3f468b58-a5af-4edb-a47b-a4816754eb8c_640.jpg",578,427,false],"post-thumbnail":["https:\/\/arantv.az\/wp-content\/uploads\/2019\/12\/3f468b58-a5af-4edb-a47b-a4816754eb8c_640-240x172.jpg",240,172,true],"advps-thumb-one":["https:\/\/arantv.az\/wp-content\/uploads\/2019\/12\/3f468b58-a5af-4edb-a47b-a4816754eb8c_640.jpg",578,427,false]},"rttpg_author":{"display_name":"V\u00fcsal Rafiqo\u011flu","author_link":"https:\/\/arantv.az\/?author=2"},"rttpg_comment":0,"rttpg_category":"<a href=\"https:\/\/arantv.az\/?cat=1\" rel=\"category\">C\u0259miyy\u0259t<\/a>","rttpg_excerpt":"Prezident \u0130lham \u018fliyevin dekabr\u0131n 16-da t\u0259sdiql\u0259diyi yeni qanunlar Az\u0259rbaycanda v\u0259t\u0259nda\u015f rifah\u0131n\u0131n t\u0259minat\u0131, eyni zamanda, h\u0259ssas qruplara y\u00f6n\u0259l\u0259n d\u00f6vl\u0259t qay\u011f\u0131s\u0131n\u0131n art\u0131r\u0131lmas\u0131 sah\u0259sind\u0259 at\u0131lan ard\u0131c\u0131l add\u0131mlar\u0131n u\u011furla davam etdirilm\u0259sin\u0259 xidm\u0259t edir. \u018fm\u0259k v\u0259 \u018fhalinin Sosial M\u00fcdafi\u0259si Nazirliyinin \u0130ctimaiyy\u0259tl\u0259 \u0259laq\u0259l\u0259r v\u0259 kommunikasiya \u015f\u00f6b\u0259sind\u0259n\u00a0veril\u0259n m\u0259lumata g\u00f6r\u0259, \u201cSosial m\u00fcavin\u0259tl\u0259r haqq\u0131nda\u201d qanunda d\u0259yi\u015fiklik edilm\u0259si bar\u0259d\u0259\u201d qanun sosial m\u00fcavin\u0259tl\u0259r sisteminin daha da&hellip;","_links":{"self":[{"href":"https:\/\/arantv.az\/index.php?rest_route=\/wp\/v2\/posts\/108436"}],"collection":[{"href":"https:\/\/arantv.az\/index.php?rest_route=\/wp\/v2\/posts"}],"about":[{"href":"https:\/\/arantv.az\/index.php?rest_route=\/wp\/v2\/types\/post"}],"author":[{"embeddable":true,"href":"https:\/\/arantv.az\/index.php?rest_route=\/wp\/v2\/users\/2"}],"replies":[{"embeddable":true,"href":"https:\/\/arantv.az\/index.php?rest_route=%2Fwp%2Fv2%2Fcomments&post=108436"}],"version-history":[{"count":0,"href":"https:\/\/arantv.az\/index.php?rest_route=\/wp\/v2\/posts\/108436\/revisions"}],"wp:featuredmedia":[{"embeddable":true,"href":"https:\/\/arantv.az\/index.php?rest_route=\/wp\/v2\/media\/108437"}],"wp:attachment":[{"href":"https:\/\/arantv.az\/index.php?rest_route=%2Fwp%2Fv2%2Fmedia&parent=108436"}],"wp:term":[{"taxonomy":"category","embeddable":true,"href":"https:\/\/arantv.az\/index.php?rest_route=%2Fwp%2Fv2%2Fcategories&post=108436"},{"taxonomy":"post_tag","embeddable":true,"href":"https:\/\/arantv.az\/index.php?rest_route=%2Fwp%2Fv2%2Ftags&post=108436"}],"curies":[{"name":"wp","href":"https:\/\/api.w.org\/{rel}","templated":true}]}}