{"id":108444,"date":"2019-12-17T14:03:17","date_gmt":"2019-12-17T11:03:17","guid":{"rendered":"http:\/\/arantv.az\/?p=108444"},"modified":"2019-12-17T14:03:17","modified_gmt":"2019-12-17T11:03:17","slug":"azay-quliyev-sosial-sifarisl%c9%99r-haqqinda-qanun-layih%c9%99sind%c9%99n-danisdi","status":"publish","type":"post","link":"https:\/\/arantv.az\/?p=108444","title":{"rendered":"Azay Quliyev &#8220;Sosial sifari\u015fl\u0259r haqq\u0131nda&#8221; qanun layih\u0259sind\u0259n dan\u0131\u015fd\u0131"},"content":{"rendered":"<p>&#8220;Bu g\u00fcn &#8220;Sosial sifari\u015fl\u0259r haqq\u0131nda&#8221; qanun layih\u0259sinin q\u0259bulu \u00e7ox aktuald\u0131r&#8221;.<\/p>\n<p><strong>ARANTV.AZ<\/strong>\u00a0\u00a0<a href=\"https:\/\/az.trend.az\/\" target=\"_blank\" rel=\"noopener\">Trend<\/a>-\u0259 istinad\u0259n x\u0259b\u0259r verir ki, bunu &#8220;Sosial xidm\u0259tl\u0259r sah\u0259sind\u0259 QHT-l\u0259rl\u0259 \u0259m\u0259kda\u015fl\u0131q, nailiyy\u0259tl\u0259r v\u0259 perspektivl\u0259r&#8221; m\u00f6vzusunda konfransda Az\u0259rbaycan Prezidenti yan\u0131nda Qeyri-H\u00f6kum\u0259t T\u0259\u015fkilatlar\u0131na D\u00f6vl\u0259t D\u0259st\u0259yi \u015euras\u0131n\u0131n s\u0259dri Azay Quliyev deyib.<\/p>\n<p>Onun s\u00f6zl\u0259rin\u0259 g\u00f6r\u0259, bu layih\u0259 \u015fura t\u0259r\u0259find\u0259n haz\u0131rlanaraq Milli M\u0259clis\u0259 t\u0259qdim olunub.<\/p>\n<p>A.Quliyev \u00fcmid edir ki, Milli M\u0259clisin n\u00f6vb\u0259ti \u00e7a\u011f\u0131r\u0131\u015f\u0131 formala\u015fark\u0259n bu m\u0259s\u0259l\u0259y\u0259 d\u0259 bax\u0131lacaq:<\/p>\n<p>&#8220;Qanunvericilik sah\u0259sind\u0259 b\u0259zi bo\u015fluqlar var. H\u0259l\u0259 bir ne\u00e7\u0259 il \u0259vv\u0259l &#8220;Sosial xidm\u0259tl\u0259r&#8221; haqq\u0131nda qanun q\u0259bul edildi. Amma t\u0259cr\u00fcb\u0259 onu g\u00f6st\u0259rir ki, yeni yana\u015fmaya ehtiyac var. Bu yan a\u015fma ondan ibar\u0259tdir ki, &#8220;Sosial sifari\u015fl\u0259r haqq\u0131nda&#8221; qanun layih\u0259sin\u0259 ehtiyac var. Bu g\u00fcn he\u00e7 kim\u0259 sirr deyil ki, b\u00fct\u00fcn d\u00fcnyada sosial t\u0259minat xidm\u0259tl\u0259rinin sat\u0131nal\u0131nman\u0131n b\u00f6y\u00fck \u0259ks\u0259riyy\u0259ti m\u0259hz QHT t\u0259r\u0259find\u0259n h\u0259yata ke\u00e7irilir&#8221;.<\/p>\n","protected":false},"excerpt":{"rendered":"<p>&#8220;Bu g\u00fcn &#8220;Sosial sifari\u015fl\u0259r haqq\u0131nda&#8221; qanun layih\u0259sinin q\u0259bulu \u00e7ox aktuald\u0131r&#8221;. ARANTV.AZ\u00a0\u00a0Trend-\u0259 istinad\u0259n x\u0259b\u0259r verir ki, bunu &#8220;Sosial xidm\u0259tl\u0259r sah\u0259sind\u0259 QHT-l\u0259rl\u0259 \u0259m\u0259kda\u015fl\u0131q, nailiyy\u0259tl\u0259r v\u0259 perspektivl\u0259r&#8221; m\u00f6vzusunda konfransda Az\u0259rbaycan Prezidenti yan\u0131nda Qeyri-H\u00f6kum\u0259t T\u0259\u015fkilatlar\u0131na D\u00f6vl\u0259t D\u0259st\u0259yi \u015euras\u0131n\u0131n s\u0259dri Azay Quliyev deyib. Onun s\u00f6zl\u0259rin\u0259 g\u00f6r\u0259, bu layih\u0259 \u015fura t\u0259r\u0259find\u0259n haz\u0131rlanaraq Milli M\u0259clis\u0259 t\u0259qdim olunub. A.Quliyev \u00fcmid edir ki, Milli M\u0259clisin n\u00f6vb\u0259ti \u00e7a\u011f\u0131r\u0131\u015f\u0131 formala\u015fark\u0259n bu m\u0259s\u0259l\u0259y\u0259 d\u0259 bax\u0131lacaq: &#8220;Qanunvericilik sah\u0259sind\u0259 b\u0259zi bo\u015fluqlar var. H\u0259l\u0259 bir ne\u00e7\u0259 il \u0259vv\u0259l &#8220;Sosial xidm\u0259tl\u0259r&#8221; haqq\u0131nda qanun q\u0259bul edildi. Amma t\u0259cr\u00fcb\u0259 onu g\u00f6st\u0259rir ki, yeni yana\u015fmaya ehtiyac var. Bu yan&hellip;<\/p>\n","protected":false},"author":2,"featured_media":108445,"comment_status":"closed","ping_status":"closed","sticky":false,"template":"","format":"standard","meta":{"om_disable_all_campaigns":false,"_monsterinsights_skip_tracking":false,"_monsterinsights_sitenote_active":false,"_monsterinsights_sitenote_note":"","_monsterinsights_sitenote_category":0},"categories":[4],"tags":[],"aioseo_notices":[],"gutentor_comment":0,"rttpg_featured_image_url":{"full":["https:\/\/arantv.az\/wp-content\/uploads\/2019\/12\/811105.jpg",800,600,false],"landscape":["https:\/\/arantv.az\/wp-content\/uploads\/2019\/12\/811105.jpg",800,600,false],"portraits":["https:\/\/arantv.az\/wp-content\/uploads\/2019\/12\/811105.jpg",800,600,false],"thumbnail":["https:\/\/arantv.az\/wp-content\/uploads\/2019\/12\/811105-150x150.jpg",150,150,true],"medium":["https:\/\/arantv.az\/wp-content\/uploads\/2019\/12\/811105-300x225.jpg",300,225,true],"large":["https:\/\/arantv.az\/wp-content\/uploads\/2019\/12\/811105.jpg",640,480,false],"1536x1536":["https:\/\/arantv.az\/wp-content\/uploads\/2019\/12\/811105.jpg",800,600,false],"2048x2048":["https:\/\/arantv.az\/wp-content\/uploads\/2019\/12\/811105.jpg",800,600,false],"post-thumbnail":["https:\/\/arantv.az\/wp-content\/uploads\/2019\/12\/811105-240x172.jpg",240,172,true],"advps-thumb-one":["https:\/\/arantv.az\/wp-content\/uploads\/2019\/12\/811105.jpg",800,600,false]},"rttpg_author":{"display_name":"V\u00fcsal Rafiqo\u011flu","author_link":"https:\/\/arantv.az\/?author=2"},"rttpg_comment":0,"rttpg_category":"<a href=\"https:\/\/arantv.az\/?cat=4\" rel=\"category\">Siyas\u0259t<\/a>","rttpg_excerpt":"&#8220;Bu g\u00fcn &#8220;Sosial sifari\u015fl\u0259r haqq\u0131nda&#8221; qanun layih\u0259sinin q\u0259bulu \u00e7ox aktuald\u0131r&#8221;. ARANTV.AZ\u00a0\u00a0Trend-\u0259 istinad\u0259n x\u0259b\u0259r verir ki, bunu &#8220;Sosial xidm\u0259tl\u0259r sah\u0259sind\u0259 QHT-l\u0259rl\u0259 \u0259m\u0259kda\u015fl\u0131q, nailiyy\u0259tl\u0259r v\u0259 perspektivl\u0259r&#8221; m\u00f6vzusunda konfransda Az\u0259rbaycan Prezidenti yan\u0131nda Qeyri-H\u00f6kum\u0259t T\u0259\u015fkilatlar\u0131na D\u00f6vl\u0259t D\u0259st\u0259yi \u015euras\u0131n\u0131n s\u0259dri Azay Quliyev deyib. Onun s\u00f6zl\u0259rin\u0259 g\u00f6r\u0259, bu layih\u0259 \u015fura t\u0259r\u0259find\u0259n haz\u0131rlanaraq Milli M\u0259clis\u0259 t\u0259qdim olunub. A.Quliyev \u00fcmid edir ki, Milli&hellip;","_links":{"self":[{"href":"https:\/\/arantv.az\/index.php?rest_route=\/wp\/v2\/posts\/108444"}],"collection":[{"href":"https:\/\/arantv.az\/index.php?rest_route=\/wp\/v2\/posts"}],"about":[{"href":"https:\/\/arantv.az\/index.php?rest_route=\/wp\/v2\/types\/post"}],"author":[{"embeddable":true,"href":"https:\/\/arantv.az\/index.php?rest_route=\/wp\/v2\/users\/2"}],"replies":[{"embeddable":true,"href":"https:\/\/arantv.az\/index.php?rest_route=%2Fwp%2Fv2%2Fcomments&post=108444"}],"version-history":[{"count":0,"href":"https:\/\/arantv.az\/index.php?rest_route=\/wp\/v2\/posts\/108444\/revisions"}],"wp:featuredmedia":[{"embeddable":true,"href":"https:\/\/arantv.az\/index.php?rest_route=\/wp\/v2\/media\/108445"}],"wp:attachment":[{"href":"https:\/\/arantv.az\/index.php?rest_route=%2Fwp%2Fv2%2Fmedia&parent=108444"}],"wp:term":[{"taxonomy":"category","embeddable":true,"href":"https:\/\/arantv.az\/index.php?rest_route=%2Fwp%2Fv2%2Fcategories&post=108444"},{"taxonomy":"post_tag","embeddable":true,"href":"https:\/\/arantv.az\/index.php?rest_route=%2Fwp%2Fv2%2Ftags&post=108444"}],"curies":[{"name":"wp","href":"https:\/\/api.w.org\/{rel}","templated":true}]}}