{"id":108533,"date":"2019-12-17T15:07:39","date_gmt":"2019-12-17T12:07:39","guid":{"rendered":"http:\/\/arantv.az\/?p=108533"},"modified":"2019-12-17T15:07:39","modified_gmt":"2019-12-17T12:07:39","slug":"az%c9%99rbaycanin-birinci-vitse-prezidenti-mehriban-%c9%99liyeva-ukraynanin-birinci-xanimi-yelena-zelenskaya-il%c9%99-gorusub-foto","status":"publish","type":"post","link":"https:\/\/arantv.az\/?p=108533","title":{"rendered":"Az\u0259rbaycan\u0131n Birinci vitse-prezidenti Mehriban \u018fliyeva Ukraynan\u0131n birinci xan\u0131m\u0131 Yelena Zelenskaya il\u0259 g\u00f6r\u00fc\u015f\u00fcb &#8211; FOTO"},"content":{"rendered":"<p><strong>ARANTV.AZ<\/strong>\u00a0\u00a0<a href=\"http:\/\/azertag.az\/\" target=\"_blank\" rel=\"noopener\">AZ\u018fRTAC<\/a>-a istinad\u0259n bildirir ki, Az\u0259rbaycan Respublikas\u0131n\u0131n Birinci vitse-prezidenti Mehriban \u018fliyeva dekabr\u0131n 17-d\u0259 \u00f6lk\u0259mizd\u0259 s\u0259f\u0259rd\u0259 olan Ukraynan\u0131n birinci xan\u0131m\u0131 Yelena Zelenskaya il\u0259 g\u00f6r\u00fc\u015f\u00fcb.<\/p>\n<h4><\/h4>\n<div class=\"article-gallery\">\n<div class=\"lSSlideOuter \">\n<div class=\"lSSlideWrapper usingCss\">\n<ul class=\"images-list lightSlider lsGrab lSSlide\">\n<li class=\"lslide active\" data-src=\"https:\/\/img.milli.az\/2019\/12\/17\/811250_01.jpg\" data-fancybox=\"811250\"><img src=\"https:\/\/img.milli.az\/2019\/12\/17\/811250_01.jpg\" alt=\"\" \/><\/li>\n<li class=\"lslide\" data-src=\"https:\/\/img.milli.az\/2019\/12\/17\/811250_02.jpg\" data-fancybox=\"811250\"><img src=\"https:\/\/img.milli.az\/2019\/12\/17\/811250_02.jpg\" alt=\"\" \/><\/li>\n<li class=\"lslide\" data-src=\"https:\/\/img.milli.az\/2019\/12\/17\/811250_03.jpg\" data-fancybox=\"811250\"><img src=\"https:\/\/img.milli.az\/2019\/12\/17\/811250_03.jpg\" alt=\"\" \/><\/li>\n<li class=\"lslide\" data-src=\"https:\/\/img.milli.az\/2019\/12\/17\/811250_04.jpg\" data-fancybox=\"811250\"><img src=\"https:\/\/img.milli.az\/2019\/12\/17\/811250_04.jpg\" alt=\"\" \/><\/li>\n<\/ul>\n<div class=\"lSAction\"><\/div>\n<\/div>\n<\/div>\n<div class=\"lSSlideOuter \">\n<div class=\"lSSlideWrapper usingCss\">\n<div class=\"lSAction\"><\/div>\n<\/div>\n<\/div>\n<\/div>\n","protected":false},"excerpt":{"rendered":"<p>ARANTV.AZ\u00a0\u00a0AZ\u018fRTAC-a istinad\u0259n bildirir ki, Az\u0259rbaycan Respublikas\u0131n\u0131n Birinci vitse-prezidenti Mehriban \u018fliyeva dekabr\u0131n 17-d\u0259 \u00f6lk\u0259mizd\u0259 s\u0259f\u0259rd\u0259 olan Ukraynan\u0131n birinci xan\u0131m\u0131 Yelena Zelenskaya il\u0259 g\u00f6r\u00fc\u015f\u00fcb.<\/p>\n","protected":false},"author":2,"featured_media":108534,"comment_status":"closed","ping_status":"closed","sticky":false,"template":"","format":"standard","meta":{"om_disable_all_campaigns":false,"_monsterinsights_skip_tracking":false,"_monsterinsights_sitenote_active":false,"_monsterinsights_sitenote_note":"","_monsterinsights_sitenote_category":0},"categories":[4],"tags":[],"aioseo_notices":[],"gutentor_comment":0,"rttpg_featured_image_url":{"full":["https:\/\/arantv.az\/wp-content\/uploads\/2019\/12\/811250_02.jpg",952,669,false],"landscape":["https:\/\/arantv.az\/wp-content\/uploads\/2019\/12\/811250_02.jpg",952,669,false],"portraits":["https:\/\/arantv.az\/wp-content\/uploads\/2019\/12\/811250_02.jpg",952,669,false],"thumbnail":["https:\/\/arantv.az\/wp-content\/uploads\/2019\/12\/811250_02-150x150.jpg",150,150,true],"medium":["https:\/\/arantv.az\/wp-content\/uploads\/2019\/12\/811250_02-300x211.jpg",300,211,true],"large":["https:\/\/arantv.az\/wp-content\/uploads\/2019\/12\/811250_02.jpg",640,450,false],"1536x1536":["https:\/\/arantv.az\/wp-content\/uploads\/2019\/12\/811250_02.jpg",952,669,false],"2048x2048":["https:\/\/arantv.az\/wp-content\/uploads\/2019\/12\/811250_02.jpg",952,669,false],"post-thumbnail":["https:\/\/arantv.az\/wp-content\/uploads\/2019\/12\/811250_02-240x172.jpg",240,172,true],"advps-thumb-one":["https:\/\/arantv.az\/wp-content\/uploads\/2019\/12\/811250_02-952x620.jpg",952,620,true]},"rttpg_author":{"display_name":"V\u00fcsal Rafiqo\u011flu","author_link":"https:\/\/arantv.az\/?author=2"},"rttpg_comment":0,"rttpg_category":"<a href=\"https:\/\/arantv.az\/?cat=4\" rel=\"category\">Siyas\u0259t<\/a>","rttpg_excerpt":"ARANTV.AZ\u00a0\u00a0AZ\u018fRTAC-a istinad\u0259n bildirir ki, Az\u0259rbaycan Respublikas\u0131n\u0131n Birinci vitse-prezidenti Mehriban \u018fliyeva dekabr\u0131n 17-d\u0259 \u00f6lk\u0259mizd\u0259 s\u0259f\u0259rd\u0259 olan Ukraynan\u0131n birinci xan\u0131m\u0131 Yelena Zelenskaya il\u0259 g\u00f6r\u00fc\u015f\u00fcb.","_links":{"self":[{"href":"https:\/\/arantv.az\/index.php?rest_route=\/wp\/v2\/posts\/108533"}],"collection":[{"href":"https:\/\/arantv.az\/index.php?rest_route=\/wp\/v2\/posts"}],"about":[{"href":"https:\/\/arantv.az\/index.php?rest_route=\/wp\/v2\/types\/post"}],"author":[{"embeddable":true,"href":"https:\/\/arantv.az\/index.php?rest_route=\/wp\/v2\/users\/2"}],"replies":[{"embeddable":true,"href":"https:\/\/arantv.az\/index.php?rest_route=%2Fwp%2Fv2%2Fcomments&post=108533"}],"version-history":[{"count":0,"href":"https:\/\/arantv.az\/index.php?rest_route=\/wp\/v2\/posts\/108533\/revisions"}],"wp:featuredmedia":[{"embeddable":true,"href":"https:\/\/arantv.az\/index.php?rest_route=\/wp\/v2\/media\/108534"}],"wp:attachment":[{"href":"https:\/\/arantv.az\/index.php?rest_route=%2Fwp%2Fv2%2Fmedia&parent=108533"}],"wp:term":[{"taxonomy":"category","embeddable":true,"href":"https:\/\/arantv.az\/index.php?rest_route=%2Fwp%2Fv2%2Fcategories&post=108533"},{"taxonomy":"post_tag","embeddable":true,"href":"https:\/\/arantv.az\/index.php?rest_route=%2Fwp%2Fv2%2Ftags&post=108533"}],"curies":[{"name":"wp","href":"https:\/\/api.w.org\/{rel}","templated":true}]}}