{"id":108537,"date":"2019-12-17T15:09:26","date_gmt":"2019-12-17T12:09:26","guid":{"rendered":"http:\/\/arantv.az\/?p=108537"},"modified":"2019-12-17T15:09:26","modified_gmt":"2019-12-17T12:09:26","slug":"2020-ci-ilin-qeyri-is-gunl%c9%99ri-aciqlandi-t%c9%99qvim","status":"publish","type":"post","link":"https:\/\/arantv.az\/?p=108537","title":{"rendered":"2020-ci ilin qeyri-i\u015f g\u00fcnl\u0259ri a\u00e7\u0131qland\u0131 &#8211; T\u018fQV\u0130M"},"content":{"rendered":"<p>\u018fm\u0259k v\u0259 \u018fhalinin Sosial M\u00fcdafi\u0259si Nazirliyinin (\u018f\u018fSMN) Kollegiyas\u0131n\u0131n m\u00fcvafiq q\u0259rar\u0131 il\u0259 2020-ci ilin i\u015f vaxt\u0131 normas\u0131 v\u0259 istehsalat t\u0259qvimi t\u0259sdiq edilib.<\/p>\n<p>\u018f\u018fSMN-dan APA-n\u0131n sor\u011fusuna cavab olaraq bildirilib ki, 2020-ci ilin i\u015f vaxt\u0131 normas\u0131nda qeyd olunur ki, \u018fm\u0259k M\u0259c\u0259ll\u0259sin\u0259 v\u0259 Nazirl\u0259r Kabinetinin \u201c2020-ci il \u00fc\u00e7\u00fcn Novruz, Ramazan v\u0259 Qurban bayramlar\u0131 g\u00fcnl\u0259rinin m\u00fc\u0259yy\u0259n edilm\u0259si haqq\u0131nda\u201d 2019-cu il 2 dekabr tarixli 712s n\u00f6mr\u0259li S\u0259r\u0259ncam\u0131na \u0259sas\u0259n, 2020-ci ild\u0259 a\u015fa\u011f\u0131dak\u0131 g\u00fcnl\u0259r i\u015f g\u00fcn\u00fc hesab edilmir:<\/p>\n<p>1, 2 yanvar \u2013 Yeni il bayram\u0131; 20 Yanvar \u2013 \u00dcmumxalq H\u00fczn g\u00fcn\u00fc; 8 Mart \u2013 Qad\u0131nlar g\u00fcn\u00fc; 20, 21, 22, 23, 24 mart \u2013 Novruz bayram\u0131;<\/p>\n<p>9 May \u2013 Fa\u015fizm \u00fcz\u0259rind\u0259 Q\u0259l\u0259b\u0259 g\u00fcn\u00fc; 24,25 may \u2013 Ramazan bayram\u0131; 28 May \u2013 Respublika g\u00fcn\u00fc; 15 \u0130yun \u2013 Az\u0259rbaycan xalq\u0131n\u0131n Milli Qurtulu\u015f g\u00fcn\u00fc;<\/p>\n<p>26 \u0130yun \u2013 Az\u0259rbaycan Respublikas\u0131n\u0131n Silahl\u0131 Q\u00fcvv\u0259l\u0259ri g\u00fcn\u00fc; 31 iyul,1 avqust \u2013 Qurban bayram\u0131; 9 Noyabr \u2013 Az\u0259rbaycan Respublikas\u0131n\u0131n D\u00f6vl\u0259t Bayra\u011f\u0131 g\u00fcn\u00fc<\/p>\n<p>31 Dekabr \u2013 D\u00fcnya Az\u0259rbaycanl\u0131lar\u0131n\u0131n H\u0259mr\u0259yliyi g\u00fcn\u00fc.<\/p>\n<p>M\u0259lumatda bildirilir ki, \u018fm\u0259k M\u0259c\u0259ll\u0259sinin 105-ci madd\u0259sinin 5-ci hiss\u0259sin\u0259 v\u0259 Nazirl\u0259r Kabinetinin \u201c2020-ci il \u00fc\u00e7\u00fcn Novruz, Ramazan v\u0259 Qurban bayramlar\u0131 g\u00fcnl\u0259rinin m\u00fc\u0259yy\u0259n edilm\u0259si haqq\u0131nda\u201d 2019-cu il 2 dekabr tarixli 712s n\u00f6mr\u0259li S\u0259r\u0259ncam\u0131na v\u0259 \u201c\u0130\u015f v\u0259 istirah\u0259t g\u00fcnl\u0259rinin yerinin d\u0259yi\u015fdirilm\u0259si haqq\u0131nda\u201d 2019-cu il 2 dekabr tarixli 461 n\u00f6mr\u0259li Q\u0259rar\u0131na \u0259sas\u0259n, 2020-ci ild\u0259 h\u0259ft\u0259l\u0259raras\u0131 istirah\u0259t g\u00fcnl\u0259rinin i\u015f g\u00fcnl\u0259ri hesab olunmayan bayram g\u00fcnl\u0259ri il\u0259 \u00fcst-\u00fcst\u0259 d\u00fc\u015fm\u0259si v\u0259 i\u015f v\u0259 istirah\u0259t g\u00fcnl\u0259rinin yerd\u0259yi\u015fm\u0259si il\u0259 \u0259laq\u0259dar olaraq be\u015fg\u00fcnl\u00fck i\u015f h\u0259ft\u0259sind\u0259 3, 6 yanvar, 9, 25, 26 mart, 11, 26 may, 3 avqust tarixl\u0259ri, alt\u0131g\u00fcnl\u00fck i\u015f h\u0259ft\u0259sind\u0259 3 yanvar, 9, 25 mart, 26 may tarixl\u0259ri istirah\u0259t g\u00fcnl\u0259ridir.<\/p>\n<p>2020-ci ilin fevral ay\u0131 29 t\u0259qvim g\u00fcn\u00fcnd\u0259n, il is\u0259 366 t\u0259qvim g\u00fcn\u00fcnd\u0259n ibar\u0259tdir. \u018fm\u0259k M\u0259c\u0259ll\u0259sinin 105-1-ci madd\u0259sin\u0259 \u0259sas\u0259n, Milli M\u0259clis deputatlar\u0131n\u0131n, Az\u0259rbaycan Respublikas\u0131 Prezidentinin, Az\u0259rbaycan Respublikas\u0131nda b\u0259l\u0259diyy\u0259 \u00fczvl\u0259rinin se\u00e7kil\u0259ri, h\u0259m\u00e7inin referendum zaman\u0131 s\u0259sverm\u0259 g\u00fcn\u00fc se\u00e7ki (referendum) ke\u00e7iril\u0259n \u0259razid\u0259 i\u015f g\u00fcn\u00fc hesab edilmir. S\u0259sverm\u0259 g\u00fcn\u00fc qanunvericiliy\u0259 uy\u011fun olaraq m\u00fc\u0259yy\u0259n edilir.<\/p>\n<p>\u201cBe\u015finci \u00e7a\u011f\u0131r\u0131\u015f Az\u0259rbaycan Respublikas\u0131 Milli M\u0259clisinin burax\u0131lmas\u0131 v\u0259 Az\u0259rbaycan Respublikas\u0131n\u0131n Milli M\u0259clisin\u0259 n\u00f6vb\u0259d\u0259nk\u0259nar se\u00e7kil\u0259rin t\u0259yin edilm\u0259si haqq\u0131nda\u201d Az\u0259rbaycan Respublikas\u0131 Prezidentinin 2019-cu il 5 dekabr tarixli S\u0259r\u0259ncam\u0131 il\u0259 Az\u0259rbaycan Respublikas\u0131n\u0131n Milli M\u0259clisin\u0259 n\u00f6vb\u0259d\u0259nk\u0259nar se\u00e7kil\u0259r 2020-ci il fevral\u0131n 9-na t\u0259yin edilib.<\/p>\n<p>\u018fm\u0259k M\u0259c\u0259ll\u0259sinin 105-ci madd\u0259sinin 5-ci hiss\u0259sin\u0259 \u0259sas\u0259n, h\u0259ft\u0259l\u0259raras\u0131 istirah\u0259t g\u00fcnl\u0259ri v\u0259 i\u015f g\u00fcn\u00fc hesab olunmayan bayram g\u00fcnl\u0259ri \u00fcst-\u00fcst\u0259 d\u00fc\u015f\u0259rs\u0259, h\u0259min istirah\u0259t g\u00fcn\u00fc bilavasit\u0259 bayram g\u00fcn\u00fcnd\u0259n sonrak\u0131 i\u015f g\u00fcn\u00fcn\u0259 ke\u00e7irilir.<\/p>\n<p>2020-ci ild\u0259 be\u015fg\u00fcnl\u00fck i\u015f h\u0259ft\u0259sind\u0259 241 i\u015f g\u00fcn\u00fc (onlardan, 6-s\u0131 bayramqaba\u011f\u0131 i\u015f g\u00fcn\u00fcd\u00fcr), i\u015f g\u00fcn\u00fc hesab edilm\u0259y\u0259n 112 istirah\u0259t g\u00fcn\u00fc (onlardan, 6-s\u0131 i\u015f g\u00fcn\u00fc hesab edilm\u0259y\u0259n bayram g\u00fcnl\u0259ri, 1-i s\u0259sverm\u0259 g\u00fcn\u00fc il\u0259 \u00fcst-\u00fcst\u0259 d\u00fc\u015f\u0259n v\u0259 2 g\u00fcn\u00fc \u00f6t\u0259n ilin istirah\u0259t g\u00fcn\u00fc il\u0259 yeri d\u0259yi\u015fdiril\u0259n), i\u015f g\u00fcn\u00fc hesab edilm\u0259y\u0259n 18 bayram (6-s\u0131 istirah\u0259t g\u00fcnl\u0259ri il\u0259 \u00fcst-\u00fcst\u0259 d\u00fc\u015f\u0259n), 1 s\u0259sverm\u0259 g\u00fcn\u00fc v\u0259 1 \u00dcmumxalq H\u00fczn g\u00fcn\u00fc vard\u0131r (241+112+18+1-6= 366).<\/p>\n<p>\u018fm\u0259k M\u0259c\u0259ll\u0259sinin 89-cu v\u0259 90-c\u0131 madd\u0259l\u0259rin\u0259 \u0259sas\u0259n, Az\u0259rbaycan Respublikas\u0131nda g\u00fcnd\u0259lik normal i\u015f vaxt\u0131n\u0131n m\u00fcdd\u0259ti 8 saatdan art\u0131q ola bilm\u0259z v\u0259 bir qayda olaraq, iki istirah\u0259t g\u00fcn\u00fc olan be\u015fg\u00fcnl\u00fck i\u015f h\u0259ft\u0259si m\u00fc\u0259yy\u0259n edilir. G\u00fcnd\u0259lik normal i\u015f vaxt\u0131na uy\u011fun olan h\u0259ft\u0259lik normal i\u015f vaxt\u0131n\u0131n m\u00fcdd\u0259ti is\u0259 40 saatdan art\u0131q ola bilm\u0259z.<\/p>\n<p>2020-ci ilin i\u015f vaxt\u0131 normas\u0131 40 saatl\u0131q be\u015fg\u00fcnl\u00fck i\u015f h\u0259ft\u0259si \u00fczr\u0259 8 saatl\u0131q i\u015f g\u00fcn\u00fc hesab\u0131ndan m\u00fc\u0259yy\u0259n edilir v\u0259 bu zaman \u018fm\u0259k M\u0259c\u0259ll\u0259sinin 108-ci madd\u0259sinin 1-ci hiss\u0259sin\u0259 m\u00fcvafiq olaraq i\u015f g\u00fcn\u00fc hesab edilm\u0259y\u0259n bayramqaba\u011f\u0131, s\u0259sverm\u0259, habel\u0259 \u00dcmumxalq H\u00fczn g\u00fcn\u00fc qaba\u011f\u0131 i\u015f g\u00fcnl\u0259rind\u0259 h\u0259ft\u0259lik i\u015f g\u00fcnl\u0259rinin m\u00fcdd\u0259ti bir saat q\u0131sald\u0131l\u0131r.<\/p>\n<p>Qanunvericiliy\u0259 uy\u011fun olaraq 2020-ci il \u00fc\u00e7\u00fcn 40 saatl\u0131q i\u015f h\u0259ft\u0259sind\u0259 i\u015f vaxt\u0131n\u0131n illik normas\u0131 1922 saat t\u0259\u015fkil edir (235&#215;8 + 6&#215;7 = 1922 saat). M\u0259lumatda qeyd edilir ki, istehsal\u0131n, i\u015fin, xidm\u0259tin v\u0259 \u0259m\u0259k \u015f\u0259raitinin xarakterind\u0259n as\u0131l\u0131 olaraq t\u0259tbiq edil\u0259n bir istirah\u0259t g\u00fcn\u00fc olan alt\u0131g\u00fcnl\u00fck i\u015f h\u0259ft\u0259si v\u0259 m\u00fc\u0259yy\u0259n qeydiyyat (u\u00e7ot) d\u00f6vr\u00fc \u00fc\u00e7\u00fcn n\u00f6vb\u0259 c\u0259dv\u0259ll\u0259ri be\u015fg\u00fcnl\u00fck i\u015f h\u0259ft\u0259sinin h\u0259min d\u00f6vr \u00fczr\u0259 i\u015f vaxt\u0131 normas\u0131na riay\u0259t edilm\u0259kl\u0259 t\u0259rtib olunur.<\/p>\n<p>\u018fm\u0259k M\u0259c\u0259ll\u0259sinin 90-c\u0131 v\u0259 108-ci madd\u0259l\u0259rin\u0259 \u0259sas\u0259n alt\u0131g\u00fcnl\u00fck i\u015f h\u0259ft\u0259si t\u0259tbiq edil\u0259rk\u0259n h\u0259ft\u0259lik norma 40 saat olduqda g\u00fcnd\u0259lik i\u015f vaxt\u0131n\u0131n m\u00fcdd\u0259ti 7 saatdan v\u0259 bilavasit\u0259 s\u0259h\u0259risi g\u00fcn istirah\u0259t g\u00fcn\u00fc olan i\u015f g\u00fcn\u00fcn\u00fcn m\u00fcdd\u0259ti is\u0259 6 saatdan \u00e7ox ola bilm\u0259z.<\/p>\n<p>\u018fm\u0259k M\u0259c\u0259ll\u0259sinin 91-ci, 92-ci v\u0259 93-c\u00fc madd\u0259l\u0259rind\u0259 n\u0259z\u0259rd\u0259 tutulmu\u015f hallar istisna olmaqla, qalan i\u015f yerl\u0259rind\u0259 s\u0259sverm\u0259, bu M\u0259c\u0259ll\u0259nin 105-ci madd\u0259sind\u0259 g\u00f6st\u0259ril\u0259n i\u015f g\u00fcn\u00fc hesab edilm\u0259y\u0259n bayram g\u00fcnl\u0259ri v\u0259 \u00dcmumxalq H\u00fczn g\u00fcn\u00fc qaba\u011f\u0131 i\u015f g\u00fcn\u00fcn\u00fcn m\u00fcdd\u0259ti h\u0259ft\u0259lik i\u015f g\u00fcnl\u0259rinin say\u0131ndan as\u0131l\u0131 olmayaraq bir saat q\u0131sald\u0131l\u0131r.<\/p>\n<p>Alt\u0131g\u00fcnl\u00fck i\u015f h\u0259ft\u0259si olan i\u015f yerl\u0259rind\u0259 40 saatl\u0131q i\u015f h\u0259ft\u0259sind\u0259 \u00e7al\u0131\u015fan i\u015f\u00e7il\u0259r \u00fc\u00e7\u00fcn 2020-ci ild\u0259 be\u015fg\u00fcnl\u00fck i\u015f h\u0259ft\u0259si \u00fczr\u0259 hesablanm\u0131\u015f 1922 saatl\u0131q illik i\u015f vaxt\u0131 normas\u0131 t\u0259tbiq edilm\u0259lidir. \u0130\u015f vaxt\u0131n\u0131n qeydiyyat\u0131 (u\u00e7otu) d\u00f6vr\u00fcnd\u0259 v\u0259 ya t\u0259qvim ili \u0259rzind\u0259 i\u015f vaxt\u0131 saatlar\u0131 i\u015f vaxt\u0131 normas\u0131na uy\u011fun g\u0259lirs\u0259, ayr\u0131-ayr\u0131 aylarda i\u015f vaxt\u0131n\u0131n normal i\u015f vaxt\u0131ndan az v\u0259 ya \u00e7ox i\u015fl\u0259nilm\u0259si hallar\u0131 alt\u0131g\u00fcnl\u00fck i\u015f h\u0259ft\u0259si c\u0259dv\u0259lin\u0259 yenid\u0259n bax\u0131lmas\u0131 \u00fc\u00e7\u00fcn \u0259sas ola bilm\u0259z.<\/p>\n<p>\u0130\u015f vaxt\u0131n\u0131n illik normas\u0131na g\u00f6r\u0259 alt\u0131g\u00fcnl\u00fck i\u015f h\u0259ft\u0259si c\u0259dv\u0259lin\u0259 il \u0259rzind\u0259 d\u00fcz\u0259li\u015f edilm\u0259si il\u0259 ba\u011fl\u0131 konkret m\u0259s\u0259l\u0259l\u0259r istehsalat v\u0259 dig\u0259r yerli \u015f\u0259rait n\u0259z\u0259r\u0259 al\u0131nmaqla bilavasit\u0259 kollektiv m\u00fcqavil\u0259d\u0259 n\u0259z\u0259rd\u0259 tutulmaqla h\u0259ll olunur.<\/p>\n<p>Qeydiyyat (u\u00e7ot) d\u00f6vr\u00fcnd\u0259 i\u015f vaxt\u0131n\u0131n m\u00fcdd\u0259ti qanunvericilikl\u0259 m\u00fc\u0259yy\u0259n olunmu\u015f i\u015f saatlar\u0131n\u0131n say\u0131ndan \u00e7ox olmamaq \u015f\u0259rti il\u0259 i\u015f vaxt\u0131n\u0131n c\u0259ml\u0259nmi\u015f u\u00e7otu t\u0259tbiq edil\u0259 bil\u0259r. Bu halda qeydiyyat (u\u00e7ot) d\u00f6vr\u00fc bir ild\u0259n art\u0131q, g\u00fcnd\u0259lik i\u015fin (n\u00f6vb\u0259nin) m\u00fcdd\u0259ti is\u0259 12 saatdan \u00e7ox ola bilm\u0259z.<\/p>\n","protected":false},"excerpt":{"rendered":"<p>\u018fm\u0259k v\u0259 \u018fhalinin Sosial M\u00fcdafi\u0259si Nazirliyinin (\u018f\u018fSMN) Kollegiyas\u0131n\u0131n m\u00fcvafiq q\u0259rar\u0131 il\u0259 2020-ci ilin i\u015f vaxt\u0131 normas\u0131 v\u0259 istehsalat t\u0259qvimi t\u0259sdiq edilib. \u018f\u018fSMN-dan APA-n\u0131n sor\u011fusuna cavab olaraq bildirilib ki, 2020-ci ilin i\u015f vaxt\u0131 normas\u0131nda qeyd olunur ki, \u018fm\u0259k M\u0259c\u0259ll\u0259sin\u0259 v\u0259 Nazirl\u0259r Kabinetinin \u201c2020-ci il \u00fc\u00e7\u00fcn Novruz, Ramazan v\u0259 Qurban bayramlar\u0131 g\u00fcnl\u0259rinin m\u00fc\u0259yy\u0259n edilm\u0259si haqq\u0131nda\u201d 2019-cu il 2 dekabr tarixli 712s n\u00f6mr\u0259li S\u0259r\u0259ncam\u0131na \u0259sas\u0259n, 2020-ci ild\u0259 a\u015fa\u011f\u0131dak\u0131 g\u00fcnl\u0259r i\u015f g\u00fcn\u00fc hesab edilmir: 1, 2 yanvar \u2013 Yeni il bayram\u0131; 20 Yanvar \u2013 \u00dcmumxalq H\u00fczn g\u00fcn\u00fc; 8 Mart \u2013 Qad\u0131nlar g\u00fcn\u00fc; 20, 21,&hellip;<\/p>\n","protected":false},"author":2,"featured_media":108538,"comment_status":"closed","ping_status":"closed","sticky":false,"template":"","format":"standard","meta":{"om_disable_all_campaigns":false,"_monsterinsights_skip_tracking":false,"_monsterinsights_sitenote_active":false,"_monsterinsights_sitenote_note":"","_monsterinsights_sitenote_category":0},"categories":[1],"tags":[],"aioseo_notices":[],"gutentor_comment":0,"rttpg_featured_image_url":{"full":["https:\/\/arantv.az\/wp-content\/uploads\/2019\/12\/1576582746_1550647889_cmb_selectiontime-.jpg",649,365,false],"landscape":["https:\/\/arantv.az\/wp-content\/uploads\/2019\/12\/1576582746_1550647889_cmb_selectiontime-.jpg",649,365,false],"portraits":["https:\/\/arantv.az\/wp-content\/uploads\/2019\/12\/1576582746_1550647889_cmb_selectiontime-.jpg",649,365,false],"thumbnail":["https:\/\/arantv.az\/wp-content\/uploads\/2019\/12\/1576582746_1550647889_cmb_selectiontime--150x150.jpg",150,150,true],"medium":["https:\/\/arantv.az\/wp-content\/uploads\/2019\/12\/1576582746_1550647889_cmb_selectiontime--300x169.jpg",300,169,true],"large":["https:\/\/arantv.az\/wp-content\/uploads\/2019\/12\/1576582746_1550647889_cmb_selectiontime-.jpg",640,360,false],"1536x1536":["https:\/\/arantv.az\/wp-content\/uploads\/2019\/12\/1576582746_1550647889_cmb_selectiontime-.jpg",649,365,false],"2048x2048":["https:\/\/arantv.az\/wp-content\/uploads\/2019\/12\/1576582746_1550647889_cmb_selectiontime-.jpg",649,365,false],"post-thumbnail":["https:\/\/arantv.az\/wp-content\/uploads\/2019\/12\/1576582746_1550647889_cmb_selectiontime--240x172.jpg",240,172,true],"advps-thumb-one":["https:\/\/arantv.az\/wp-content\/uploads\/2019\/12\/1576582746_1550647889_cmb_selectiontime-.jpg",649,365,false]},"rttpg_author":{"display_name":"V\u00fcsal Rafiqo\u011flu","author_link":"https:\/\/arantv.az\/?author=2"},"rttpg_comment":0,"rttpg_category":"<a href=\"https:\/\/arantv.az\/?cat=1\" rel=\"category\">C\u0259miyy\u0259t<\/a>","rttpg_excerpt":"\u018fm\u0259k v\u0259 \u018fhalinin Sosial M\u00fcdafi\u0259si Nazirliyinin (\u018f\u018fSMN) Kollegiyas\u0131n\u0131n m\u00fcvafiq q\u0259rar\u0131 il\u0259 2020-ci ilin i\u015f vaxt\u0131 normas\u0131 v\u0259 istehsalat t\u0259qvimi t\u0259sdiq edilib. \u018f\u018fSMN-dan APA-n\u0131n sor\u011fusuna cavab olaraq bildirilib ki, 2020-ci ilin i\u015f vaxt\u0131 normas\u0131nda qeyd olunur ki, \u018fm\u0259k M\u0259c\u0259ll\u0259sin\u0259 v\u0259 Nazirl\u0259r Kabinetinin \u201c2020-ci il \u00fc\u00e7\u00fcn Novruz, Ramazan v\u0259 Qurban bayramlar\u0131 g\u00fcnl\u0259rinin m\u00fc\u0259yy\u0259n edilm\u0259si haqq\u0131nda\u201d 2019-cu il&hellip;","_links":{"self":[{"href":"https:\/\/arantv.az\/index.php?rest_route=\/wp\/v2\/posts\/108537"}],"collection":[{"href":"https:\/\/arantv.az\/index.php?rest_route=\/wp\/v2\/posts"}],"about":[{"href":"https:\/\/arantv.az\/index.php?rest_route=\/wp\/v2\/types\/post"}],"author":[{"embeddable":true,"href":"https:\/\/arantv.az\/index.php?rest_route=\/wp\/v2\/users\/2"}],"replies":[{"embeddable":true,"href":"https:\/\/arantv.az\/index.php?rest_route=%2Fwp%2Fv2%2Fcomments&post=108537"}],"version-history":[{"count":0,"href":"https:\/\/arantv.az\/index.php?rest_route=\/wp\/v2\/posts\/108537\/revisions"}],"wp:featuredmedia":[{"embeddable":true,"href":"https:\/\/arantv.az\/index.php?rest_route=\/wp\/v2\/media\/108538"}],"wp:attachment":[{"href":"https:\/\/arantv.az\/index.php?rest_route=%2Fwp%2Fv2%2Fmedia&parent=108537"}],"wp:term":[{"taxonomy":"category","embeddable":true,"href":"https:\/\/arantv.az\/index.php?rest_route=%2Fwp%2Fv2%2Fcategories&post=108537"},{"taxonomy":"post_tag","embeddable":true,"href":"https:\/\/arantv.az\/index.php?rest_route=%2Fwp%2Fv2%2Ftags&post=108537"}],"curies":[{"name":"wp","href":"https:\/\/api.w.org\/{rel}","templated":true}]}}