{"id":108584,"date":"2019-12-17T16:13:04","date_gmt":"2019-12-17T13:13:04","guid":{"rendered":"http:\/\/arantv.az\/?p=108584"},"modified":"2019-12-17T16:13:04","modified_gmt":"2019-12-17T13:13:04","slug":"naqif-h%c9%99mz%c9%99yev-az%c9%99rbyacan-ukrayna-munasib%c9%99tl%c9%99ri-yuks%c9%99l%c9%99n-x%c9%99tl%c9%99-inkisaf-edir","status":"publish","type":"post","link":"https:\/\/arantv.az\/?p=108584","title":{"rendered":"Naqif H\u0259mz\u0259yev: &#8220;Az\u0259rbyacan Ukrayna m\u00fcnasib\u0259tl\u0259ri y\u00fcks\u0259l\u0259n x\u0259tl\u0259 inki\u015faf edir&#8221;"},"content":{"rendered":"<p>&#8220;\u00d6lk\u0259mizin xarici m\u00fcnasib\u0259tl\u0259rind\u0259 Avropan\u0131n q\u0259dim v\u0259 g\u00fccl\u00fc d\u00f6vl\u0259tl\u0259rind\u0259n biri olan Ukraynan\u0131n \u00f6z\u00fcn\u0259m\u0259xsus yeri var. Tarix\u0259n bu iki d\u00f6vl\u0259t aras\u0131nda qar\u015f\u0131l\u0131ql\u0131 \u0259laq\u0259l\u0259r olub. \u00c7\u0259tin m\u0259qamlarda, xo\u015f g\u00fcnl\u0259rd\u0259 bir-birin\u0259 d\u0259st\u0259k olan h\u0259r iki \u00f6lk\u0259 bu \u0259n\u0259n\u0259ni bu g\u00fcn d\u0259 b\u00f6y\u00fck \u0259zml\u0259 qoruyub saxlay\u0131r. Az\u0259rbaycan\u0131n d\u00f6vl\u0259t m\u00fcst\u0259qilliyini tan\u0131yan ilk \u00f6lk\u0259l\u0259rd\u0259n biri d\u0259 m\u0259hz Ukrayna olub. \u00dcmummilli lider Heyd\u0259r \u018fliyevin \u0259v\u0259zsiz xidm\u0259tl\u0259ri say\u0259sind\u0259 \u00f6lk\u0259l\u0259r aras\u0131nda m\u00fcnasib\u0259tl\u0259r strateji t\u0259r\u0259fda\u015fl\u0131q s\u0259viyy\u0259sin\u0259 y\u00fcks\u0259lib. Ulu \u00f6nd\u0259rin missiyas\u0131n\u0131 u\u011furla davam etdir\u0259n Prezident \u0130lham \u018fliyevin milli maraqlara s\u00f6yk\u0259n\u0259n balansla\u015fd\u0131r\u0131lm\u0131\u015f praqmatik xarici siyas\u0259ti bu \u0259laq\u0259l\u0259rin inki\u015faf\u0131na impuls verib, strateji m\u00fctt\u0259fiqlik m\u00fcnasib\u0259tl\u0259rini durmadan m\u00f6hk\u0259ml\u0259ndirib, geni\u015fl\u0259ndirib&#8221;.<\/p>\n<p><strong>ARANTV.AZ\u00a0<\/strong> x\u0259b\u0259r verir ki, bunu\u00a0<a href=\"https:\/\/az.trend.az\/\" target=\"_blank\" rel=\"noopener\">Trend<\/a>-\u0259 Milli M\u0259clisin Az\u0259rbaycan-Ukrayna parlamentl\u0259raras\u0131 \u0259laq\u0259l\u0259r \u00fczr\u0259 i\u015f\u00e7i qrupunun \u00fczv\u00fc Naqif H\u0259mz\u0259yev Ukrayna Prezidenti Vladimir Zelenskinin \u00f6lk\u0259mizd\u0259 s\u0259f\u0259rini \u015f\u0259rh ed\u0259rk\u0259n bildirib.<\/p>\n<p>Mill\u0259t v\u0259kili qeyd edib ki, qar\u015f\u0131l\u0131ql\u0131 m\u00fcnasib\u0259tl\u0259rin s\u0259ciyy\u0259vi c\u0259h\u0259ti ilk n\u00f6vb\u0259d\u0259 dostluq, sonra is\u0259 qar\u015f\u0131l\u0131ql\u0131 faydal\u0131 iqtisadi-ticar\u0259t, h\u0259rbi-strateji v\u0259 siyasi \u0259m\u0259kda\u015fl\u0131qdan ibar\u0259tdir: &#8220;Ukrayna Prezidenti Vladimir Zelenskinin q\u0259l\u0259b\u0259d\u0259n bir ne\u00e7\u0259 ay sonra Az\u0259rbaycana r\u0259smi s\u0259f\u0259ri Ukrayna-Az\u0259rbaycan \u0259laq\u0259l\u0259rinin y\u00fcks\u0259l\u0259n x\u0259tl\u0259 davam etm\u0259sin\u0259 n\u00fcmun\u0259dir. Az\u0259rbaycan v\u0259 Ukrayna aras\u0131nda ikit\u0259r\u0259fli iqtisadi m\u00fcnasib\u0259tl\u0259rin inki\u015faf etdirilm\u0259si \u00fc\u00e7\u00fcn geni\u015f potensial v\u0259 \u0259lveri\u015fli imkanlar m\u00f6vcuddur. Ukrayna \u00f6lk\u0259mizin \u0259sas ticar\u0259t t\u0259r\u0259fda\u015flar\u0131ndand\u0131r. Az\u0259rbaycan\u0131n Ukraynaya enerji ixrac\u0131n\u0131n m\u00fctl\u0259q \u0259ks\u0259riyy\u0259tini neft v\u0259 neft m\u0259hsullar\u0131 t\u0259\u015fkil edir. Az\u0259rbaycan\u0131n maye qaz\u0131n\u0131n Ukraynaya n\u0259qli m\u0259s\u0259l\u0259si d\u0259 h\u0259l\u0259 2011-ci ild\u0259 \u00f6z h\u0259llini tap\u0131b. Az\u0259rbaycan enerji ehtiyatlar\u0131n\u0131n istehsal\u00e7\u0131s\u0131, Ukrayna is\u0259 istehlak\u00e7\u0131s\u0131 v\u0259 tranzit \u00f6lk\u0259 kimi birlikd\u0259 bir s\u0131ra \u00f6lk\u0259l\u0259rin enerji t\u0259hl\u00fck\u0259sizliyinin t\u0259min edilm\u0259sind\u0259 m\u00fch\u00fcm rol oynay\u0131rlar. Qar\u015f\u0131l\u0131ql\u0131 \u0259m\u0259kda\u015fl\u0131qda \u0259n m\u00fch\u00fcm istiqam\u0259tl\u0259rd\u0259n biri ticar\u0259tin art\u0131m\u0131n\u0131 iki \u00f6lk\u0259 aras\u0131nda \u0259lav\u0259 n\u0259qliyyat yollar\u0131 il\u0259 t\u0259min etm\u0259kd\u0259n ibar\u0259tdir. Bu c\u0259h\u0259td\u0259n \u0259n m\u00fch\u00fcm regional \u0259m\u0259kda\u015fl\u0131q layih\u0259l\u0259rind\u0259n biri Beyn\u0259lxalq Transx\u0259z\u0259r N\u0259qliyyat Mar\u015frutudur. Dig\u0259r t\u0259r\u0259fd\u0259n, Az\u0259rbaycan\u0131n bir s\u0131ra r\u0259qab\u0259tqabiliyy\u0259tli k\u0259nd t\u0259s\u0259rr\u00fcfat\u0131 m\u0259hsullar\u0131 istehsal etm\u0259si v\u0259 onlar\u0131n emal\u0131n\u0131 geni\u015fl\u0259ndirm\u0259si, habel\u0259 f\u0131nd\u0131q, meyv\u0259 v\u0259 t\u0259r\u0259v\u0259z, x\u00fcsusil\u0259 d\u0259 xurma, \u00e7ay, \u015f\u0259rab, \u00fcz\u00fcm, t\u00fct\u00fcn, pamb\u0131q lifi kimi Az\u0259rbaycan m\u0259hsullar\u0131n\u0131n Ukraynaya ixrac imkanlar\u0131n\u0131 art\u0131r\u0131r. Bu sah\u0259d\u0259 h\u0259r iki \u00f6lk\u0259nin paytaxtlar\u0131nda m\u00fcnt\u0259z\u0259m t\u0259\u015fkil olunan &#8220;Az\u0259rbaycan-Ukrayna&#8221; Biznes Forumlar\u0131 m\u00fch\u00fcm rol oynay\u0131r&#8221;.<\/p>\n<p>N.H\u0259mz\u0259yev \u0259lav\u0259 edib ki, Erm\u0259nistan-Az\u0259rbaycan m\u00fcnaqi\u015f\u0259sind\u0259 Ukrayna h\u0259mi\u015f\u0259 Az\u0259rbaycan\u0131n m\u00f6vqeyini m\u00fcdafi\u0259 edib: &#8220;Qarda\u015f \u00f6lk\u0259 Az\u0259rbaycan\u0131n \u0259n a\u011fr\u0131l\u0131 problemi olan Da\u011fl\u0131q Qaraba\u011f m\u00fcnaqi\u015f\u0259sinin ancaq \u00f6lk\u0259mizin \u0259razi b\u00fct\u00f6vl\u00fcy\u00fc \u00e7\u0259r\u00e7iv\u0259sind\u0259 h\u0259llin\u0259 t\u0259r\u0259fdar oldu\u011funu d\u0259f\u0259l\u0259rl\u0259 b\u0259yan edib. Az\u0259rbaycan\u0131n Avropa Birliyind\u0259 bu t\u0259\u015fkilata daxil olmas\u0131 haqq\u0131nda m\u00fczakir\u0259l\u0259r ged\u0259nd\u0259 Ukraynan\u0131n n\u00fcmay\u0259nd\u0259 hey\u0259ti Az\u0259rbaycan\u0131n yan\u0131nda olub. Ukrayna n\u00fcmay\u0259nd\u0259 hey\u0259tinin s\u0259lahiyy\u0259tl\u0259rinin A\u015ePA-da dayand\u0131r\u0131lmas\u0131 m\u0259s\u0259l\u0259sinin m\u00fczakir\u0259sind\u0259 is\u0259 Az\u0259rbaycan bu q\u0259tnam\u0259y\u0259 qar\u015f\u0131 \u00e7\u0131x\u0131b.<\/p>\n<p>Ukrayna Prezidentinin Azrbaycana r\u0259smi s\u0259f\u0259ri \u00e7\u0259r\u00e7iv\u0259sind\u0259 siyasi \u0259laq\u0259l\u0259r, humanitar, iqtisadi sah\u0259d\u0259 \u0259m\u0259kda\u015fl\u0131qla ba\u011fl\u0131 imzalanacaq s\u0259n\u0259dl\u0259r h\u0259r iki \u00f6lk\u0259 aras\u0131nda \u0259laq\u0259l\u0259ri daha da m\u00f6hk\u0259ml\u0259ndir\u0259c\u0259k. Qar\u015f\u0131l\u0131ql\u0131 maraqlara \u0259saslanan bu t\u0259r\u0259fda\u015fl\u0131q eyni zamanda C\u0259nubi Qafqaz regionunda v\u0259 \u015e\u0259rqi Avropada s\u00fclh v\u0259 sabitliyin daha da m\u00f6hk\u0259ml\u0259nm\u0259sin\u0259 k\u00f6m\u0259k ed\u0259c\u0259k.<\/p>\n<p>Bel\u0259 ki, son ill\u0259rd\u0259 Az\u0259rbaycan v\u0259 Ukrayna aras\u0131nda siyasi m\u00fcnasib\u0259tl\u0259rin, beyn\u0259lxalq t\u0259\u015fkilatlarda qar\u015f\u0131l\u0131ql\u0131 \u0259m\u0259kda\u015fl\u0131\u011f\u0131n y\u00fcks\u0259k s\u0259viyy\u0259d\u0259 olmas\u0131 diqq\u0259t m\u0259rk\u0259zind\u0259 olub. Regional t\u0259hl\u00fck\u0259sizliyin, s\u00fclh\u00fcn t\u0259minat\u00e7\u0131s\u0131 kimi \u00e7\u0131x\u0131\u015f ed\u0259n \u00f6lk\u0259mizin t\u0259\u015f\u0259bb\u00fcs\u00fc v\u0259 i\u015ftirak\u0131 il\u0259 Az\u0259rbaycan-T\u00fcrkiy\u0259-Ukrayna regional \u00fc\u00e7t\u0259r\u0259fli \u0259m\u0259kda\u015fl\u0131q format\u0131n\u0131n \u0259rs\u0259y\u0259 g\u0259tirilm\u0259si beyn\u0259lxalq al\u0259md\u0259 raz\u0131l\u0131qla qar\u015f\u0131lan\u0131b. \u00d6lk\u0259l\u0259r aras\u0131nda qar\u015f\u0131l\u0131ql\u0131 faydal\u0131 layih\u0259l\u0259rin relalla\u015fmas\u0131, t\u0259r\u0259fl\u0259rin regionda daha da m\u00f6hk\u0259ml\u0259nm\u0259si \u00fc\u00e7t\u0259r\u0259fli \u0259m\u0259kda\u015fl\u0131q format\u0131n\u0131n \u0259h\u0259miyy\u0259tini daha da art\u0131r\u0131b. \u00dcmid edirik ki, \u00f6lk\u0259mizin daha bir t\u0259\u015f\u0259bb\u00fcs\u00fc il\u0259 Az\u0259rbaycan-T\u00fcrkiy\u0259-Rusiya regional \u00fc\u00e7t\u0259r\u0259fli \u0259m\u0259kda\u015fl\u0131q format\u0131 da bu s\u0131raya \u0259lav\u0259 edil\u0259c\u0259k. Bu da regionda \u00fcmumi t\u0259hl\u00fck\u0259sizlik bax\u0131m\u0131ndan riskl\u0259ri azaltmaq \u00fc\u00e7\u00fcn yeni imkanlar yaradacaq&#8221;.<\/p>\n","protected":false},"excerpt":{"rendered":"<p>&#8220;\u00d6lk\u0259mizin xarici m\u00fcnasib\u0259tl\u0259rind\u0259 Avropan\u0131n q\u0259dim v\u0259 g\u00fccl\u00fc d\u00f6vl\u0259tl\u0259rind\u0259n biri olan Ukraynan\u0131n \u00f6z\u00fcn\u0259m\u0259xsus yeri var. Tarix\u0259n bu iki d\u00f6vl\u0259t aras\u0131nda qar\u015f\u0131l\u0131ql\u0131 \u0259laq\u0259l\u0259r olub. \u00c7\u0259tin m\u0259qamlarda, xo\u015f g\u00fcnl\u0259rd\u0259 bir-birin\u0259 d\u0259st\u0259k olan h\u0259r iki \u00f6lk\u0259 bu \u0259n\u0259n\u0259ni bu g\u00fcn d\u0259 b\u00f6y\u00fck \u0259zml\u0259 qoruyub saxlay\u0131r. Az\u0259rbaycan\u0131n d\u00f6vl\u0259t m\u00fcst\u0259qilliyini tan\u0131yan ilk \u00f6lk\u0259l\u0259rd\u0259n biri d\u0259 m\u0259hz Ukrayna olub. \u00dcmummilli lider Heyd\u0259r \u018fliyevin \u0259v\u0259zsiz xidm\u0259tl\u0259ri say\u0259sind\u0259 \u00f6lk\u0259l\u0259r aras\u0131nda m\u00fcnasib\u0259tl\u0259r strateji t\u0259r\u0259fda\u015fl\u0131q s\u0259viyy\u0259sin\u0259 y\u00fcks\u0259lib. Ulu \u00f6nd\u0259rin missiyas\u0131n\u0131 u\u011furla davam etdir\u0259n Prezident \u0130lham \u018fliyevin milli maraqlara s\u00f6yk\u0259n\u0259n balansla\u015fd\u0131r\u0131lm\u0131\u015f praqmatik xarici siyas\u0259ti bu \u0259laq\u0259l\u0259rin inki\u015faf\u0131na impuls verib, strateji m\u00fctt\u0259fiqlik m\u00fcnasib\u0259tl\u0259rini&hellip;<\/p>\n","protected":false},"author":2,"featured_media":108585,"comment_status":"closed","ping_status":"closed","sticky":false,"template":"","format":"standard","meta":{"om_disable_all_campaigns":false,"_monsterinsights_skip_tracking":false,"_monsterinsights_sitenote_active":false,"_monsterinsights_sitenote_note":"","_monsterinsights_sitenote_category":0},"categories":[4],"tags":[],"aioseo_notices":[],"gutentor_comment":0,"rttpg_featured_image_url":{"full":["https:\/\/arantv.az\/wp-content\/uploads\/2019\/12\/811261.jpg",800,600,false],"landscape":["https:\/\/arantv.az\/wp-content\/uploads\/2019\/12\/811261.jpg",800,600,false],"portraits":["https:\/\/arantv.az\/wp-content\/uploads\/2019\/12\/811261.jpg",800,600,false],"thumbnail":["https:\/\/arantv.az\/wp-content\/uploads\/2019\/12\/811261-150x150.jpg",150,150,true],"medium":["https:\/\/arantv.az\/wp-content\/uploads\/2019\/12\/811261-300x225.jpg",300,225,true],"large":["https:\/\/arantv.az\/wp-content\/uploads\/2019\/12\/811261.jpg",640,480,false],"1536x1536":["https:\/\/arantv.az\/wp-content\/uploads\/2019\/12\/811261.jpg",800,600,false],"2048x2048":["https:\/\/arantv.az\/wp-content\/uploads\/2019\/12\/811261.jpg",800,600,false],"post-thumbnail":["https:\/\/arantv.az\/wp-content\/uploads\/2019\/12\/811261-240x172.jpg",240,172,true],"advps-thumb-one":["https:\/\/arantv.az\/wp-content\/uploads\/2019\/12\/811261.jpg",800,600,false]},"rttpg_author":{"display_name":"V\u00fcsal Rafiqo\u011flu","author_link":"https:\/\/arantv.az\/?author=2"},"rttpg_comment":0,"rttpg_category":"<a href=\"https:\/\/arantv.az\/?cat=4\" rel=\"category\">Siyas\u0259t<\/a>","rttpg_excerpt":"&#8220;\u00d6lk\u0259mizin xarici m\u00fcnasib\u0259tl\u0259rind\u0259 Avropan\u0131n q\u0259dim v\u0259 g\u00fccl\u00fc d\u00f6vl\u0259tl\u0259rind\u0259n biri olan Ukraynan\u0131n \u00f6z\u00fcn\u0259m\u0259xsus yeri var. Tarix\u0259n bu iki d\u00f6vl\u0259t aras\u0131nda qar\u015f\u0131l\u0131ql\u0131 \u0259laq\u0259l\u0259r olub. \u00c7\u0259tin m\u0259qamlarda, xo\u015f g\u00fcnl\u0259rd\u0259 bir-birin\u0259 d\u0259st\u0259k olan h\u0259r iki \u00f6lk\u0259 bu \u0259n\u0259n\u0259ni bu g\u00fcn d\u0259 b\u00f6y\u00fck \u0259zml\u0259 qoruyub saxlay\u0131r. Az\u0259rbaycan\u0131n d\u00f6vl\u0259t m\u00fcst\u0259qilliyini tan\u0131yan ilk \u00f6lk\u0259l\u0259rd\u0259n biri d\u0259 m\u0259hz Ukrayna olub. \u00dcmummilli lider Heyd\u0259r&hellip;","_links":{"self":[{"href":"https:\/\/arantv.az\/index.php?rest_route=\/wp\/v2\/posts\/108584"}],"collection":[{"href":"https:\/\/arantv.az\/index.php?rest_route=\/wp\/v2\/posts"}],"about":[{"href":"https:\/\/arantv.az\/index.php?rest_route=\/wp\/v2\/types\/post"}],"author":[{"embeddable":true,"href":"https:\/\/arantv.az\/index.php?rest_route=\/wp\/v2\/users\/2"}],"replies":[{"embeddable":true,"href":"https:\/\/arantv.az\/index.php?rest_route=%2Fwp%2Fv2%2Fcomments&post=108584"}],"version-history":[{"count":0,"href":"https:\/\/arantv.az\/index.php?rest_route=\/wp\/v2\/posts\/108584\/revisions"}],"wp:featuredmedia":[{"embeddable":true,"href":"https:\/\/arantv.az\/index.php?rest_route=\/wp\/v2\/media\/108585"}],"wp:attachment":[{"href":"https:\/\/arantv.az\/index.php?rest_route=%2Fwp%2Fv2%2Fmedia&parent=108584"}],"wp:term":[{"taxonomy":"category","embeddable":true,"href":"https:\/\/arantv.az\/index.php?rest_route=%2Fwp%2Fv2%2Fcategories&post=108584"},{"taxonomy":"post_tag","embeddable":true,"href":"https:\/\/arantv.az\/index.php?rest_route=%2Fwp%2Fv2%2Ftags&post=108584"}],"curies":[{"name":"wp","href":"https:\/\/api.w.org\/{rel}","templated":true}]}}