{"id":108645,"date":"2019-12-18T08:44:36","date_gmt":"2019-12-18T05:44:36","guid":{"rendered":"http:\/\/arantv.az\/?p=108645"},"modified":"2019-12-18T08:44:36","modified_gmt":"2019-12-18T05:44:36","slug":"az%c9%99rbaycan-h%c9%99r-zaman-turkiy%c9%99nin-yaninda-olub-v%c9%99-d%c9%99st%c9%99yini-hec-bir-zaman-%c9%99sirg%c9%99m%c9%99yib-tbmm-s%c9%99dri","status":"publish","type":"post","link":"https:\/\/arantv.az\/?p=108645","title":{"rendered":"Az\u0259rbaycan h\u0259r zaman T\u00fcrkiy\u0259nin yan\u0131nda olub v\u0259 d\u0259st\u0259yini he\u00e7 bir zaman \u0259sirg\u0259m\u0259yib &#8211; TBMM S\u0259dri"},"content":{"rendered":"<p>&#8220;Az\u0259rbaycan h\u0259r zaman T\u00fcrkiy\u0259nin yan\u0131nda olub v\u0259 d\u0259st\u0259yini he\u00e7 bir zaman \u0259sirg\u0259m\u0259yib&#8221;.<\/p>\n<p><strong>ARANTV.AZ<\/strong>\u00a0 x\u0259b\u0259r verir ki, bunu\u00a0<a href=\"https:\/\/az.trend.az\/\" target=\"_blank\" rel=\"noopener\">Trend<\/a>-\u0259 \u00f6z\u0259l m\u00fcsahib\u0259sind\u0259 T\u00fcrkiy\u0259 B\u00f6y\u00fck Mill\u0259t M\u0259clisinin (TBMM) S\u0259dri Mustafa \u015eentop bildirib.<\/p>\n<p>O qeyd edib ki, T\u00fcrkiy\u0259 v\u0259 Az\u0259rbaycan iki qarda\u015f \u00f6lk\u0259dir v\u0259 biz bu hissi &#8220;Bir mill\u0259t, iki d\u00f6vl\u0259t&#8221; ifad\u0259si il\u0259 h\u0259r zaman dil\u0259 g\u0259tiririk. \u00d6lk\u0259l\u0259rimiz dem\u0259k olar ki, h\u0259r sah\u0259d\u0259 qar\u015f\u0131l\u0131ql\u0131 \u0259m\u0259kda\u015fl\u0131q edirl\u0259r.<\/p>\n<p>M.\u015eentop \u0259lav\u0259 edib ki, m\u00fcst\u0259qilliyini elan etdikd\u0259n sonra Az\u0259rbaycan\u0131 ilk tan\u0131yan v\u0259 qarda\u015f hesab etdiyi \u00f6lk\u0259 kimi ticari, siyasi, h\u0259rbi v\u0259 dig\u0259r sah\u0259l\u0259rd\u0259 \u0259m\u0259kda\u015fl\u0131\u011f\u0131 g\u00fccl\u0259ndirm\u0259k T\u00fcrkiy\u0259nin \u0259sas prioritetl\u0259rind\u0259n biri olub:<\/p>\n<p>&#8220;Az\u0259rbaycan xalq\u0131n\u0131n \u00fcmummilli lideri Heyd\u0259r \u018fliyevin d\u00f6vr\u00fcnd\u0259n b\u0259ri m\u00fcnasib\u0259tl\u0259rimiz bu \u015f\u0259kild\u0259 davam edib v\u0259 h\u0259r zaman daha da ir\u0259li gedib. T\u00fcrkiy\u0259 Prezidenti R\u0259c\u0259p Tayyib \u018frdo\u011fan v\u0259 Az\u0259rbaycan Prezidenti \u0130lham \u018fliyevin r\u0259hb\u0259rliyi v\u0259 d\u0259st\u0259yi say\u0259sind\u0259 \u00f6lk\u0259l\u0259rimiz aras\u0131nda m\u00fcnasib\u0259tl\u0259r getdikc\u0259 inki\u015faf edir&#8221;.<\/p>\n<p>M.\u015eentop qeyd edib ki, iki \u00f6lk\u0259nin parlamentl\u0259ri v\u0259 m\u00fcvafiq komissiyalar\u0131 m\u00fcnasib\u0259tl\u0259rimizin inki\u015faf\u0131na b\u00f6y\u00fck d\u0259st\u0259k verir:<\/p>\n<p>&#8220;H\u0259m r\u0259smi m\u00fcnasib\u0259tl\u0259r, h\u0259m \u0259m\u0259kda\u015fl\u0131q \u00fc\u00e7\u00fcn yeni imkanlar yaratmaq, h\u0259m d\u0259 i\u015f adamlar\u0131m\u0131z\u0131 bir araya g\u0259tirm\u0259k \u00fc\u00e7\u00fcn birlikd\u0259 \u00e7al\u0131\u015f\u0131r\u0131q&#8221;.<\/p>\n<p>TBMM s\u0259dri vur\u011fulay\u0131b ki, kritik d\u00f6vrl\u0259rd\u0259 \u00f6lk\u0259l\u0259rimiz beyn\u0259lxalq platformalarda birlikd\u0259 h\u0259r\u0259k\u0259t edir v\u0259 bir-birl\u0259rini d\u0259st\u0259kl\u0259yirl\u0259r:<\/p>\n<p>&#8220;He\u00e7 \u015f\u00fcbh\u0259siz Az\u0259rbaycan da eyni \u015f\u0259kild\u0259 T\u00fcrkiy\u0259ni d\u0259st\u0259kl\u0259m\u0259kd\u0259dir v\u0259 bunun bariz n\u00fcmun\u0259si \u00f6lk\u0259l\u0259rimiz aras\u0131nda olan iqtisadi v\u0259 dig\u0259r m\u00fcnasib\u0259tl\u0259rin s\u0259viyy\u0259sidir. Az\u0259rbaycan v\u0259 T\u00fcrkiy\u0259 beyn\u0259lxalq \u0259h\u0259miyy\u0259tli enerji layih\u0259l\u0259ri \u00fczr\u0259 \u0259m\u0259kda\u015fl\u0131q edir. Az\u0259rbaycan da h\u0259r zaman T\u00fcrkiy\u0259nin yan\u0131nda olub v\u0259 bu sah\u0259d\u0259 d\u0259st\u0259yini he\u00e7 bir zaman \u0259sirg\u0259m\u0259yib&#8221;.<\/p>\n","protected":false},"excerpt":{"rendered":"<p>&#8220;Az\u0259rbaycan h\u0259r zaman T\u00fcrkiy\u0259nin yan\u0131nda olub v\u0259 d\u0259st\u0259yini he\u00e7 bir zaman \u0259sirg\u0259m\u0259yib&#8221;. ARANTV.AZ\u00a0 x\u0259b\u0259r verir ki, bunu\u00a0Trend-\u0259 \u00f6z\u0259l m\u00fcsahib\u0259sind\u0259 T\u00fcrkiy\u0259 B\u00f6y\u00fck Mill\u0259t M\u0259clisinin (TBMM) S\u0259dri Mustafa \u015eentop bildirib. O qeyd edib ki, T\u00fcrkiy\u0259 v\u0259 Az\u0259rbaycan iki qarda\u015f \u00f6lk\u0259dir v\u0259 biz bu hissi &#8220;Bir mill\u0259t, iki d\u00f6vl\u0259t&#8221; ifad\u0259si il\u0259 h\u0259r zaman dil\u0259 g\u0259tiririk. \u00d6lk\u0259l\u0259rimiz dem\u0259k olar ki, h\u0259r sah\u0259d\u0259 qar\u015f\u0131l\u0131ql\u0131 \u0259m\u0259kda\u015fl\u0131q edirl\u0259r. M.\u015eentop \u0259lav\u0259 edib ki, m\u00fcst\u0259qilliyini elan etdikd\u0259n sonra Az\u0259rbaycan\u0131 ilk tan\u0131yan v\u0259 qarda\u015f hesab etdiyi \u00f6lk\u0259 kimi ticari, siyasi, h\u0259rbi v\u0259 dig\u0259r sah\u0259l\u0259rd\u0259 \u0259m\u0259kda\u015fl\u0131\u011f\u0131 g\u00fccl\u0259ndirm\u0259k T\u00fcrkiy\u0259nin \u0259sas prioritetl\u0259rind\u0259n biri&hellip;<\/p>\n","protected":false},"author":2,"featured_media":108646,"comment_status":"closed","ping_status":"closed","sticky":false,"template":"","format":"standard","meta":{"om_disable_all_campaigns":false,"_monsterinsights_skip_tracking":false,"_monsterinsights_sitenote_active":false,"_monsterinsights_sitenote_note":"","_monsterinsights_sitenote_category":0},"categories":[4],"tags":[],"aioseo_notices":[],"gutentor_comment":0,"rttpg_featured_image_url":{"full":["https:\/\/arantv.az\/wp-content\/uploads\/2019\/12\/811364.jpg",800,600,false],"landscape":["https:\/\/arantv.az\/wp-content\/uploads\/2019\/12\/811364.jpg",800,600,false],"portraits":["https:\/\/arantv.az\/wp-content\/uploads\/2019\/12\/811364.jpg",800,600,false],"thumbnail":["https:\/\/arantv.az\/wp-content\/uploads\/2019\/12\/811364-150x150.jpg",150,150,true],"medium":["https:\/\/arantv.az\/wp-content\/uploads\/2019\/12\/811364-300x225.jpg",300,225,true],"large":["https:\/\/arantv.az\/wp-content\/uploads\/2019\/12\/811364.jpg",640,480,false],"1536x1536":["https:\/\/arantv.az\/wp-content\/uploads\/2019\/12\/811364.jpg",800,600,false],"2048x2048":["https:\/\/arantv.az\/wp-content\/uploads\/2019\/12\/811364.jpg",800,600,false],"post-thumbnail":["https:\/\/arantv.az\/wp-content\/uploads\/2019\/12\/811364-240x172.jpg",240,172,true],"advps-thumb-one":["https:\/\/arantv.az\/wp-content\/uploads\/2019\/12\/811364.jpg",800,600,false]},"rttpg_author":{"display_name":"V\u00fcsal Rafiqo\u011flu","author_link":"https:\/\/arantv.az\/?author=2"},"rttpg_comment":0,"rttpg_category":"<a href=\"https:\/\/arantv.az\/?cat=4\" rel=\"category\">Siyas\u0259t<\/a>","rttpg_excerpt":"&#8220;Az\u0259rbaycan h\u0259r zaman T\u00fcrkiy\u0259nin yan\u0131nda olub v\u0259 d\u0259st\u0259yini he\u00e7 bir zaman \u0259sirg\u0259m\u0259yib&#8221;. ARANTV.AZ\u00a0 x\u0259b\u0259r verir ki, bunu\u00a0Trend-\u0259 \u00f6z\u0259l m\u00fcsahib\u0259sind\u0259 T\u00fcrkiy\u0259 B\u00f6y\u00fck Mill\u0259t M\u0259clisinin (TBMM) S\u0259dri Mustafa \u015eentop bildirib. O qeyd edib ki, T\u00fcrkiy\u0259 v\u0259 Az\u0259rbaycan iki qarda\u015f \u00f6lk\u0259dir v\u0259 biz bu hissi &#8220;Bir mill\u0259t, iki d\u00f6vl\u0259t&#8221; ifad\u0259si il\u0259 h\u0259r zaman dil\u0259 g\u0259tiririk. \u00d6lk\u0259l\u0259rimiz dem\u0259k olar&hellip;","_links":{"self":[{"href":"https:\/\/arantv.az\/index.php?rest_route=\/wp\/v2\/posts\/108645"}],"collection":[{"href":"https:\/\/arantv.az\/index.php?rest_route=\/wp\/v2\/posts"}],"about":[{"href":"https:\/\/arantv.az\/index.php?rest_route=\/wp\/v2\/types\/post"}],"author":[{"embeddable":true,"href":"https:\/\/arantv.az\/index.php?rest_route=\/wp\/v2\/users\/2"}],"replies":[{"embeddable":true,"href":"https:\/\/arantv.az\/index.php?rest_route=%2Fwp%2Fv2%2Fcomments&post=108645"}],"version-history":[{"count":0,"href":"https:\/\/arantv.az\/index.php?rest_route=\/wp\/v2\/posts\/108645\/revisions"}],"wp:featuredmedia":[{"embeddable":true,"href":"https:\/\/arantv.az\/index.php?rest_route=\/wp\/v2\/media\/108646"}],"wp:attachment":[{"href":"https:\/\/arantv.az\/index.php?rest_route=%2Fwp%2Fv2%2Fmedia&parent=108645"}],"wp:term":[{"taxonomy":"category","embeddable":true,"href":"https:\/\/arantv.az\/index.php?rest_route=%2Fwp%2Fv2%2Fcategories&post=108645"},{"taxonomy":"post_tag","embeddable":true,"href":"https:\/\/arantv.az\/index.php?rest_route=%2Fwp%2Fv2%2Ftags&post=108645"}],"curies":[{"name":"wp","href":"https:\/\/api.w.org\/{rel}","templated":true}]}}