{"id":108653,"date":"2019-12-18T08:46:14","date_gmt":"2019-12-18T05:46:14","guid":{"rendered":"http:\/\/arantv.az\/?p=108653"},"modified":"2019-12-18T08:46:14","modified_gmt":"2019-12-18T05:46:14","slug":"az%c9%99rbaycan-xalqinin-tolerantliq-v%c9%99-multikulturalizm-%c9%99n%c9%99n%c9%99si-dovl%c9%99t-siyas%c9%99tinin-prioritet-istiqam%c9%99tl%c9%99rind%c9%99ndir-gunduz-ismayilov","status":"publish","type":"post","link":"https:\/\/arantv.az\/?p=108653","title":{"rendered":"Az\u0259rbaycan xalq\u0131n\u0131n tolerantl\u0131q v\u0259 multikulturalizm \u0259n\u0259n\u0259si d\u00f6vl\u0259t siyas\u0259tinin prioritet istiqam\u0259tl\u0259rind\u0259ndir &#8211; G\u00fcnd\u00fcz \u0130smay\u0131lov"},"content":{"rendered":"<p>Az\u0259rbaycan xalq\u0131n\u0131n \u0259srl\u0259r boyu m\u00f6vcud olan tolerantl\u0131q v\u0259 multikulturalizm \u0259n\u0259n\u0259si d\u00f6vl\u0259t siyas\u0259tinin prioritet istiqam\u0259tl\u0259rind\u0259n birin\u0259 \u00e7evrilib. Prezident \u0130lham \u018fliyev h\u0259r zaman Az\u0259rbaycan\u00e7\u0131l\u0131q ideologiyas\u0131n\u0131n inki\u015faf\u0131n\u0131 v\u0259 milli-m\u0259n\u0259vi d\u0259y\u0259rl\u0259rin qorunmas\u0131n\u0131 daim diqq\u0259t m\u0259rk\u0259zind\u0259 saxlay\u0131r.<\/p>\n<p><strong>ARANTV.AZ<\/strong>\u00a0\u00a0<a href=\"http:\/\/az.trend.az\/\" target=\"_blank\" rel=\"noopener\">Trend<\/a>-\u0259 istinad\u0259n bildirir ki, bunu Dini Qurumlarla \u0130\u015f \u00fczr\u0259 D\u00f6vl\u0259t Komit\u0259sinin s\u0259dr m\u00fcavini G\u00fcnd\u00fcz \u0130smay\u0131lov komit\u0259 v\u0259 B\u0259rd\u0259 Rayon \u0130cra Hakimiyy\u0259tinin (R\u0130H) birg\u0259 t\u0259\u015fkilat\u00e7\u0131l\u0131\u011f\u0131 il\u0259 &#8220;D\u00fcny\u0259vi d\u00f6vl\u0259td\u0259 din v\u0259 t\u0259hsil&#8221; m\u00f6vzusunda seminar-treninqd\u0259 deyib.<\/p>\n<p>S\u0259dr m\u00fcavini bildirib ki, ibad\u0259tl\u0259 yana\u015f\u0131, \u0130slam dini birliy\u0259 v\u0259 h\u0259mr\u0259yliy\u0259 b\u00f6y\u00fck \u00f6n\u0259m verir: &#8220;Dinimizin \u0259sas m\u0259qs\u0259dl\u0259rind\u0259n biri d\u0259 c\u0259miyy\u0259t, d\u00f6vl\u0259t v\u0259 ail\u0259 \u00fc\u00e7\u00fcn faydal\u0131 olan, bilikli, elmli savadl\u0131 n\u00fcmun\u0259vi v\u0259t\u0259nda\u015f formala\u015fd\u0131rmaqd\u0131r. \u0130slam dini meydana \u00e7\u0131xd\u0131\u011f\u0131 g\u00fcnd\u0259n elm\u0259 b\u00f6y\u00fck d\u0259y\u0259r verib, t\u0259hsil alma\u011f\u0131 ibad\u0259t s\u0259viyy\u0259sin\u0259 q\u0259d\u0259r y\u00fcks\u0259ldib. Milli v\u0259 dini d\u0259y\u0259rl\u0259rimizin qorunmas\u0131 vacibdir. Yad dini ideologiyalar\u0131n yay\u0131lmas\u0131 c\u0259hdl\u0259rinin qar\u015f\u0131s\u0131n\u0131n al\u0131nmas\u0131 g\u0259ncl\u0259r aras\u0131nda milli-m\u0259n\u0259vi, x\u00fcsusil\u0259 dini d\u0259y\u0259rl\u0259rin t\u0259bli\u011finin do\u011fru apar\u0131lmas\u0131ndan as\u0131l\u0131d\u0131r&#8221;.<\/p>\n","protected":false},"excerpt":{"rendered":"<p>Az\u0259rbaycan xalq\u0131n\u0131n \u0259srl\u0259r boyu m\u00f6vcud olan tolerantl\u0131q v\u0259 multikulturalizm \u0259n\u0259n\u0259si d\u00f6vl\u0259t siyas\u0259tinin prioritet istiqam\u0259tl\u0259rind\u0259n birin\u0259 \u00e7evrilib. Prezident \u0130lham \u018fliyev h\u0259r zaman Az\u0259rbaycan\u00e7\u0131l\u0131q ideologiyas\u0131n\u0131n inki\u015faf\u0131n\u0131 v\u0259 milli-m\u0259n\u0259vi d\u0259y\u0259rl\u0259rin qorunmas\u0131n\u0131 daim diqq\u0259t m\u0259rk\u0259zind\u0259 saxlay\u0131r. ARANTV.AZ\u00a0\u00a0Trend-\u0259 istinad\u0259n bildirir ki, bunu Dini Qurumlarla \u0130\u015f \u00fczr\u0259 D\u00f6vl\u0259t Komit\u0259sinin s\u0259dr m\u00fcavini G\u00fcnd\u00fcz \u0130smay\u0131lov komit\u0259 v\u0259 B\u0259rd\u0259 Rayon \u0130cra Hakimiyy\u0259tinin (R\u0130H) birg\u0259 t\u0259\u015fkilat\u00e7\u0131l\u0131\u011f\u0131 il\u0259 &#8220;D\u00fcny\u0259vi d\u00f6vl\u0259td\u0259 din v\u0259 t\u0259hsil&#8221; m\u00f6vzusunda seminar-treninqd\u0259 deyib. S\u0259dr m\u00fcavini bildirib ki, ibad\u0259tl\u0259 yana\u015f\u0131, \u0130slam dini birliy\u0259 v\u0259 h\u0259mr\u0259yliy\u0259 b\u00f6y\u00fck \u00f6n\u0259m verir: &#8220;Dinimizin \u0259sas m\u0259qs\u0259dl\u0259rind\u0259n biri d\u0259 c\u0259miyy\u0259t, d\u00f6vl\u0259t v\u0259 ail\u0259 \u00fc\u00e7\u00fcn faydal\u0131&hellip;<\/p>\n","protected":false},"author":2,"featured_media":108654,"comment_status":"closed","ping_status":"closed","sticky":false,"template":"","format":"standard","meta":{"om_disable_all_campaigns":false,"_monsterinsights_skip_tracking":false,"_monsterinsights_sitenote_active":false,"_monsterinsights_sitenote_note":"","_monsterinsights_sitenote_category":0},"categories":[19],"tags":[],"aioseo_notices":[],"gutentor_comment":0,"rttpg_featured_image_url":{"full":["https:\/\/arantv.az\/wp-content\/uploads\/2019\/12\/811338.jpg",1054,900,false],"landscape":["https:\/\/arantv.az\/wp-content\/uploads\/2019\/12\/811338.jpg",1054,900,false],"portraits":["https:\/\/arantv.az\/wp-content\/uploads\/2019\/12\/811338.jpg",1054,900,false],"thumbnail":["https:\/\/arantv.az\/wp-content\/uploads\/2019\/12\/811338-150x150.jpg",150,150,true],"medium":["https:\/\/arantv.az\/wp-content\/uploads\/2019\/12\/811338-300x256.jpg",300,256,true],"large":["https:\/\/arantv.az\/wp-content\/uploads\/2019\/12\/811338-1024x874.jpg",640,546,true],"1536x1536":["https:\/\/arantv.az\/wp-content\/uploads\/2019\/12\/811338.jpg",1054,900,false],"2048x2048":["https:\/\/arantv.az\/wp-content\/uploads\/2019\/12\/811338.jpg",1054,900,false],"post-thumbnail":["https:\/\/arantv.az\/wp-content\/uploads\/2019\/12\/811338-240x172.jpg",240,172,true],"advps-thumb-one":["https:\/\/arantv.az\/wp-content\/uploads\/2019\/12\/811338-1054x620.jpg",1054,620,true]},"rttpg_author":{"display_name":"V\u00fcsal Rafiqo\u011flu","author_link":"https:\/\/arantv.az\/?author=2"},"rttpg_comment":0,"rttpg_category":"<a href=\"https:\/\/arantv.az\/?cat=19\" rel=\"category\">G\u00fcnd\u0259m<\/a>","rttpg_excerpt":"Az\u0259rbaycan xalq\u0131n\u0131n \u0259srl\u0259r boyu m\u00f6vcud olan tolerantl\u0131q v\u0259 multikulturalizm \u0259n\u0259n\u0259si d\u00f6vl\u0259t siyas\u0259tinin prioritet istiqam\u0259tl\u0259rind\u0259n birin\u0259 \u00e7evrilib. Prezident \u0130lham \u018fliyev h\u0259r zaman Az\u0259rbaycan\u00e7\u0131l\u0131q ideologiyas\u0131n\u0131n inki\u015faf\u0131n\u0131 v\u0259 milli-m\u0259n\u0259vi d\u0259y\u0259rl\u0259rin qorunmas\u0131n\u0131 daim diqq\u0259t m\u0259rk\u0259zind\u0259 saxlay\u0131r. ARANTV.AZ\u00a0\u00a0Trend-\u0259 istinad\u0259n bildirir ki, bunu Dini Qurumlarla \u0130\u015f \u00fczr\u0259 D\u00f6vl\u0259t Komit\u0259sinin s\u0259dr m\u00fcavini G\u00fcnd\u00fcz \u0130smay\u0131lov komit\u0259 v\u0259 B\u0259rd\u0259 Rayon \u0130cra Hakimiyy\u0259tinin (R\u0130H) birg\u0259&hellip;","_links":{"self":[{"href":"https:\/\/arantv.az\/index.php?rest_route=\/wp\/v2\/posts\/108653"}],"collection":[{"href":"https:\/\/arantv.az\/index.php?rest_route=\/wp\/v2\/posts"}],"about":[{"href":"https:\/\/arantv.az\/index.php?rest_route=\/wp\/v2\/types\/post"}],"author":[{"embeddable":true,"href":"https:\/\/arantv.az\/index.php?rest_route=\/wp\/v2\/users\/2"}],"replies":[{"embeddable":true,"href":"https:\/\/arantv.az\/index.php?rest_route=%2Fwp%2Fv2%2Fcomments&post=108653"}],"version-history":[{"count":0,"href":"https:\/\/arantv.az\/index.php?rest_route=\/wp\/v2\/posts\/108653\/revisions"}],"wp:featuredmedia":[{"embeddable":true,"href":"https:\/\/arantv.az\/index.php?rest_route=\/wp\/v2\/media\/108654"}],"wp:attachment":[{"href":"https:\/\/arantv.az\/index.php?rest_route=%2Fwp%2Fv2%2Fmedia&parent=108653"}],"wp:term":[{"taxonomy":"category","embeddable":true,"href":"https:\/\/arantv.az\/index.php?rest_route=%2Fwp%2Fv2%2Fcategories&post=108653"},{"taxonomy":"post_tag","embeddable":true,"href":"https:\/\/arantv.az\/index.php?rest_route=%2Fwp%2Fv2%2Ftags&post=108653"}],"curies":[{"name":"wp","href":"https:\/\/api.w.org\/{rel}","templated":true}]}}