{"id":108657,"date":"2019-12-18T08:47:21","date_gmt":"2019-12-18T05:47:21","guid":{"rendered":"http:\/\/arantv.az\/?p=108657"},"modified":"2019-12-18T08:47:21","modified_gmt":"2019-12-18T05:47:21","slug":"bu-gun-bakida-turkpa-nin-9-cu-plenar-iclasi-keciril%c9%99c%c9%99k","status":"publish","type":"post","link":"https:\/\/arantv.az\/?p=108657","title":{"rendered":"Bu g\u00fcn Bak\u0131da T\u00dcRKPA-n\u0131n 9-cu plenar iclas\u0131 ke\u00e7iril\u0259c\u0259k"},"content":{"rendered":"<p>Bu g\u00fcn Bak\u0131da Milli M\u0259clisin ev sahibliyi il\u0259 T\u00fcrkdilli \u00f6lk\u0259l\u0259rin Parlament Assambleyas\u0131n\u0131n (T\u00dcRKPA) 9-cu plenar iclas\u0131 ke\u00e7iril\u0259c\u0259k.<\/p>\n<p><strong>ARANTV.AZ<\/strong>\u00a0<a href=\"http:\/\/az.trend.az\/\" target=\"_blank\" rel=\"noopener\">Trend<\/a>-\u0259 istinad\u0259n bildirir ki, iclasdan \u00f6nc\u0259 Assambleya \u015euras\u0131n\u0131n toplant\u0131s\u0131 olacaq, t\u0259\u015fkilata s\u0259drlik T\u00fcrkiy\u0259 B\u00f6y\u00fck Mill\u0259t M\u0259clisind\u0259n Az\u0259rbaycan Respublikas\u0131n\u0131n Milli M\u0259clisin\u0259 t\u0259hvil veril\u0259c\u0259k.<\/p>\n<p>T\u0259dbird\u0259 \u00fczv \u00f6lk\u0259l\u0259rin parlament S\u0259drl\u0259rinin r\u0259hb\u0259rliyi il\u0259 n\u00fcmay\u0259nd\u0259 hey\u0259tl\u0259ri, o c\u00fcml\u0259d\u0259n T\u00fcrk \u0259m\u0259kda\u015fl\u0131q qurumlar\u0131 v\u0259 beyn\u0259lxalq t\u0259\u015fkilatlar\u0131n t\u0259msil\u00e7il\u0259ri i\u015ftirak ed\u0259c\u0259kl\u0259r.<\/p>\n<p>Plenar \u0130clas\u0131n g\u00fcnd\u0259liyin\u0259 T\u00dcRKPA daimi komissiyalar\u0131n\u0131n iclaslar\u0131n\u0131n hesabat m\u0259ruz\u0259l\u0259ri v\u0259 t\u00f6vsiy\u0259 q\u0259rarlar\u0131, model qanunlar\u0131n q\u0259bulu, Qazax\u0131stan Respublikas\u0131nda ke\u00e7iril\u0259n n\u00f6vb\u0259d\u0259nk\u0259nar Prezident se\u00e7kil\u0259rin\u0259 dair qurumun beyn\u0259lxalq m\u00fc\u015fahid\u0259\u00e7i missiyas\u0131n\u0131n hesabat\u0131, el\u0259c\u0259 d\u0259 t\u0259\u015fkilat\u0131n h\u00fcquqi s\u0259n\u0259dl\u0259rinin q\u0259bulu daxildir.<\/p>\n<p>Plenar iclas\u0131n yekununda Bak\u0131 B\u0259yannam\u0259si q\u0259bul edil\u0259c\u0259k.<\/p>\n","protected":false},"excerpt":{"rendered":"<p>Bu g\u00fcn Bak\u0131da Milli M\u0259clisin ev sahibliyi il\u0259 T\u00fcrkdilli \u00f6lk\u0259l\u0259rin Parlament Assambleyas\u0131n\u0131n (T\u00dcRKPA) 9-cu plenar iclas\u0131 ke\u00e7iril\u0259c\u0259k. ARANTV.AZ\u00a0Trend-\u0259 istinad\u0259n bildirir ki, iclasdan \u00f6nc\u0259 Assambleya \u015euras\u0131n\u0131n toplant\u0131s\u0131 olacaq, t\u0259\u015fkilata s\u0259drlik T\u00fcrkiy\u0259 B\u00f6y\u00fck Mill\u0259t M\u0259clisind\u0259n Az\u0259rbaycan Respublikas\u0131n\u0131n Milli M\u0259clisin\u0259 t\u0259hvil veril\u0259c\u0259k. T\u0259dbird\u0259 \u00fczv \u00f6lk\u0259l\u0259rin parlament S\u0259drl\u0259rinin r\u0259hb\u0259rliyi il\u0259 n\u00fcmay\u0259nd\u0259 hey\u0259tl\u0259ri, o c\u00fcml\u0259d\u0259n T\u00fcrk \u0259m\u0259kda\u015fl\u0131q qurumlar\u0131 v\u0259 beyn\u0259lxalq t\u0259\u015fkilatlar\u0131n t\u0259msil\u00e7il\u0259ri i\u015ftirak ed\u0259c\u0259kl\u0259r. Plenar \u0130clas\u0131n g\u00fcnd\u0259liyin\u0259 T\u00dcRKPA daimi komissiyalar\u0131n\u0131n iclaslar\u0131n\u0131n hesabat m\u0259ruz\u0259l\u0259ri v\u0259 t\u00f6vsiy\u0259 q\u0259rarlar\u0131, model qanunlar\u0131n q\u0259bulu, Qazax\u0131stan Respublikas\u0131nda ke\u00e7iril\u0259n n\u00f6vb\u0259d\u0259nk\u0259nar Prezident se\u00e7kil\u0259rin\u0259 dair qurumun beyn\u0259lxalq m\u00fc\u015fahid\u0259\u00e7i missiyas\u0131n\u0131n hesabat\u0131, el\u0259c\u0259 d\u0259 t\u0259\u015fkilat\u0131n h\u00fcquqi&hellip;<\/p>\n","protected":false},"author":2,"featured_media":108658,"comment_status":"closed","ping_status":"closed","sticky":false,"template":"","format":"standard","meta":{"om_disable_all_campaigns":false,"_monsterinsights_skip_tracking":false,"_monsterinsights_sitenote_active":false,"_monsterinsights_sitenote_note":"","_monsterinsights_sitenote_category":0},"categories":[19],"tags":[],"aioseo_notices":[],"gutentor_comment":0,"rttpg_featured_image_url":{"full":["https:\/\/arantv.az\/wp-content\/uploads\/2019\/12\/811337.jpg",1200,740,false],"landscape":["https:\/\/arantv.az\/wp-content\/uploads\/2019\/12\/811337.jpg",1200,740,false],"portraits":["https:\/\/arantv.az\/wp-content\/uploads\/2019\/12\/811337.jpg",1200,740,false],"thumbnail":["https:\/\/arantv.az\/wp-content\/uploads\/2019\/12\/811337-150x150.jpg",150,150,true],"medium":["https:\/\/arantv.az\/wp-content\/uploads\/2019\/12\/811337-300x185.jpg",300,185,true],"large":["https:\/\/arantv.az\/wp-content\/uploads\/2019\/12\/811337-1024x631.jpg",640,394,true],"1536x1536":["https:\/\/arantv.az\/wp-content\/uploads\/2019\/12\/811337.jpg",1200,740,false],"2048x2048":["https:\/\/arantv.az\/wp-content\/uploads\/2019\/12\/811337.jpg",1200,740,false],"post-thumbnail":["https:\/\/arantv.az\/wp-content\/uploads\/2019\/12\/811337-240x172.jpg",240,172,true],"advps-thumb-one":["https:\/\/arantv.az\/wp-content\/uploads\/2019\/12\/811337-1200x620.jpg",1200,620,true]},"rttpg_author":{"display_name":"V\u00fcsal Rafiqo\u011flu","author_link":"https:\/\/arantv.az\/?author=2"},"rttpg_comment":0,"rttpg_category":"<a href=\"https:\/\/arantv.az\/?cat=19\" rel=\"category\">G\u00fcnd\u0259m<\/a>","rttpg_excerpt":"Bu g\u00fcn Bak\u0131da Milli M\u0259clisin ev sahibliyi il\u0259 T\u00fcrkdilli \u00f6lk\u0259l\u0259rin Parlament Assambleyas\u0131n\u0131n (T\u00dcRKPA) 9-cu plenar iclas\u0131 ke\u00e7iril\u0259c\u0259k. ARANTV.AZ\u00a0Trend-\u0259 istinad\u0259n bildirir ki, iclasdan \u00f6nc\u0259 Assambleya \u015euras\u0131n\u0131n toplant\u0131s\u0131 olacaq, t\u0259\u015fkilata s\u0259drlik T\u00fcrkiy\u0259 B\u00f6y\u00fck Mill\u0259t M\u0259clisind\u0259n Az\u0259rbaycan Respublikas\u0131n\u0131n Milli M\u0259clisin\u0259 t\u0259hvil veril\u0259c\u0259k. T\u0259dbird\u0259 \u00fczv \u00f6lk\u0259l\u0259rin parlament S\u0259drl\u0259rinin r\u0259hb\u0259rliyi il\u0259 n\u00fcmay\u0259nd\u0259 hey\u0259tl\u0259ri, o c\u00fcml\u0259d\u0259n T\u00fcrk \u0259m\u0259kda\u015fl\u0131q qurumlar\u0131 v\u0259 beyn\u0259lxalq&hellip;","_links":{"self":[{"href":"https:\/\/arantv.az\/index.php?rest_route=\/wp\/v2\/posts\/108657"}],"collection":[{"href":"https:\/\/arantv.az\/index.php?rest_route=\/wp\/v2\/posts"}],"about":[{"href":"https:\/\/arantv.az\/index.php?rest_route=\/wp\/v2\/types\/post"}],"author":[{"embeddable":true,"href":"https:\/\/arantv.az\/index.php?rest_route=\/wp\/v2\/users\/2"}],"replies":[{"embeddable":true,"href":"https:\/\/arantv.az\/index.php?rest_route=%2Fwp%2Fv2%2Fcomments&post=108657"}],"version-history":[{"count":0,"href":"https:\/\/arantv.az\/index.php?rest_route=\/wp\/v2\/posts\/108657\/revisions"}],"wp:featuredmedia":[{"embeddable":true,"href":"https:\/\/arantv.az\/index.php?rest_route=\/wp\/v2\/media\/108658"}],"wp:attachment":[{"href":"https:\/\/arantv.az\/index.php?rest_route=%2Fwp%2Fv2%2Fmedia&parent=108657"}],"wp:term":[{"taxonomy":"category","embeddable":true,"href":"https:\/\/arantv.az\/index.php?rest_route=%2Fwp%2Fv2%2Fcategories&post=108657"},{"taxonomy":"post_tag","embeddable":true,"href":"https:\/\/arantv.az\/index.php?rest_route=%2Fwp%2Fv2%2Ftags&post=108657"}],"curies":[{"name":"wp","href":"https:\/\/api.w.org\/{rel}","templated":true}]}}