{"id":108747,"date":"2019-12-18T10:23:19","date_gmt":"2019-12-18T07:23:19","guid":{"rendered":"http:\/\/arantv.az\/?p=108747"},"modified":"2019-12-18T10:23:19","modified_gmt":"2019-12-18T07:23:19","slug":"az%c9%99rbaycanda-aqroekoturizmin-inkisaf-perspektivl%c9%99ri-adli-d%c9%99yirmi-masa-kecirilir","status":"publish","type":"post","link":"https:\/\/arantv.az\/?p=108747","title":{"rendered":"&#8220;Az\u0259rbaycanda aqroekoturizmin inki\u015faf perspektivl\u0259ri&#8221; adl\u0131 d\u0259yirmi masa ke\u00e7irilir"},"content":{"rendered":"<p>Aqrar T\u0259dar\u00fck v\u0259 T\u0259chizat ASC-nin t\u0259\u015fkilat\u00e7\u0131l\u0131\u011f\u0131 il\u0259 &#8220;Az\u0259rbaycanda aqroekoturizmin inki\u015faf perspektivl\u0259ri&#8221; adl\u0131 d\u0259yirmi masa ke\u00e7irilir.<\/p>\n<p><strong>ARANTV.AZ<\/strong>\u00a0\u00a0<a href=\"https:\/\/az.trend.az\/\" target=\"_blank\" rel=\"noopener\">Trend<\/a>-\u0259 istinad\u0259n x\u0259b\u0259r verir ki, t\u0259dbirin m\u0259qs\u0259di ki\u00e7ik v\u0259 orta fermer t\u0259s\u0259rr\u00fcfatlar\u0131n\u0131n istehsal etdiyi k\u0259nd t\u0259s\u0259rr\u00fcfat\u0131 m\u0259hsullar\u0131 \u00fc\u00e7\u00fcn alternativ sat\u0131\u015f kanallar\u0131 yaratmaq, regionlarda ya\u015fayan \u0259halinin sosial rifah\u0131n\u0131 y\u00fcks\u0259ltm\u0259k, \u015f\u0259h\u0259r \u0259halisinin v\u0259 xarici turistl\u0259rin asud\u0259 vaxtlar\u0131n\u0131n daha da maraql\u0131 ke\u00e7irilm\u0259sin\u0259 t\u00f6hf\u0259 verm\u0259kd\u0259 olan &#8220;\u015e\u0259h\u0259rd\u0259n K\u0259nd\u0259&#8221; layih\u0259sinin \u00f6lk\u0259 \u00fczr\u0259 \u0259hat\u0259 dair\u0259sini geni\u015fl\u0259ndirm\u0259kdir.<\/p>\n<p>Bu m\u0259qs\u0259dl\u0259 turizm \u015firk\u0259tl\u0259rinin &#8220;\u015e\u0259h\u0259rd\u0259n K\u0259nd\u0259&#8221; turlar\u0131na c\u0259lb edilm\u0259si v\u0259 aqroekoturlar\u0131n t\u0259\u015fkil edilm\u0259si g\u00f6r\u00fc\u015f\u00fcn \u0259sas prioritet m\u0259s\u0259l\u0259l\u0259rd\u0259ndir. Eyni zamanda, turizm f\u0259aliyy\u0259tin\u0259 c\u0259lb ed\u0259c\u0259k fermerl\u0259rin v\u0259 ail\u0259-k\u0259ndli t\u0259s\u0259r\u00fcfatlar\u0131n tap\u0131lmas\u0131 v\u0259 t\u0259liml\u0259rin verilm\u0259si kimi sah\u0259l\u0259rd\u0259 \u0259m\u0259kda\u015fl\u0131\u011f\u0131n qurulmas\u0131 Az\u0259rbaycanda k\u0259nd turizminin inki\u015faf\u0131 v\u0259 \u00f6lk\u0259 iqtisadiyyat\u0131n\u0131n \u00f6n\u0259mli sah\u0259l\u0259rind\u0259n birin\u0259 \u00e7evrilm\u0259si istiqam\u0259tind\u0259 \u0259sasl\u0131 rol oynayacaq. Bundan \u0259lav\u0259, turizm f\u0259aliyy\u0259tl\u0259rin\u0259 c\u0259lb edil\u0259c\u0259k fermerl\u0259rin v\u0259 ail\u0259-k\u0259ndli t\u0259s\u0259rr\u00fcfatlar\u0131n \u0259razil\u0259rind\u0259 t\u0259rtibat i\u015fl\u0259rinin g\u00f6r\u00fclm\u0259si v\u0259 yenid\u0259nqurulmas\u0131n\u0131n t\u0259\u015fkil edilm\u0259si sah\u0259sind\u0259 birg\u0259 f\u0259aliyy\u0259t layih\u0259nin daha u\u011furlu inki\u015faf\u0131na \u015f\u0259rait yaradacaq.<\/p>\n","protected":false},"excerpt":{"rendered":"<p>Aqrar T\u0259dar\u00fck v\u0259 T\u0259chizat ASC-nin t\u0259\u015fkilat\u00e7\u0131l\u0131\u011f\u0131 il\u0259 &#8220;Az\u0259rbaycanda aqroekoturizmin inki\u015faf perspektivl\u0259ri&#8221; adl\u0131 d\u0259yirmi masa ke\u00e7irilir. ARANTV.AZ\u00a0\u00a0Trend-\u0259 istinad\u0259n x\u0259b\u0259r verir ki, t\u0259dbirin m\u0259qs\u0259di ki\u00e7ik v\u0259 orta fermer t\u0259s\u0259rr\u00fcfatlar\u0131n\u0131n istehsal etdiyi k\u0259nd t\u0259s\u0259rr\u00fcfat\u0131 m\u0259hsullar\u0131 \u00fc\u00e7\u00fcn alternativ sat\u0131\u015f kanallar\u0131 yaratmaq, regionlarda ya\u015fayan \u0259halinin sosial rifah\u0131n\u0131 y\u00fcks\u0259ltm\u0259k, \u015f\u0259h\u0259r \u0259halisinin v\u0259 xarici turistl\u0259rin asud\u0259 vaxtlar\u0131n\u0131n daha da maraql\u0131 ke\u00e7irilm\u0259sin\u0259 t\u00f6hf\u0259 verm\u0259kd\u0259 olan &#8220;\u015e\u0259h\u0259rd\u0259n K\u0259nd\u0259&#8221; layih\u0259sinin \u00f6lk\u0259 \u00fczr\u0259 \u0259hat\u0259 dair\u0259sini geni\u015fl\u0259ndirm\u0259kdir. Bu m\u0259qs\u0259dl\u0259 turizm \u015firk\u0259tl\u0259rinin &#8220;\u015e\u0259h\u0259rd\u0259n K\u0259nd\u0259&#8221; turlar\u0131na c\u0259lb edilm\u0259si v\u0259 aqroekoturlar\u0131n t\u0259\u015fkil edilm\u0259si g\u00f6r\u00fc\u015f\u00fcn \u0259sas prioritet m\u0259s\u0259l\u0259l\u0259rd\u0259ndir. Eyni zamanda, turizm f\u0259aliyy\u0259tin\u0259 c\u0259lb ed\u0259c\u0259k fermerl\u0259rin v\u0259&hellip;<\/p>\n","protected":false},"author":2,"featured_media":108748,"comment_status":"closed","ping_status":"closed","sticky":false,"template":"","format":"standard","meta":{"om_disable_all_campaigns":false,"_monsterinsights_skip_tracking":false,"_monsterinsights_sitenote_active":false,"_monsterinsights_sitenote_note":"","_monsterinsights_sitenote_category":0},"categories":[19],"tags":[],"aioseo_notices":[],"gutentor_comment":0,"rttpg_featured_image_url":{"full":["https:\/\/arantv.az\/wp-content\/uploads\/2019\/12\/811401.jpg",800,600,false],"landscape":["https:\/\/arantv.az\/wp-content\/uploads\/2019\/12\/811401.jpg",800,600,false],"portraits":["https:\/\/arantv.az\/wp-content\/uploads\/2019\/12\/811401.jpg",800,600,false],"thumbnail":["https:\/\/arantv.az\/wp-content\/uploads\/2019\/12\/811401-150x150.jpg",150,150,true],"medium":["https:\/\/arantv.az\/wp-content\/uploads\/2019\/12\/811401-300x225.jpg",300,225,true],"large":["https:\/\/arantv.az\/wp-content\/uploads\/2019\/12\/811401.jpg",640,480,false],"1536x1536":["https:\/\/arantv.az\/wp-content\/uploads\/2019\/12\/811401.jpg",800,600,false],"2048x2048":["https:\/\/arantv.az\/wp-content\/uploads\/2019\/12\/811401.jpg",800,600,false],"post-thumbnail":["https:\/\/arantv.az\/wp-content\/uploads\/2019\/12\/811401-240x172.jpg",240,172,true],"advps-thumb-one":["https:\/\/arantv.az\/wp-content\/uploads\/2019\/12\/811401.jpg",800,600,false]},"rttpg_author":{"display_name":"V\u00fcsal Rafiqo\u011flu","author_link":"https:\/\/arantv.az\/?author=2"},"rttpg_comment":0,"rttpg_category":"<a href=\"https:\/\/arantv.az\/?cat=19\" rel=\"category\">G\u00fcnd\u0259m<\/a>","rttpg_excerpt":"Aqrar T\u0259dar\u00fck v\u0259 T\u0259chizat ASC-nin t\u0259\u015fkilat\u00e7\u0131l\u0131\u011f\u0131 il\u0259 &#8220;Az\u0259rbaycanda aqroekoturizmin inki\u015faf perspektivl\u0259ri&#8221; adl\u0131 d\u0259yirmi masa ke\u00e7irilir. ARANTV.AZ\u00a0\u00a0Trend-\u0259 istinad\u0259n x\u0259b\u0259r verir ki, t\u0259dbirin m\u0259qs\u0259di ki\u00e7ik v\u0259 orta fermer t\u0259s\u0259rr\u00fcfatlar\u0131n\u0131n istehsal etdiyi k\u0259nd t\u0259s\u0259rr\u00fcfat\u0131 m\u0259hsullar\u0131 \u00fc\u00e7\u00fcn alternativ sat\u0131\u015f kanallar\u0131 yaratmaq, regionlarda ya\u015fayan \u0259halinin sosial rifah\u0131n\u0131 y\u00fcks\u0259ltm\u0259k, \u015f\u0259h\u0259r \u0259halisinin v\u0259 xarici turistl\u0259rin asud\u0259 vaxtlar\u0131n\u0131n daha da maraql\u0131 ke\u00e7irilm\u0259sin\u0259 t\u00f6hf\u0259&hellip;","_links":{"self":[{"href":"https:\/\/arantv.az\/index.php?rest_route=\/wp\/v2\/posts\/108747"}],"collection":[{"href":"https:\/\/arantv.az\/index.php?rest_route=\/wp\/v2\/posts"}],"about":[{"href":"https:\/\/arantv.az\/index.php?rest_route=\/wp\/v2\/types\/post"}],"author":[{"embeddable":true,"href":"https:\/\/arantv.az\/index.php?rest_route=\/wp\/v2\/users\/2"}],"replies":[{"embeddable":true,"href":"https:\/\/arantv.az\/index.php?rest_route=%2Fwp%2Fv2%2Fcomments&post=108747"}],"version-history":[{"count":0,"href":"https:\/\/arantv.az\/index.php?rest_route=\/wp\/v2\/posts\/108747\/revisions"}],"wp:featuredmedia":[{"embeddable":true,"href":"https:\/\/arantv.az\/index.php?rest_route=\/wp\/v2\/media\/108748"}],"wp:attachment":[{"href":"https:\/\/arantv.az\/index.php?rest_route=%2Fwp%2Fv2%2Fmedia&parent=108747"}],"wp:term":[{"taxonomy":"category","embeddable":true,"href":"https:\/\/arantv.az\/index.php?rest_route=%2Fwp%2Fv2%2Fcategories&post=108747"},{"taxonomy":"post_tag","embeddable":true,"href":"https:\/\/arantv.az\/index.php?rest_route=%2Fwp%2Fv2%2Ftags&post=108747"}],"curies":[{"name":"wp","href":"https:\/\/api.w.org\/{rel}","templated":true}]}}