{"id":108751,"date":"2019-12-18T10:24:31","date_gmt":"2019-12-18T07:24:31","guid":{"rendered":"http:\/\/arantv.az\/?p=108751"},"modified":"2019-12-18T10:24:31","modified_gmt":"2019-12-18T07:24:31","slug":"secki-bulletenl%c9%99rinin-dsk-lara-verilm%c9%99si-ucun-ayrilan-vaxt-basa-catib","status":"publish","type":"post","link":"https:\/\/arantv.az\/?p=108751","title":{"rendered":"Se\u00e7ki b\u00fclletenl\u0259rinin DSK-lara verilm\u0259si \u00fc\u00e7\u00fcn ayr\u0131lan vaxt ba\u015fa \u00e7at\u0131b"},"content":{"rendered":"<p>Az\u0259rbaycanda dekabr\u0131n 23-\u0259 t\u0259yin edilmi\u015f b\u0259l\u0259diyy\u0259 se\u00e7kil\u0259ri zaman\u0131 m\u00fc\u0259yy\u0259n se\u00e7ki dair\u0259sinin h\u00fcdudlar\u0131nda m\u00fc\u015fahid\u0259 apar\u0131lmas\u0131 \u00fc\u00e7\u00fcn \u0259riz\u0259l\u0259rin m\u00fcvafiq dair\u0259 se\u00e7ki komissiyas\u0131na t\u0259qdim edilm\u0259si m\u00fcdd\u0259ti bu g\u00fcn ba\u015fa \u00e7at\u0131r.<\/p>\n<p><strong>ARANTV.AZ\u00a0\u00a0<\/strong><a href=\"https:\/\/az.trend.az\/\" target=\"_blank\" rel=\"noopener\">Trend<\/a>-\u0259 istinad\u0259n x\u0259b\u0259r verir ki, Az\u0259rbaycan Respublikas\u0131nda b\u0259l\u0259diyy\u0259 se\u00e7kil\u0259rinin haz\u0131rlan\u0131b ke\u00e7irilm\u0259si \u00fczr\u0259 \u0259sas h\u0259r\u0259k\u0259t v\u0259 t\u0259dbirl\u0259rin T\u0259qvim Plan\u0131na \u0259sas\u0259n, aktiv se\u00e7ki h\u00fcququna malik Az\u0259rbaycan Respublikas\u0131n\u0131n v\u0259t\u0259nda\u015f\u0131 (\u00f6z t\u0259\u015f\u0259bb\u00fcs\u00fc il\u0259, qeyd\u0259 al\u0131nm\u0131\u015f namiz\u0259din, siyasi partiyan\u0131n, siyasi partiyalar blokunun, se\u00e7kil\u0259r sah\u0259sind\u0259 f\u0259aliyy\u0259t g\u00f6st\u0259r\u0259n qeyri-h\u00f6kum\u0259t t\u0259\u015fkilat\u0131n\u0131n t\u0259\u015f\u0259bb\u00fcs\u00fc \u0259sas\u0131nda) \u00f6z \u0259riz\u0259sini t\u0259qdim ed\u0259 bil\u0259r.<\/p>\n<p>\u018friz\u0259l\u0259r se\u00e7kil\u0259rin t\u0259yin edilm\u0259si haqq\u0131nda q\u0259rar\u0131n r\u0259smi d\u0259rc edildiyi g\u00fcnd\u0259n ba\u015flayaraq se\u00e7kil\u0259rin ke\u00e7irilm\u0259sin\u0259 5 g\u00fcn qalanad\u0259k, y\u0259ni 2019-cu il dekabr\u0131n 18-d\u0259k t\u0259qdim edilm\u0259lidir.<\/p>\n<p>Dekabr\u0131n 18-d\u0259 h\u0259m\u00e7inin se\u00e7ki b\u00fclletenl\u0259rinin M\u0259rk\u0259zi Se\u00e7ki Komissiyas\u0131ndan dair\u0259 se\u00e7ki komissiyas\u0131na verilm\u0259si m\u00fcdd\u0259ti ba\u015fa \u00e7at\u0131r.<\/p>\n","protected":false},"excerpt":{"rendered":"<p>Az\u0259rbaycanda dekabr\u0131n 23-\u0259 t\u0259yin edilmi\u015f b\u0259l\u0259diyy\u0259 se\u00e7kil\u0259ri zaman\u0131 m\u00fc\u0259yy\u0259n se\u00e7ki dair\u0259sinin h\u00fcdudlar\u0131nda m\u00fc\u015fahid\u0259 apar\u0131lmas\u0131 \u00fc\u00e7\u00fcn \u0259riz\u0259l\u0259rin m\u00fcvafiq dair\u0259 se\u00e7ki komissiyas\u0131na t\u0259qdim edilm\u0259si m\u00fcdd\u0259ti bu g\u00fcn ba\u015fa \u00e7at\u0131r. ARANTV.AZ\u00a0\u00a0Trend-\u0259 istinad\u0259n x\u0259b\u0259r verir ki, Az\u0259rbaycan Respublikas\u0131nda b\u0259l\u0259diyy\u0259 se\u00e7kil\u0259rinin haz\u0131rlan\u0131b ke\u00e7irilm\u0259si \u00fczr\u0259 \u0259sas h\u0259r\u0259k\u0259t v\u0259 t\u0259dbirl\u0259rin T\u0259qvim Plan\u0131na \u0259sas\u0259n, aktiv se\u00e7ki h\u00fcququna malik Az\u0259rbaycan Respublikas\u0131n\u0131n v\u0259t\u0259nda\u015f\u0131 (\u00f6z t\u0259\u015f\u0259bb\u00fcs\u00fc il\u0259, qeyd\u0259 al\u0131nm\u0131\u015f namiz\u0259din, siyasi partiyan\u0131n, siyasi partiyalar blokunun, se\u00e7kil\u0259r sah\u0259sind\u0259 f\u0259aliyy\u0259t g\u00f6st\u0259r\u0259n qeyri-h\u00f6kum\u0259t t\u0259\u015fkilat\u0131n\u0131n t\u0259\u015f\u0259bb\u00fcs\u00fc \u0259sas\u0131nda) \u00f6z \u0259riz\u0259sini t\u0259qdim ed\u0259 bil\u0259r. \u018friz\u0259l\u0259r se\u00e7kil\u0259rin t\u0259yin edilm\u0259si haqq\u0131nda q\u0259rar\u0131n r\u0259smi d\u0259rc edildiyi g\u00fcnd\u0259n ba\u015flayaraq se\u00e7kil\u0259rin ke\u00e7irilm\u0259sin\u0259&hellip;<\/p>\n","protected":false},"author":2,"featured_media":108752,"comment_status":"closed","ping_status":"closed","sticky":false,"template":"","format":"standard","meta":{"om_disable_all_campaigns":false,"_monsterinsights_skip_tracking":false,"_monsterinsights_sitenote_active":false,"_monsterinsights_sitenote_note":"","_monsterinsights_sitenote_category":0},"categories":[4],"tags":[],"aioseo_notices":[],"gutentor_comment":0,"rttpg_featured_image_url":{"full":["https:\/\/arantv.az\/wp-content\/uploads\/2019\/12\/811385.jpg",800,600,false],"landscape":["https:\/\/arantv.az\/wp-content\/uploads\/2019\/12\/811385.jpg",800,600,false],"portraits":["https:\/\/arantv.az\/wp-content\/uploads\/2019\/12\/811385.jpg",800,600,false],"thumbnail":["https:\/\/arantv.az\/wp-content\/uploads\/2019\/12\/811385-150x150.jpg",150,150,true],"medium":["https:\/\/arantv.az\/wp-content\/uploads\/2019\/12\/811385-300x225.jpg",300,225,true],"large":["https:\/\/arantv.az\/wp-content\/uploads\/2019\/12\/811385.jpg",640,480,false],"1536x1536":["https:\/\/arantv.az\/wp-content\/uploads\/2019\/12\/811385.jpg",800,600,false],"2048x2048":["https:\/\/arantv.az\/wp-content\/uploads\/2019\/12\/811385.jpg",800,600,false],"post-thumbnail":["https:\/\/arantv.az\/wp-content\/uploads\/2019\/12\/811385-240x172.jpg",240,172,true],"advps-thumb-one":["https:\/\/arantv.az\/wp-content\/uploads\/2019\/12\/811385.jpg",800,600,false]},"rttpg_author":{"display_name":"V\u00fcsal Rafiqo\u011flu","author_link":"https:\/\/arantv.az\/?author=2"},"rttpg_comment":0,"rttpg_category":"<a href=\"https:\/\/arantv.az\/?cat=4\" rel=\"category\">Siyas\u0259t<\/a>","rttpg_excerpt":"Az\u0259rbaycanda dekabr\u0131n 23-\u0259 t\u0259yin edilmi\u015f b\u0259l\u0259diyy\u0259 se\u00e7kil\u0259ri zaman\u0131 m\u00fc\u0259yy\u0259n se\u00e7ki dair\u0259sinin h\u00fcdudlar\u0131nda m\u00fc\u015fahid\u0259 apar\u0131lmas\u0131 \u00fc\u00e7\u00fcn \u0259riz\u0259l\u0259rin m\u00fcvafiq dair\u0259 se\u00e7ki komissiyas\u0131na t\u0259qdim edilm\u0259si m\u00fcdd\u0259ti bu g\u00fcn ba\u015fa \u00e7at\u0131r. ARANTV.AZ\u00a0\u00a0Trend-\u0259 istinad\u0259n x\u0259b\u0259r verir ki, Az\u0259rbaycan Respublikas\u0131nda b\u0259l\u0259diyy\u0259 se\u00e7kil\u0259rinin haz\u0131rlan\u0131b ke\u00e7irilm\u0259si \u00fczr\u0259 \u0259sas h\u0259r\u0259k\u0259t v\u0259 t\u0259dbirl\u0259rin T\u0259qvim Plan\u0131na \u0259sas\u0259n, aktiv se\u00e7ki h\u00fcququna malik Az\u0259rbaycan Respublikas\u0131n\u0131n v\u0259t\u0259nda\u015f\u0131 (\u00f6z t\u0259\u015f\u0259bb\u00fcs\u00fc&hellip;","_links":{"self":[{"href":"https:\/\/arantv.az\/index.php?rest_route=\/wp\/v2\/posts\/108751"}],"collection":[{"href":"https:\/\/arantv.az\/index.php?rest_route=\/wp\/v2\/posts"}],"about":[{"href":"https:\/\/arantv.az\/index.php?rest_route=\/wp\/v2\/types\/post"}],"author":[{"embeddable":true,"href":"https:\/\/arantv.az\/index.php?rest_route=\/wp\/v2\/users\/2"}],"replies":[{"embeddable":true,"href":"https:\/\/arantv.az\/index.php?rest_route=%2Fwp%2Fv2%2Fcomments&post=108751"}],"version-history":[{"count":0,"href":"https:\/\/arantv.az\/index.php?rest_route=\/wp\/v2\/posts\/108751\/revisions"}],"wp:featuredmedia":[{"embeddable":true,"href":"https:\/\/arantv.az\/index.php?rest_route=\/wp\/v2\/media\/108752"}],"wp:attachment":[{"href":"https:\/\/arantv.az\/index.php?rest_route=%2Fwp%2Fv2%2Fmedia&parent=108751"}],"wp:term":[{"taxonomy":"category","embeddable":true,"href":"https:\/\/arantv.az\/index.php?rest_route=%2Fwp%2Fv2%2Fcategories&post=108751"},{"taxonomy":"post_tag","embeddable":true,"href":"https:\/\/arantv.az\/index.php?rest_route=%2Fwp%2Fv2%2Ftags&post=108751"}],"curies":[{"name":"wp","href":"https:\/\/api.w.org\/{rel}","templated":true}]}}