{"id":108755,"date":"2019-12-18T10:25:47","date_gmt":"2019-12-18T07:25:47","guid":{"rendered":"http:\/\/arantv.az\/?p=108755"},"modified":"2019-12-18T10:25:47","modified_gmt":"2019-12-18T07:25:47","slug":"az%c9%99rbaycanda-olum-s%c9%99viyy%c9%99si-azalib","status":"publish","type":"post","link":"https:\/\/arantv.az\/?p=108755","title":{"rendered":"Az\u0259rbaycanda \u00f6l\u00fcm s\u0259viyy\u0259si azal\u0131b"},"content":{"rendered":"<p>2019-cu ilin 10 ay\u0131nda Az\u0259rbaycanda 46403 \u00f6l\u00fcm hal\u0131 qeyd\u0259 al\u0131n\u0131b.<\/p>\n<p><strong>ARANTV.AZ<\/strong>\u00a0\u00a0<a href=\"https:\/\/az.trend.az\/\" target=\"_blank\" rel=\"noopener\">Trend<\/a>-\u0259 istinad\u0259n x\u0259b\u0259r verir ki, \u00f6t\u0259n ilin m\u00fcvafiq d\u00f6vr\u00fc il\u0259 m\u00fcqayis\u0259d\u0259 \u0259halinin h\u0259r 1000 n\u0259f\u0259rin\u0259 \u00f6l\u00fcm s\u0259viyy\u0259si 5,9-dan 5,6-ya d\u00fc\u015f\u00fcb.<\/p>\n<p>Cari ilin yanvar-oktyabr aylar\u0131 \u0259rzind\u0259 \u018fdliyy\u0259 Nazirliyinin rayon (\u015f\u0259h\u0259r) qeydiyyat \u015f\u00f6b\u0259l\u0259ri t\u0259r\u0259find\u0259n 117 752 do\u011fulan k\u00f6rp\u0259 qeyd\u0259 al\u0131n\u0131b.<\/p>\n<p>\u00dcmumilikd\u0259, ilin \u0259vv\u0259lind\u0259n Az\u0259rbaycan \u00fczr\u0259 \u0259halinin say\u0131 71688 n\u0259f\u0259r v\u0259 ya 0,7 faiz artaraq 2019-cu il noyabr ay\u0131n\u0131n 1-i v\u0259ziyy\u0259tin\u0259 10 053 145 n\u0259f\u0259r\u0259 \u00e7at\u0131b.<\/p>\n","protected":false},"excerpt":{"rendered":"<p>2019-cu ilin 10 ay\u0131nda Az\u0259rbaycanda 46403 \u00f6l\u00fcm hal\u0131 qeyd\u0259 al\u0131n\u0131b. ARANTV.AZ\u00a0\u00a0Trend-\u0259 istinad\u0259n x\u0259b\u0259r verir ki, \u00f6t\u0259n ilin m\u00fcvafiq d\u00f6vr\u00fc il\u0259 m\u00fcqayis\u0259d\u0259 \u0259halinin h\u0259r 1000 n\u0259f\u0259rin\u0259 \u00f6l\u00fcm s\u0259viyy\u0259si 5,9-dan 5,6-ya d\u00fc\u015f\u00fcb. Cari ilin yanvar-oktyabr aylar\u0131 \u0259rzind\u0259 \u018fdliyy\u0259 Nazirliyinin rayon (\u015f\u0259h\u0259r) qeydiyyat \u015f\u00f6b\u0259l\u0259ri t\u0259r\u0259find\u0259n 117 752 do\u011fulan k\u00f6rp\u0259 qeyd\u0259 al\u0131n\u0131b. \u00dcmumilikd\u0259, ilin \u0259vv\u0259lind\u0259n Az\u0259rbaycan \u00fczr\u0259 \u0259halinin say\u0131 71688 n\u0259f\u0259r v\u0259 ya 0,7 faiz artaraq 2019-cu il noyabr ay\u0131n\u0131n 1-i v\u0259ziyy\u0259tin\u0259 10 053 145 n\u0259f\u0259r\u0259 \u00e7at\u0131b.<\/p>\n","protected":false},"author":2,"featured_media":108756,"comment_status":"closed","ping_status":"closed","sticky":false,"template":"","format":"standard","meta":{"om_disable_all_campaigns":false,"_monsterinsights_skip_tracking":false,"_monsterinsights_sitenote_active":false,"_monsterinsights_sitenote_note":"","_monsterinsights_sitenote_category":0},"categories":[1],"tags":[],"aioseo_notices":[],"gutentor_comment":0,"rttpg_featured_image_url":{"full":["https:\/\/arantv.az\/wp-content\/uploads\/2019\/12\/meyid_morq_0124.jpg",800,600,false],"landscape":["https:\/\/arantv.az\/wp-content\/uploads\/2019\/12\/meyid_morq_0124.jpg",800,600,false],"portraits":["https:\/\/arantv.az\/wp-content\/uploads\/2019\/12\/meyid_morq_0124.jpg",800,600,false],"thumbnail":["https:\/\/arantv.az\/wp-content\/uploads\/2019\/12\/meyid_morq_0124-150x150.jpg",150,150,true],"medium":["https:\/\/arantv.az\/wp-content\/uploads\/2019\/12\/meyid_morq_0124-300x225.jpg",300,225,true],"large":["https:\/\/arantv.az\/wp-content\/uploads\/2019\/12\/meyid_morq_0124.jpg",640,480,false],"1536x1536":["https:\/\/arantv.az\/wp-content\/uploads\/2019\/12\/meyid_morq_0124.jpg",800,600,false],"2048x2048":["https:\/\/arantv.az\/wp-content\/uploads\/2019\/12\/meyid_morq_0124.jpg",800,600,false],"post-thumbnail":["https:\/\/arantv.az\/wp-content\/uploads\/2019\/12\/meyid_morq_0124-240x172.jpg",240,172,true],"advps-thumb-one":["https:\/\/arantv.az\/wp-content\/uploads\/2019\/12\/meyid_morq_0124.jpg",800,600,false]},"rttpg_author":{"display_name":"V\u00fcsal Rafiqo\u011flu","author_link":"https:\/\/arantv.az\/?author=2"},"rttpg_comment":0,"rttpg_category":"<a href=\"https:\/\/arantv.az\/?cat=1\" rel=\"category\">C\u0259miyy\u0259t<\/a>","rttpg_excerpt":"2019-cu ilin 10 ay\u0131nda Az\u0259rbaycanda 46403 \u00f6l\u00fcm hal\u0131 qeyd\u0259 al\u0131n\u0131b. ARANTV.AZ\u00a0\u00a0Trend-\u0259 istinad\u0259n x\u0259b\u0259r verir ki, \u00f6t\u0259n ilin m\u00fcvafiq d\u00f6vr\u00fc il\u0259 m\u00fcqayis\u0259d\u0259 \u0259halinin h\u0259r 1000 n\u0259f\u0259rin\u0259 \u00f6l\u00fcm s\u0259viyy\u0259si 5,9-dan 5,6-ya d\u00fc\u015f\u00fcb. Cari ilin yanvar-oktyabr aylar\u0131 \u0259rzind\u0259 \u018fdliyy\u0259 Nazirliyinin rayon (\u015f\u0259h\u0259r) qeydiyyat \u015f\u00f6b\u0259l\u0259ri t\u0259r\u0259find\u0259n 117 752 do\u011fulan k\u00f6rp\u0259 qeyd\u0259 al\u0131n\u0131b. \u00dcmumilikd\u0259, ilin \u0259vv\u0259lind\u0259n Az\u0259rbaycan \u00fczr\u0259 \u0259halinin say\u0131&hellip;","_links":{"self":[{"href":"https:\/\/arantv.az\/index.php?rest_route=\/wp\/v2\/posts\/108755"}],"collection":[{"href":"https:\/\/arantv.az\/index.php?rest_route=\/wp\/v2\/posts"}],"about":[{"href":"https:\/\/arantv.az\/index.php?rest_route=\/wp\/v2\/types\/post"}],"author":[{"embeddable":true,"href":"https:\/\/arantv.az\/index.php?rest_route=\/wp\/v2\/users\/2"}],"replies":[{"embeddable":true,"href":"https:\/\/arantv.az\/index.php?rest_route=%2Fwp%2Fv2%2Fcomments&post=108755"}],"version-history":[{"count":0,"href":"https:\/\/arantv.az\/index.php?rest_route=\/wp\/v2\/posts\/108755\/revisions"}],"wp:featuredmedia":[{"embeddable":true,"href":"https:\/\/arantv.az\/index.php?rest_route=\/wp\/v2\/media\/108756"}],"wp:attachment":[{"href":"https:\/\/arantv.az\/index.php?rest_route=%2Fwp%2Fv2%2Fmedia&parent=108755"}],"wp:term":[{"taxonomy":"category","embeddable":true,"href":"https:\/\/arantv.az\/index.php?rest_route=%2Fwp%2Fv2%2Fcategories&post=108755"},{"taxonomy":"post_tag","embeddable":true,"href":"https:\/\/arantv.az\/index.php?rest_route=%2Fwp%2Fv2%2Ftags&post=108755"}],"curies":[{"name":"wp","href":"https:\/\/api.w.org\/{rel}","templated":true}]}}