{"id":108797,"date":"2019-12-18T10:59:48","date_gmt":"2019-12-18T07:59:48","guid":{"rendered":"http:\/\/arantv.az\/?p=108797"},"modified":"2019-12-18T10:59:48","modified_gmt":"2019-12-18T07:59:48","slug":"pensiyalarla-bagli-%c9%99haliy%c9%99-sad-x%c9%99b%c9%99r-g%c9%99l%c9%99n-aydan-etibar%c9%99n","status":"publish","type":"post","link":"https:\/\/arantv.az\/?p=108797","title":{"rendered":"Pensiyalarla ba\u011fl\u0131 \u0259haliy\u0259 \u015eAD X\u018fB\u018fR: g\u0259l\u0259n aydan etibar\u0259n&#8230;"},"content":{"rendered":"<p><strong>\u201cPensiya alan v\u0259t\u0259nda\u015f\u0131m\u0131z\u0131n ald\u0131\u011f\u0131 pensiya m\u0259bl\u0259\u011fi art\u0131q g\u0259l\u0259n aydan indeksasiya olunacaq v\u0259 yanvar ay\u0131nda pensiya\u00e7\u0131lar art\u0131r\u0131lm\u0131\u015f m\u0259bl\u0259\u011fi alacaqlar\u201d.<\/strong><\/p>\n<p><b>ARANTV.AZ\u00a0<\/b>x\u0259b\u0259r verir ki, bunu Sosial v\u0259 \u0130qtisadi \u0130nki\u015faf M\u0259rk\u0259zinin (CESD) r\u0259hb\u0259ri V\u00fcqar Bayramov qeyd edib.<\/p>\n<p><img loading=\"lazy\" src=\"https:\/\/publika.az\/storage\/2018\/07\/17\/vuqar-bayramov.jpg\" alt=\"\" width=\"600\" height=\"358\" \/><\/p>\n<p>\u0130qtisad\u00e7\u0131 ekspert bildirib ki, son g\u00fcnl\u0259r CESD-\u0259 pensiya m\u0259bl\u0259\u011fl\u0259rinin nec\u0259 indeksasiya olunaca\u011f\u0131 il\u0259 ba\u011fl\u0131 daha \u00e7ox suallar \u00fcnvanlan\u0131r: \u201cQeyd ed\u0259k ki, h\u0259r ilin yanvar\u0131nda pensiya v\u0259 el\u0259c\u0259 d\u0259 pensiya kapital\u0131n\u0131n indeksasyas\u0131 h\u0259yata ke\u00e7irilir. M\u00f6vcud qanunvericiliy\u0259 \u0259sas\u0259n, pensiya m\u0259bl\u0259\u011fl\u0259ri \u0259vv\u0259lki ild\u0259 orta ayl\u0131q \u0259m\u0259k haqq\u0131dak\u0131 art\u0131mlara, pensiya kapital\u0131 is\u0259 infilyasiya s\u0259viyy\u0259sin\u0259 uy\u011fun olaraq indeksasiya olunur. Bu o dem\u0259kdir ki, pensiya alan v\u0259t\u0259nda\u015f\u0131m\u0131z\u0131n ald\u0131\u011f\u0131 pensiya m\u0259bl\u0259\u011fi art\u0131q g\u0259l\u0259n aydan indeksasiya olunacaq v\u0259 yanvar ay\u0131nda pensiya\u00e7\u0131lar art\u0131r\u0131lm\u0131\u015f m\u0259bl\u0259\u011fi alacaqlar. Pensiya kapital\u0131 olan, amma h\u0259l\u0259lik pensiya ya\u015f\u0131 \u00e7atmayan v\u0259t\u0259nda\u015flar\u0131m\u0131z y\u0131\u011f\u0131m\u0131 is\u0259 infilyasiya g\u00f6st\u0259ricisi il\u0259 indeksasiya olunub art\u0131r\u0131lacaq\u201d.<\/p>\n<p>Ekspert qeyd edib ki, h\u0259l\u0259lik, pensiya m\u0259bl\u0259\u011fl\u0259rinin indeksasiya m\u0259bl\u0259\u011fi d\u0259qiql\u0259\u015fm\u0259yib: \u201c\u00c7\u00fcnki bu r\u0259q\u0259m il ba\u015fa \u00e7atandan sonra m\u00fc\u0259yy\u0259nl\u0259\u015fir. G\u00f6zl\u0259nilir ki, 2020-ci il yanvar\u0131n ikinci yar\u0131s\u0131 D\u00f6vl\u0259t Statistika Komit\u0259si orta ayl\u0131q \u0259m\u0259k haqq\u0131dak\u0131 r\u0259smi art\u0131m\u0131 elan etdikd\u0259n sonra pensiya m\u0259bl\u0259\u011fl\u0259ri indeksasiya olunaraq art\u0131r\u0131lacaq\u201d.<\/p>\n<p>Qeyd ed\u0259k ki, bu ilin yanvar-sentyabr aylar\u0131nda orta ayl\u0131q \u0259m\u0259k haqq\u0131 5,6 faiz art\u0131b.Publika.az<\/p>\n","protected":false},"excerpt":{"rendered":"<p>\u201cPensiya alan v\u0259t\u0259nda\u015f\u0131m\u0131z\u0131n ald\u0131\u011f\u0131 pensiya m\u0259bl\u0259\u011fi art\u0131q g\u0259l\u0259n aydan indeksasiya olunacaq v\u0259 yanvar ay\u0131nda pensiya\u00e7\u0131lar art\u0131r\u0131lm\u0131\u015f m\u0259bl\u0259\u011fi alacaqlar\u201d. ARANTV.AZ\u00a0x\u0259b\u0259r verir ki, bunu Sosial v\u0259 \u0130qtisadi \u0130nki\u015faf M\u0259rk\u0259zinin (CESD) r\u0259hb\u0259ri V\u00fcqar Bayramov qeyd edib. \u0130qtisad\u00e7\u0131 ekspert bildirib ki, son g\u00fcnl\u0259r CESD-\u0259 pensiya m\u0259bl\u0259\u011fl\u0259rinin nec\u0259 indeksasiya olunaca\u011f\u0131 il\u0259 ba\u011fl\u0131 daha \u00e7ox suallar \u00fcnvanlan\u0131r: \u201cQeyd ed\u0259k ki, h\u0259r ilin yanvar\u0131nda pensiya v\u0259 el\u0259c\u0259 d\u0259 pensiya kapital\u0131n\u0131n indeksasyas\u0131 h\u0259yata ke\u00e7irilir. M\u00f6vcud qanunvericiliy\u0259 \u0259sas\u0259n, pensiya m\u0259bl\u0259\u011fl\u0259ri \u0259vv\u0259lki ild\u0259 orta ayl\u0131q \u0259m\u0259k haqq\u0131dak\u0131 art\u0131mlara, pensiya kapital\u0131 is\u0259 infilyasiya s\u0259viyy\u0259sin\u0259 uy\u011fun olaraq indeksasiya olunur. Bu o dem\u0259kdir&hellip;<\/p>\n","protected":false},"author":2,"featured_media":108798,"comment_status":"closed","ping_status":"closed","sticky":false,"template":"","format":"standard","meta":{"om_disable_all_campaigns":false,"_monsterinsights_skip_tracking":false,"_monsterinsights_sitenote_active":false,"_monsterinsights_sitenote_note":"","_monsterinsights_sitenote_category":0},"categories":[1],"tags":[],"aioseo_notices":[],"gutentor_comment":0,"rttpg_featured_image_url":{"full":["https:\/\/arantv.az\/wp-content\/uploads\/2019\/12\/pensiya_874.jpg",800,450,false],"landscape":["https:\/\/arantv.az\/wp-content\/uploads\/2019\/12\/pensiya_874.jpg",800,450,false],"portraits":["https:\/\/arantv.az\/wp-content\/uploads\/2019\/12\/pensiya_874.jpg",800,450,false],"thumbnail":["https:\/\/arantv.az\/wp-content\/uploads\/2019\/12\/pensiya_874-150x150.jpg",150,150,true],"medium":["https:\/\/arantv.az\/wp-content\/uploads\/2019\/12\/pensiya_874-300x169.jpg",300,169,true],"large":["https:\/\/arantv.az\/wp-content\/uploads\/2019\/12\/pensiya_874.jpg",640,360,false],"1536x1536":["https:\/\/arantv.az\/wp-content\/uploads\/2019\/12\/pensiya_874.jpg",800,450,false],"2048x2048":["https:\/\/arantv.az\/wp-content\/uploads\/2019\/12\/pensiya_874.jpg",800,450,false],"post-thumbnail":["https:\/\/arantv.az\/wp-content\/uploads\/2019\/12\/pensiya_874-240x172.jpg",240,172,true],"advps-thumb-one":["https:\/\/arantv.az\/wp-content\/uploads\/2019\/12\/pensiya_874.jpg",800,450,false]},"rttpg_author":{"display_name":"V\u00fcsal Rafiqo\u011flu","author_link":"https:\/\/arantv.az\/?author=2"},"rttpg_comment":0,"rttpg_category":"<a href=\"https:\/\/arantv.az\/?cat=1\" rel=\"category\">C\u0259miyy\u0259t<\/a>","rttpg_excerpt":"\u201cPensiya alan v\u0259t\u0259nda\u015f\u0131m\u0131z\u0131n ald\u0131\u011f\u0131 pensiya m\u0259bl\u0259\u011fi art\u0131q g\u0259l\u0259n aydan indeksasiya olunacaq v\u0259 yanvar ay\u0131nda pensiya\u00e7\u0131lar art\u0131r\u0131lm\u0131\u015f m\u0259bl\u0259\u011fi alacaqlar\u201d. ARANTV.AZ\u00a0x\u0259b\u0259r verir ki, bunu Sosial v\u0259 \u0130qtisadi \u0130nki\u015faf M\u0259rk\u0259zinin (CESD) r\u0259hb\u0259ri V\u00fcqar Bayramov qeyd edib. \u0130qtisad\u00e7\u0131 ekspert bildirib ki, son g\u00fcnl\u0259r CESD-\u0259 pensiya m\u0259bl\u0259\u011fl\u0259rinin nec\u0259 indeksasiya olunaca\u011f\u0131 il\u0259 ba\u011fl\u0131 daha \u00e7ox suallar \u00fcnvanlan\u0131r: \u201cQeyd ed\u0259k ki, h\u0259r&hellip;","_links":{"self":[{"href":"https:\/\/arantv.az\/index.php?rest_route=\/wp\/v2\/posts\/108797"}],"collection":[{"href":"https:\/\/arantv.az\/index.php?rest_route=\/wp\/v2\/posts"}],"about":[{"href":"https:\/\/arantv.az\/index.php?rest_route=\/wp\/v2\/types\/post"}],"author":[{"embeddable":true,"href":"https:\/\/arantv.az\/index.php?rest_route=\/wp\/v2\/users\/2"}],"replies":[{"embeddable":true,"href":"https:\/\/arantv.az\/index.php?rest_route=%2Fwp%2Fv2%2Fcomments&post=108797"}],"version-history":[{"count":0,"href":"https:\/\/arantv.az\/index.php?rest_route=\/wp\/v2\/posts\/108797\/revisions"}],"wp:featuredmedia":[{"embeddable":true,"href":"https:\/\/arantv.az\/index.php?rest_route=\/wp\/v2\/media\/108798"}],"wp:attachment":[{"href":"https:\/\/arantv.az\/index.php?rest_route=%2Fwp%2Fv2%2Fmedia&parent=108797"}],"wp:term":[{"taxonomy":"category","embeddable":true,"href":"https:\/\/arantv.az\/index.php?rest_route=%2Fwp%2Fv2%2Fcategories&post=108797"},{"taxonomy":"post_tag","embeddable":true,"href":"https:\/\/arantv.az\/index.php?rest_route=%2Fwp%2Fv2%2Ftags&post=108797"}],"curies":[{"name":"wp","href":"https:\/\/api.w.org\/{rel}","templated":true}]}}