{"id":108841,"date":"2019-12-18T11:33:49","date_gmt":"2019-12-18T08:33:49","guid":{"rendered":"http:\/\/arantv.az\/?p=108841"},"modified":"2019-12-18T11:33:49","modified_gmt":"2019-12-18T08:33:49","slug":"bakida-sicanlarin-m%c9%99sk%c9%99n-saldigi-m%c9%99shur-restoranla-bagli-arasdirma-basladi-r%c9%99smi","status":"publish","type":"post","link":"https:\/\/arantv.az\/?p=108841","title":{"rendered":"Bak\u0131da si\u00e7anlar\u0131n m\u0259sk\u0259n sald\u0131\u011f\u0131 m\u0259\u015fhur restoranla ba\u011fl\u0131 ara\u015fd\u0131rma ba\u015flad\u0131 &#8211; R\u018fSM\u0130"},"content":{"rendered":"<p>Az\u0259rbaycan Qida T\u0259hl\u00fck\u0259sizliyi Agentliyi Bak\u0131da m\u0259\u015fhur restoranda si\u00e7anlar\u0131n g\u00f6r\u00fcnt\u00fcl\u0259nm\u0259si il\u0259 ba\u011fl\u0131 m\u0259lumatlara m\u00fcnasib\u0259t bildirib.<\/p>\n<p>Agentlikd\u0259n<strong>\u00a0<\/strong>Oxu.Az-\u0131n sor\u011fusuna cavab olaraq qeyd edilib ki, s\u00f6z\u00fcged\u0259n m\u0259s\u0259l\u0259 il\u0259 ba\u011fl\u0131 m\u0259lumatlar mediadan g\u00f6t\u00fcr\u00fcl\u0259r\u0259k d\u0259rhal ara\u015fd\u0131rmalara ba\u015flan\u0131l\u0131b:<\/p>\n<p>\u201cHaz\u0131rda bu istiqam\u0259td\u0259 m\u00fct\u0259x\u0259ssisl\u0259r t\u0259r\u0259find\u0259n ara\u015fd\u0131rmalar apar\u0131l\u0131r. Ara\u015fd\u0131rmalar yekunla\u015fd\u0131qdan sonra\u00a0 n\u0259tic\u0259l\u0259ri il\u0259 ba\u011fl\u0131 \u0259trafl\u0131 m\u0259lumat veril\u0259c\u0259k\u201d.<\/p>\n<div id=\"AdviadNativeVideo0\" class=\"AdviadNativeVideo\"><\/div>\n<p>Xat\u0131rladaq ki, d\u00fcn\u0259n\u00a0Oxu.Az-\u0131n redaksiyas\u0131na Bak\u0131dak\u0131 restoranlardan birind\u0259 antisanitar \u015f\u0259raitin h\u00f6km s\u00fcrm\u0259sin\u0259 dair fotolar daxil olub.<\/p>\n<p>\u201cSofra\u201d restoran\u0131n\u0131n m\u0259tb\u0259xind\u0259 m\u0259i\u015f\u0259t \u0259\u015fyalar\u0131n\u0131n i\u00e7ind\u0259 si\u00e7anlar m\u0259sk\u0259n sal\u0131blar.<\/p>\n<p>Fotolardan ayd\u0131n olur ki, heyvanlar burada \u00f6zl\u0259rini he\u00e7 d\u0259 yad kimi hiss etmirl\u0259r.<\/p>\n","protected":false},"excerpt":{"rendered":"<p>Az\u0259rbaycan Qida T\u0259hl\u00fck\u0259sizliyi Agentliyi Bak\u0131da m\u0259\u015fhur restoranda si\u00e7anlar\u0131n g\u00f6r\u00fcnt\u00fcl\u0259nm\u0259si il\u0259 ba\u011fl\u0131 m\u0259lumatlara m\u00fcnasib\u0259t bildirib. Agentlikd\u0259n\u00a0Oxu.Az-\u0131n sor\u011fusuna cavab olaraq qeyd edilib ki, s\u00f6z\u00fcged\u0259n m\u0259s\u0259l\u0259 il\u0259 ba\u011fl\u0131 m\u0259lumatlar mediadan g\u00f6t\u00fcr\u00fcl\u0259r\u0259k d\u0259rhal ara\u015fd\u0131rmalara ba\u015flan\u0131l\u0131b: \u201cHaz\u0131rda bu istiqam\u0259td\u0259 m\u00fct\u0259x\u0259ssisl\u0259r t\u0259r\u0259find\u0259n ara\u015fd\u0131rmalar apar\u0131l\u0131r. Ara\u015fd\u0131rmalar yekunla\u015fd\u0131qdan sonra\u00a0 n\u0259tic\u0259l\u0259ri il\u0259 ba\u011fl\u0131 \u0259trafl\u0131 m\u0259lumat veril\u0259c\u0259k\u201d. Xat\u0131rladaq ki, d\u00fcn\u0259n\u00a0Oxu.Az-\u0131n redaksiyas\u0131na Bak\u0131dak\u0131 restoranlardan birind\u0259 antisanitar \u015f\u0259raitin h\u00f6km s\u00fcrm\u0259sin\u0259 dair fotolar daxil olub. \u201cSofra\u201d restoran\u0131n\u0131n m\u0259tb\u0259xind\u0259 m\u0259i\u015f\u0259t \u0259\u015fyalar\u0131n\u0131n i\u00e7ind\u0259 si\u00e7anlar m\u0259sk\u0259n sal\u0131blar. Fotolardan ayd\u0131n olur ki, heyvanlar burada \u00f6zl\u0259rini he\u00e7 d\u0259 yad kimi hiss etmirl\u0259r.<\/p>\n","protected":false},"author":2,"featured_media":108842,"comment_status":"closed","ping_status":"closed","sticky":false,"template":"","format":"standard","meta":{"om_disable_all_campaigns":false,"_monsterinsights_skip_tracking":false,"_monsterinsights_sitenote_active":false,"_monsterinsights_sitenote_note":"","_monsterinsights_sitenote_category":0},"categories":[1],"tags":[],"aioseo_notices":[],"gutentor_comment":0,"rttpg_featured_image_url":{"full":["https:\/\/arantv.az\/wp-content\/uploads\/2019\/12\/si\u00c3\u00a7an.jpg",620,349,false],"landscape":["https:\/\/arantv.az\/wp-content\/uploads\/2019\/12\/si\u00c3\u00a7an.jpg",620,349,false],"portraits":["https:\/\/arantv.az\/wp-content\/uploads\/2019\/12\/si\u00c3\u00a7an.jpg",620,349,false],"thumbnail":["https:\/\/arantv.az\/wp-content\/uploads\/2019\/12\/si\u00c3\u00a7an-150x150.jpg",150,150,true],"medium":["https:\/\/arantv.az\/wp-content\/uploads\/2019\/12\/si\u00c3\u00a7an-300x169.jpg",300,169,true],"large":["https:\/\/arantv.az\/wp-content\/uploads\/2019\/12\/si\u00c3\u00a7an.jpg",620,349,false],"1536x1536":["https:\/\/arantv.az\/wp-content\/uploads\/2019\/12\/si\u00c3\u00a7an.jpg",620,349,false],"2048x2048":["https:\/\/arantv.az\/wp-content\/uploads\/2019\/12\/si\u00c3\u00a7an.jpg",620,349,false],"post-thumbnail":["https:\/\/arantv.az\/wp-content\/uploads\/2019\/12\/si\u00c3\u00a7an-240x172.jpg",240,172,true],"advps-thumb-one":["https:\/\/arantv.az\/wp-content\/uploads\/2019\/12\/si\u00c3\u00a7an.jpg",620,349,false]},"rttpg_author":{"display_name":"V\u00fcsal Rafiqo\u011flu","author_link":"https:\/\/arantv.az\/?author=2"},"rttpg_comment":0,"rttpg_category":"<a href=\"https:\/\/arantv.az\/?cat=1\" rel=\"category\">C\u0259miyy\u0259t<\/a>","rttpg_excerpt":"Az\u0259rbaycan Qida T\u0259hl\u00fck\u0259sizliyi Agentliyi Bak\u0131da m\u0259\u015fhur restoranda si\u00e7anlar\u0131n g\u00f6r\u00fcnt\u00fcl\u0259nm\u0259si il\u0259 ba\u011fl\u0131 m\u0259lumatlara m\u00fcnasib\u0259t bildirib. Agentlikd\u0259n\u00a0Oxu.Az-\u0131n sor\u011fusuna cavab olaraq qeyd edilib ki, s\u00f6z\u00fcged\u0259n m\u0259s\u0259l\u0259 il\u0259 ba\u011fl\u0131 m\u0259lumatlar mediadan g\u00f6t\u00fcr\u00fcl\u0259r\u0259k d\u0259rhal ara\u015fd\u0131rmalara ba\u015flan\u0131l\u0131b: \u201cHaz\u0131rda bu istiqam\u0259td\u0259 m\u00fct\u0259x\u0259ssisl\u0259r t\u0259r\u0259find\u0259n ara\u015fd\u0131rmalar apar\u0131l\u0131r. Ara\u015fd\u0131rmalar yekunla\u015fd\u0131qdan sonra\u00a0 n\u0259tic\u0259l\u0259ri il\u0259 ba\u011fl\u0131 \u0259trafl\u0131 m\u0259lumat veril\u0259c\u0259k\u201d. Xat\u0131rladaq ki, d\u00fcn\u0259n\u00a0Oxu.Az-\u0131n redaksiyas\u0131na Bak\u0131dak\u0131 restoranlardan birind\u0259 antisanitar&hellip;","_links":{"self":[{"href":"https:\/\/arantv.az\/index.php?rest_route=\/wp\/v2\/posts\/108841"}],"collection":[{"href":"https:\/\/arantv.az\/index.php?rest_route=\/wp\/v2\/posts"}],"about":[{"href":"https:\/\/arantv.az\/index.php?rest_route=\/wp\/v2\/types\/post"}],"author":[{"embeddable":true,"href":"https:\/\/arantv.az\/index.php?rest_route=\/wp\/v2\/users\/2"}],"replies":[{"embeddable":true,"href":"https:\/\/arantv.az\/index.php?rest_route=%2Fwp%2Fv2%2Fcomments&post=108841"}],"version-history":[{"count":0,"href":"https:\/\/arantv.az\/index.php?rest_route=\/wp\/v2\/posts\/108841\/revisions"}],"wp:featuredmedia":[{"embeddable":true,"href":"https:\/\/arantv.az\/index.php?rest_route=\/wp\/v2\/media\/108842"}],"wp:attachment":[{"href":"https:\/\/arantv.az\/index.php?rest_route=%2Fwp%2Fv2%2Fmedia&parent=108841"}],"wp:term":[{"taxonomy":"category","embeddable":true,"href":"https:\/\/arantv.az\/index.php?rest_route=%2Fwp%2Fv2%2Fcategories&post=108841"},{"taxonomy":"post_tag","embeddable":true,"href":"https:\/\/arantv.az\/index.php?rest_route=%2Fwp%2Fv2%2Ftags&post=108841"}],"curies":[{"name":"wp","href":"https:\/\/api.w.org\/{rel}","templated":true}]}}