{"id":108845,"date":"2019-12-18T11:35:19","date_gmt":"2019-12-18T08:35:19","guid":{"rendered":"http:\/\/arantv.az\/?p=108845"},"modified":"2019-12-18T11:35:19","modified_gmt":"2019-12-18T08:35:19","slug":"yap-da-iclas-uc-n%c9%99f%c9%99r-yeni-v%c9%99zif%c9%99y%c9%99-g%c9%99tirildi","status":"publish","type":"post","link":"https:\/\/arantv.az\/?p=108845","title":{"rendered":"YAP-da iclas \u2013 \u00dc\u00e7 n\u0259f\u0259r yeni v\u0259zif\u0259y\u0259 g\u0259tirildi"},"content":{"rendered":"<p>Yeni Az\u0259rbaycan Partiyas\u0131 (YAP) \u0130cra Katibliyi ilk t\u0259\u015fkilat\u0131n\u0131n iclas\u0131 ke\u00e7irilib.<\/p>\n<p><b>ARANTV.AZ<\/b>-\u0131n m\u0259lumat\u0131na g\u00f6r\u0259, iclasda \u00e7\u0131x\u0131\u015f ed\u0259n YAP icra katibinin m\u00fcavini Siyavu\u015f Novruzov ilk t\u0259\u015fkilat\u0131n \u00f6t\u0259n m\u00fcdd\u0259t \u00fczr\u0259 hesabat\u0131n\u0131 s\u0259sl\u0259ndirib.<\/p>\n<p>O, ilk t\u0259\u015fkilatlar\u0131n\u0131n f\u0259aliyy\u0259tinin daha da g\u00fccl\u0259ndiril\u0259c\u0259yini, \u00e7evikliyinin art\u0131r\u0131laca\u011f\u0131n\u0131 bildirib.<\/p>\n<div id=\"AdviadNativeVideo0\" class=\"AdviadNativeVideo\"><\/div>\n<p>S.Novruzov\u00a0partiyan\u0131n qar\u015f\u0131dan g\u0259l\u0259n b\u0259l\u0259diyy\u0259 v\u0259 parlament se\u00e7kil\u0259rin\u0259 d\u0259 y\u00fcks\u0259k s\u0259viyy\u0259d\u0259 haz\u0131rla\u015fd\u0131\u011f\u0131n\u0131 bildirib.<\/p>\n<p>\u0130clasda t\u0259\u015fkilati m\u0259s\u0259l\u0259l\u0259r\u0259 bax\u0131l\u0131b. 15 n\u0259f\u0259rd\u0259n ibar\u0259t YAP \u0130cra Katibliyi \u0259razi ilk partiya t\u0259\u015fkilat\u0131n\u0131n \u0130dar\u0259 Hey\u0259tin\u0259 \u00fczv, Ramil\u0259 B\u0259d\u0259lova \u0259razi partiya t\u0259\u015fkilat\u0131na s\u0259dr, YAP \u0130cra Katibliyi \u0130\u015fl\u0259r \u0130dar\u0259sinin m\u00fcdiri Mahir Abbas\u0259liyev v\u0259 \u201cS\u0259s\u201d q\u0259zetinin ba\u015f redaktoru B\u0259hruz Quliyev m\u00fcavin se\u00e7ilibl\u0259r.\u00a0Oxu.Az<\/p>\n","protected":false},"excerpt":{"rendered":"<p>Yeni Az\u0259rbaycan Partiyas\u0131 (YAP) \u0130cra Katibliyi ilk t\u0259\u015fkilat\u0131n\u0131n iclas\u0131 ke\u00e7irilib. ARANTV.AZ-\u0131n m\u0259lumat\u0131na g\u00f6r\u0259, iclasda \u00e7\u0131x\u0131\u015f ed\u0259n YAP icra katibinin m\u00fcavini Siyavu\u015f Novruzov ilk t\u0259\u015fkilat\u0131n \u00f6t\u0259n m\u00fcdd\u0259t \u00fczr\u0259 hesabat\u0131n\u0131 s\u0259sl\u0259ndirib. O, ilk t\u0259\u015fkilatlar\u0131n\u0131n f\u0259aliyy\u0259tinin daha da g\u00fccl\u0259ndiril\u0259c\u0259yini, \u00e7evikliyinin art\u0131r\u0131laca\u011f\u0131n\u0131 bildirib. S.Novruzov\u00a0partiyan\u0131n qar\u015f\u0131dan g\u0259l\u0259n b\u0259l\u0259diyy\u0259 v\u0259 parlament se\u00e7kil\u0259rin\u0259 d\u0259 y\u00fcks\u0259k s\u0259viyy\u0259d\u0259 haz\u0131rla\u015fd\u0131\u011f\u0131n\u0131 bildirib. \u0130clasda t\u0259\u015fkilati m\u0259s\u0259l\u0259l\u0259r\u0259 bax\u0131l\u0131b. 15 n\u0259f\u0259rd\u0259n ibar\u0259t YAP \u0130cra Katibliyi \u0259razi ilk partiya t\u0259\u015fkilat\u0131n\u0131n \u0130dar\u0259 Hey\u0259tin\u0259 \u00fczv, Ramil\u0259 B\u0259d\u0259lova \u0259razi partiya t\u0259\u015fkilat\u0131na s\u0259dr, YAP \u0130cra Katibliyi \u0130\u015fl\u0259r \u0130dar\u0259sinin m\u00fcdiri Mahir Abbas\u0259liyev v\u0259 \u201cS\u0259s\u201d q\u0259zetinin ba\u015f redaktoru B\u0259hruz Quliyev m\u00fcavin&hellip;<\/p>\n","protected":false},"author":2,"featured_media":108846,"comment_status":"closed","ping_status":"closed","sticky":false,"template":"","format":"standard","meta":{"om_disable_all_campaigns":false,"_monsterinsights_skip_tracking":false,"_monsterinsights_sitenote_active":false,"_monsterinsights_sitenote_note":"","_monsterinsights_sitenote_category":0},"categories":[4],"tags":[],"aioseo_notices":[],"gutentor_comment":0,"rttpg_featured_image_url":{"full":["https:\/\/arantv.az\/wp-content\/uploads\/2019\/12\/05f111aa16813f6ec7caf5304928d7e6.jpg",589,465,false],"landscape":["https:\/\/arantv.az\/wp-content\/uploads\/2019\/12\/05f111aa16813f6ec7caf5304928d7e6.jpg",589,465,false],"portraits":["https:\/\/arantv.az\/wp-content\/uploads\/2019\/12\/05f111aa16813f6ec7caf5304928d7e6.jpg",589,465,false],"thumbnail":["https:\/\/arantv.az\/wp-content\/uploads\/2019\/12\/05f111aa16813f6ec7caf5304928d7e6-150x150.jpg",150,150,true],"medium":["https:\/\/arantv.az\/wp-content\/uploads\/2019\/12\/05f111aa16813f6ec7caf5304928d7e6-300x237.jpg",300,237,true],"large":["https:\/\/arantv.az\/wp-content\/uploads\/2019\/12\/05f111aa16813f6ec7caf5304928d7e6.jpg",589,465,false],"1536x1536":["https:\/\/arantv.az\/wp-content\/uploads\/2019\/12\/05f111aa16813f6ec7caf5304928d7e6.jpg",589,465,false],"2048x2048":["https:\/\/arantv.az\/wp-content\/uploads\/2019\/12\/05f111aa16813f6ec7caf5304928d7e6.jpg",589,465,false],"post-thumbnail":["https:\/\/arantv.az\/wp-content\/uploads\/2019\/12\/05f111aa16813f6ec7caf5304928d7e6-240x172.jpg",240,172,true],"advps-thumb-one":["https:\/\/arantv.az\/wp-content\/uploads\/2019\/12\/05f111aa16813f6ec7caf5304928d7e6.jpg",589,465,false]},"rttpg_author":{"display_name":"V\u00fcsal Rafiqo\u011flu","author_link":"https:\/\/arantv.az\/?author=2"},"rttpg_comment":0,"rttpg_category":"<a href=\"https:\/\/arantv.az\/?cat=4\" rel=\"category\">Siyas\u0259t<\/a>","rttpg_excerpt":"Yeni Az\u0259rbaycan Partiyas\u0131 (YAP) \u0130cra Katibliyi ilk t\u0259\u015fkilat\u0131n\u0131n iclas\u0131 ke\u00e7irilib. ARANTV.AZ-\u0131n m\u0259lumat\u0131na g\u00f6r\u0259, iclasda \u00e7\u0131x\u0131\u015f ed\u0259n YAP icra katibinin m\u00fcavini Siyavu\u015f Novruzov ilk t\u0259\u015fkilat\u0131n \u00f6t\u0259n m\u00fcdd\u0259t \u00fczr\u0259 hesabat\u0131n\u0131 s\u0259sl\u0259ndirib. O, ilk t\u0259\u015fkilatlar\u0131n\u0131n f\u0259aliyy\u0259tinin daha da g\u00fccl\u0259ndiril\u0259c\u0259yini, \u00e7evikliyinin art\u0131r\u0131laca\u011f\u0131n\u0131 bildirib. S.Novruzov\u00a0partiyan\u0131n qar\u015f\u0131dan g\u0259l\u0259n b\u0259l\u0259diyy\u0259 v\u0259 parlament se\u00e7kil\u0259rin\u0259 d\u0259 y\u00fcks\u0259k s\u0259viyy\u0259d\u0259 haz\u0131rla\u015fd\u0131\u011f\u0131n\u0131 bildirib. \u0130clasda t\u0259\u015fkilati m\u0259s\u0259l\u0259l\u0259r\u0259 bax\u0131l\u0131b.&hellip;","_links":{"self":[{"href":"https:\/\/arantv.az\/index.php?rest_route=\/wp\/v2\/posts\/108845"}],"collection":[{"href":"https:\/\/arantv.az\/index.php?rest_route=\/wp\/v2\/posts"}],"about":[{"href":"https:\/\/arantv.az\/index.php?rest_route=\/wp\/v2\/types\/post"}],"author":[{"embeddable":true,"href":"https:\/\/arantv.az\/index.php?rest_route=\/wp\/v2\/users\/2"}],"replies":[{"embeddable":true,"href":"https:\/\/arantv.az\/index.php?rest_route=%2Fwp%2Fv2%2Fcomments&post=108845"}],"version-history":[{"count":0,"href":"https:\/\/arantv.az\/index.php?rest_route=\/wp\/v2\/posts\/108845\/revisions"}],"wp:featuredmedia":[{"embeddable":true,"href":"https:\/\/arantv.az\/index.php?rest_route=\/wp\/v2\/media\/108846"}],"wp:attachment":[{"href":"https:\/\/arantv.az\/index.php?rest_route=%2Fwp%2Fv2%2Fmedia&parent=108845"}],"wp:term":[{"taxonomy":"category","embeddable":true,"href":"https:\/\/arantv.az\/index.php?rest_route=%2Fwp%2Fv2%2Fcategories&post=108845"},{"taxonomy":"post_tag","embeddable":true,"href":"https:\/\/arantv.az\/index.php?rest_route=%2Fwp%2Fv2%2Ftags&post=108845"}],"curies":[{"name":"wp","href":"https:\/\/api.w.org\/{rel}","templated":true}]}}