{"id":108849,"date":"2019-12-18T11:39:14","date_gmt":"2019-12-18T08:39:14","guid":{"rendered":"http:\/\/arantv.az\/?p=108849"},"modified":"2019-12-18T11:39:14","modified_gmt":"2019-12-18T08:39:14","slug":"qazax-s%c9%99d%c9%99r%c9%99k-marsrutu-%c9%99l%c9%99t-yolunda-q%c9%99zaya-ugradi-2-olu-5-yarali","status":"publish","type":"post","link":"https:\/\/arantv.az\/?p=108849","title":{"rendered":"Qazax-S\u0259d\u0259r\u0259k mar\u015frutu \u018fl\u0259t yolunda Q\u018fZAYA U\u011eRADI &#8211; 2 \u00f6l\u00fc, 5 yaral\u0131"},"content":{"rendered":"<p><strong>Bak\u0131-\u018fl\u0259t yolunda q\u0259zaya u\u011frayan mikroavtobus Qazax-Bak\u0131 mar\u015frutu olub.<\/strong><\/p>\n<p><strong>ARANTV.AZ<\/strong>\u00a0\u00a0<a href=\"https:\/\/az.trend.az\/\" target=\"_blank\" rel=\"noopener\">Trend<\/a>-\u0259 istinad\u0259n x\u0259b\u0259r verir ki, Qazax rayonundan start g\u00f6t\u00fcr\u0259n &#8220;Mercedes Vito&#8221; markal\u0131 miroavtobus Qazax rayon M\u0259rk\u0259zi Avtova\u011fzal\u0131ndan \u00e7\u0131xaraq S\u0259d\u0259r\u0259k Ticar\u0259t M\u0259rk\u0259zinin avtova\u011fzal\u0131na g\u0259lirmi\u015f. Avtomobil \u018fl\u0259t q\u0259s\u0259b\u0259si \u0259razisind\u0259 idar\u0259etm\u0259ni itir\u0259r\u0259k yoldan \u00e7\u0131x\u0131b v\u0259 a\u015f\u0131b.<\/p>\n<p>S\u0259hiy\u0259 Nazirliyind\u0259n Trend-\u0259 veril\u0259n m\u0259lumata g\u00f6r\u0259, ba\u015f ver\u0259n q\u0259za n\u0259tic\u0259sind\u0259 bir n\u0259f\u0259r yerind\u0259, bir n\u0259f\u0259r 60 ya\u015fl\u0131 ki\u015fi is\u0259 x\u0259st\u0259xanaya apar\u0131lark\u0259n yolda d\u00fcnyas\u0131n\u0131 d\u0259yi\u015fib. 5 n\u0259f\u0259r yaral\u0131 (68, 28, 25 ya\u015fl\u0131 ki\u015fil\u0259r v\u0259 43, 33 ya\u015fl\u0131 qad\u0131nlar) m\u00fcxt\u0259lif d\u0259r\u0259c\u0259li b\u0259d\u0259n x\u0259sar\u0259tl\u0259ri il\u0259 Kliniki Tibbi M\u0259rk\u0259z\u0259 apar\u0131l\u0131blar. yaral\u0131lardan birinin v\u0259ziyy\u0259ti a\u011f\u0131rd\u0131r, reanimasiyaya yerl\u0259\u015fdirilib.<\/p>\n","protected":false},"excerpt":{"rendered":"<p>Bak\u0131-\u018fl\u0259t yolunda q\u0259zaya u\u011frayan mikroavtobus Qazax-Bak\u0131 mar\u015frutu olub. ARANTV.AZ\u00a0\u00a0Trend-\u0259 istinad\u0259n x\u0259b\u0259r verir ki, Qazax rayonundan start g\u00f6t\u00fcr\u0259n &#8220;Mercedes Vito&#8221; markal\u0131 miroavtobus Qazax rayon M\u0259rk\u0259zi Avtova\u011fzal\u0131ndan \u00e7\u0131xaraq S\u0259d\u0259r\u0259k Ticar\u0259t M\u0259rk\u0259zinin avtova\u011fzal\u0131na g\u0259lirmi\u015f. Avtomobil \u018fl\u0259t q\u0259s\u0259b\u0259si \u0259razisind\u0259 idar\u0259etm\u0259ni itir\u0259r\u0259k yoldan \u00e7\u0131x\u0131b v\u0259 a\u015f\u0131b. S\u0259hiy\u0259 Nazirliyind\u0259n Trend-\u0259 veril\u0259n m\u0259lumata g\u00f6r\u0259, ba\u015f ver\u0259n q\u0259za n\u0259tic\u0259sind\u0259 bir n\u0259f\u0259r yerind\u0259, bir n\u0259f\u0259r 60 ya\u015fl\u0131 ki\u015fi is\u0259 x\u0259st\u0259xanaya apar\u0131lark\u0259n yolda d\u00fcnyas\u0131n\u0131 d\u0259yi\u015fib. 5 n\u0259f\u0259r yaral\u0131 (68, 28, 25 ya\u015fl\u0131 ki\u015fil\u0259r v\u0259 43, 33 ya\u015fl\u0131 qad\u0131nlar) m\u00fcxt\u0259lif d\u0259r\u0259c\u0259li b\u0259d\u0259n x\u0259sar\u0259tl\u0259ri il\u0259 Kliniki Tibbi M\u0259rk\u0259z\u0259 apar\u0131l\u0131blar. yaral\u0131lardan birinin v\u0259ziyy\u0259ti&hellip;<\/p>\n","protected":false},"author":2,"featured_media":108850,"comment_status":"closed","ping_status":"closed","sticky":false,"template":"","format":"standard","meta":{"om_disable_all_campaigns":false,"_monsterinsights_skip_tracking":false,"_monsterinsights_sitenote_active":false,"_monsterinsights_sitenote_note":"","_monsterinsights_sitenote_category":0},"categories":[5],"tags":[],"aioseo_notices":[],"gutentor_comment":0,"rttpg_featured_image_url":{"full":["https:\/\/arantv.az\/wp-content\/uploads\/2019\/12\/qeza_01241.jpg",800,600,false],"landscape":["https:\/\/arantv.az\/wp-content\/uploads\/2019\/12\/qeza_01241.jpg",800,600,false],"portraits":["https:\/\/arantv.az\/wp-content\/uploads\/2019\/12\/qeza_01241.jpg",800,600,false],"thumbnail":["https:\/\/arantv.az\/wp-content\/uploads\/2019\/12\/qeza_01241-150x150.jpg",150,150,true],"medium":["https:\/\/arantv.az\/wp-content\/uploads\/2019\/12\/qeza_01241-300x225.jpg",300,225,true],"large":["https:\/\/arantv.az\/wp-content\/uploads\/2019\/12\/qeza_01241.jpg",640,480,false],"1536x1536":["https:\/\/arantv.az\/wp-content\/uploads\/2019\/12\/qeza_01241.jpg",800,600,false],"2048x2048":["https:\/\/arantv.az\/wp-content\/uploads\/2019\/12\/qeza_01241.jpg",800,600,false],"post-thumbnail":["https:\/\/arantv.az\/wp-content\/uploads\/2019\/12\/qeza_01241-240x172.jpg",240,172,true],"advps-thumb-one":["https:\/\/arantv.az\/wp-content\/uploads\/2019\/12\/qeza_01241.jpg",800,600,false]},"rttpg_author":{"display_name":"V\u00fcsal Rafiqo\u011flu","author_link":"https:\/\/arantv.az\/?author=2"},"rttpg_comment":0,"rttpg_category":"<a href=\"https:\/\/arantv.az\/?cat=5\" rel=\"category\">Hadis\u0259<\/a>","rttpg_excerpt":"Bak\u0131-\u018fl\u0259t yolunda q\u0259zaya u\u011frayan mikroavtobus Qazax-Bak\u0131 mar\u015frutu olub. ARANTV.AZ\u00a0\u00a0Trend-\u0259 istinad\u0259n x\u0259b\u0259r verir ki, Qazax rayonundan start g\u00f6t\u00fcr\u0259n &#8220;Mercedes Vito&#8221; markal\u0131 miroavtobus Qazax rayon M\u0259rk\u0259zi Avtova\u011fzal\u0131ndan \u00e7\u0131xaraq S\u0259d\u0259r\u0259k Ticar\u0259t M\u0259rk\u0259zinin avtova\u011fzal\u0131na g\u0259lirmi\u015f. Avtomobil \u018fl\u0259t q\u0259s\u0259b\u0259si \u0259razisind\u0259 idar\u0259etm\u0259ni itir\u0259r\u0259k yoldan \u00e7\u0131x\u0131b v\u0259 a\u015f\u0131b. S\u0259hiy\u0259 Nazirliyind\u0259n Trend-\u0259 veril\u0259n m\u0259lumata g\u00f6r\u0259, ba\u015f ver\u0259n q\u0259za n\u0259tic\u0259sind\u0259 bir n\u0259f\u0259r yerind\u0259, bir&hellip;","_links":{"self":[{"href":"https:\/\/arantv.az\/index.php?rest_route=\/wp\/v2\/posts\/108849"}],"collection":[{"href":"https:\/\/arantv.az\/index.php?rest_route=\/wp\/v2\/posts"}],"about":[{"href":"https:\/\/arantv.az\/index.php?rest_route=\/wp\/v2\/types\/post"}],"author":[{"embeddable":true,"href":"https:\/\/arantv.az\/index.php?rest_route=\/wp\/v2\/users\/2"}],"replies":[{"embeddable":true,"href":"https:\/\/arantv.az\/index.php?rest_route=%2Fwp%2Fv2%2Fcomments&post=108849"}],"version-history":[{"count":0,"href":"https:\/\/arantv.az\/index.php?rest_route=\/wp\/v2\/posts\/108849\/revisions"}],"wp:featuredmedia":[{"embeddable":true,"href":"https:\/\/arantv.az\/index.php?rest_route=\/wp\/v2\/media\/108850"}],"wp:attachment":[{"href":"https:\/\/arantv.az\/index.php?rest_route=%2Fwp%2Fv2%2Fmedia&parent=108849"}],"wp:term":[{"taxonomy":"category","embeddable":true,"href":"https:\/\/arantv.az\/index.php?rest_route=%2Fwp%2Fv2%2Fcategories&post=108849"},{"taxonomy":"post_tag","embeddable":true,"href":"https:\/\/arantv.az\/index.php?rest_route=%2Fwp%2Fv2%2Ftags&post=108849"}],"curies":[{"name":"wp","href":"https:\/\/api.w.org\/{rel}","templated":true}]}}