{"id":108869,"date":"2019-12-18T11:57:49","date_gmt":"2019-12-18T08:57:49","guid":{"rendered":"http:\/\/arantv.az\/?p=108869"},"modified":"2019-12-18T11:57:49","modified_gmt":"2019-12-18T08:57:49","slug":"az%c9%99rbaycan-orqanik-geyim-m%c9%99hsullari-ixrac-ed%c9%99c%c9%99k","status":"publish","type":"post","link":"https:\/\/arantv.az\/?p=108869","title":{"rendered":"Az\u0259rbaycan orqanik geyim m\u0259hsullar\u0131 ixrac ed\u0259c\u0259k"},"content":{"rendered":"<p>Az\u0259rbaycan g\u0259l\u0259c\u0259kd\u0259 orqanik geyim m\u0259hsullar\u0131 ixrac ed\u0259 bil\u0259r.<\/p>\n<p><b>ARANTV.AZ\u00a0<\/b>\u00a0&#8220;APA-Economics&#8221;-\u0259 istinad\u0259n m\u0259lumat verir ki, bunu &#8220;Ekoloji T\u0259miz M\u0259hsul \u0130stehsal\u00e7\u0131lar\u0131 v\u0259 \u0130xracat\u00e7\u0131lar\u0131&#8221; \u0130ctimai Birliyinin (AOPE) s\u0259dri Emin \u018fliyev bu g\u00fcn Bak\u0131da ke\u00e7iril\u0259n &#8220;\u00d6lk\u0259mizin orqanik m\u0259hsul istehsal\u0131 v\u0259 ixracat\u0131 potensial\u0131&#8221; adl\u0131 konfransda \u00e7\u0131x\u0131\u015f\u0131 ed\u0259rk\u0259n deyib.<\/p>\n<div id=\"AdviadNativeVideo0\" class=\"AdviadNativeVideo\"><\/div>\n<p>&#8220;Az\u0259rbaycanda orqanik pamb\u0131q istehsal\u0131 \u00fc\u00e7\u00fcn \u015f\u0259rait var. Bu da \u00f6z n\u00f6vb\u0259sind\u0259 g\u0259l\u0259c\u0259kd\u0259 orqanik geyim ixrac\u0131n\u0131 m\u00fcmk\u00fcn ed\u0259 bil\u0259r&#8221;, &#8211; dey\u0259 E. \u018fliyev bildirib.<\/p>\n<p>O qeyd edib ki, art\u0131q insanlar orqanik m\u0259hsul dedikd\u0259, bura t\u0259kc\u0259 k\u0259nd t\u0259s\u0259rr\u00fcfat\u0131 m\u0259hsullar\u0131n\u0131n deyil, eyni zamanda emal m\u0259hsullar\u0131n\u0131n aid oldu\u011funu bilm\u0259lidirl\u0259r: &#8220;Biz &#8220;Made in Azerbaijan&#8221; brendi alt\u0131nda orqanik m\u0259hsul ixrac\u0131n\u0131 h\u0259yata ke\u00e7irm\u0259y\u0259 \u00e7al\u0131\u015f\u0131r\u0131q. D\u00fcnya bazar\u0131nda bu m\u0259hsullara ehtiyac var&#8221;.<\/p>\n","protected":false},"excerpt":{"rendered":"<p>Az\u0259rbaycan g\u0259l\u0259c\u0259kd\u0259 orqanik geyim m\u0259hsullar\u0131 ixrac ed\u0259 bil\u0259r. ARANTV.AZ\u00a0\u00a0&#8220;APA-Economics&#8221;-\u0259 istinad\u0259n m\u0259lumat verir ki, bunu &#8220;Ekoloji T\u0259miz M\u0259hsul \u0130stehsal\u00e7\u0131lar\u0131 v\u0259 \u0130xracat\u00e7\u0131lar\u0131&#8221; \u0130ctimai Birliyinin (AOPE) s\u0259dri Emin \u018fliyev bu g\u00fcn Bak\u0131da ke\u00e7iril\u0259n &#8220;\u00d6lk\u0259mizin orqanik m\u0259hsul istehsal\u0131 v\u0259 ixracat\u0131 potensial\u0131&#8221; adl\u0131 konfransda \u00e7\u0131x\u0131\u015f\u0131 ed\u0259rk\u0259n deyib. &#8220;Az\u0259rbaycanda orqanik pamb\u0131q istehsal\u0131 \u00fc\u00e7\u00fcn \u015f\u0259rait var. Bu da \u00f6z n\u00f6vb\u0259sind\u0259 g\u0259l\u0259c\u0259kd\u0259 orqanik geyim ixrac\u0131n\u0131 m\u00fcmk\u00fcn ed\u0259 bil\u0259r&#8221;, &#8211; dey\u0259 E. \u018fliyev bildirib. O qeyd edib ki, art\u0131q insanlar orqanik m\u0259hsul dedikd\u0259, bura t\u0259kc\u0259 k\u0259nd t\u0259s\u0259rr\u00fcfat\u0131 m\u0259hsullar\u0131n\u0131n deyil, eyni zamanda emal m\u0259hsullar\u0131n\u0131n aid oldu\u011funu bilm\u0259lidirl\u0259r: &#8220;Biz &#8220;Made in&hellip;<\/p>\n","protected":false},"author":2,"featured_media":108870,"comment_status":"closed","ping_status":"closed","sticky":false,"template":"","format":"standard","meta":{"om_disable_all_campaigns":false,"_monsterinsights_skip_tracking":false,"_monsterinsights_sitenote_active":false,"_monsterinsights_sitenote_note":"","_monsterinsights_sitenote_category":0},"categories":[1],"tags":[],"aioseo_notices":[],"gutentor_comment":0,"rttpg_featured_image_url":{"full":["https:\/\/arantv.az\/wp-content\/uploads\/2019\/12\/1576656396416_nnzr2ekd.jpg",549,366,false],"landscape":["https:\/\/arantv.az\/wp-content\/uploads\/2019\/12\/1576656396416_nnzr2ekd.jpg",549,366,false],"portraits":["https:\/\/arantv.az\/wp-content\/uploads\/2019\/12\/1576656396416_nnzr2ekd.jpg",549,366,false],"thumbnail":["https:\/\/arantv.az\/wp-content\/uploads\/2019\/12\/1576656396416_nnzr2ekd-150x150.jpg",150,150,true],"medium":["https:\/\/arantv.az\/wp-content\/uploads\/2019\/12\/1576656396416_nnzr2ekd-300x200.jpg",300,200,true],"large":["https:\/\/arantv.az\/wp-content\/uploads\/2019\/12\/1576656396416_nnzr2ekd.jpg",549,366,false],"1536x1536":["https:\/\/arantv.az\/wp-content\/uploads\/2019\/12\/1576656396416_nnzr2ekd.jpg",549,366,false],"2048x2048":["https:\/\/arantv.az\/wp-content\/uploads\/2019\/12\/1576656396416_nnzr2ekd.jpg",549,366,false],"post-thumbnail":["https:\/\/arantv.az\/wp-content\/uploads\/2019\/12\/1576656396416_nnzr2ekd-240x172.jpg",240,172,true],"advps-thumb-one":["https:\/\/arantv.az\/wp-content\/uploads\/2019\/12\/1576656396416_nnzr2ekd.jpg",549,366,false]},"rttpg_author":{"display_name":"V\u00fcsal Rafiqo\u011flu","author_link":"https:\/\/arantv.az\/?author=2"},"rttpg_comment":0,"rttpg_category":"<a href=\"https:\/\/arantv.az\/?cat=1\" rel=\"category\">C\u0259miyy\u0259t<\/a>","rttpg_excerpt":"Az\u0259rbaycan g\u0259l\u0259c\u0259kd\u0259 orqanik geyim m\u0259hsullar\u0131 ixrac ed\u0259 bil\u0259r. ARANTV.AZ\u00a0\u00a0&#8220;APA-Economics&#8221;-\u0259 istinad\u0259n m\u0259lumat verir ki, bunu &#8220;Ekoloji T\u0259miz M\u0259hsul \u0130stehsal\u00e7\u0131lar\u0131 v\u0259 \u0130xracat\u00e7\u0131lar\u0131&#8221; \u0130ctimai Birliyinin (AOPE) s\u0259dri Emin \u018fliyev bu g\u00fcn Bak\u0131da ke\u00e7iril\u0259n &#8220;\u00d6lk\u0259mizin orqanik m\u0259hsul istehsal\u0131 v\u0259 ixracat\u0131 potensial\u0131&#8221; adl\u0131 konfransda \u00e7\u0131x\u0131\u015f\u0131 ed\u0259rk\u0259n deyib. &#8220;Az\u0259rbaycanda orqanik pamb\u0131q istehsal\u0131 \u00fc\u00e7\u00fcn \u015f\u0259rait var. Bu da \u00f6z n\u00f6vb\u0259sind\u0259 g\u0259l\u0259c\u0259kd\u0259 orqanik&hellip;","_links":{"self":[{"href":"https:\/\/arantv.az\/index.php?rest_route=\/wp\/v2\/posts\/108869"}],"collection":[{"href":"https:\/\/arantv.az\/index.php?rest_route=\/wp\/v2\/posts"}],"about":[{"href":"https:\/\/arantv.az\/index.php?rest_route=\/wp\/v2\/types\/post"}],"author":[{"embeddable":true,"href":"https:\/\/arantv.az\/index.php?rest_route=\/wp\/v2\/users\/2"}],"replies":[{"embeddable":true,"href":"https:\/\/arantv.az\/index.php?rest_route=%2Fwp%2Fv2%2Fcomments&post=108869"}],"version-history":[{"count":0,"href":"https:\/\/arantv.az\/index.php?rest_route=\/wp\/v2\/posts\/108869\/revisions"}],"wp:featuredmedia":[{"embeddable":true,"href":"https:\/\/arantv.az\/index.php?rest_route=\/wp\/v2\/media\/108870"}],"wp:attachment":[{"href":"https:\/\/arantv.az\/index.php?rest_route=%2Fwp%2Fv2%2Fmedia&parent=108869"}],"wp:term":[{"taxonomy":"category","embeddable":true,"href":"https:\/\/arantv.az\/index.php?rest_route=%2Fwp%2Fv2%2Fcategories&post=108869"},{"taxonomy":"post_tag","embeddable":true,"href":"https:\/\/arantv.az\/index.php?rest_route=%2Fwp%2Fv2%2Ftags&post=108869"}],"curies":[{"name":"wp","href":"https:\/\/api.w.org\/{rel}","templated":true}]}}