{"id":108881,"date":"2019-12-18T13:20:07","date_gmt":"2019-12-18T10:20:07","guid":{"rendered":"http:\/\/arantv.az\/?p=108881"},"modified":"2019-12-18T13:20:07","modified_gmt":"2019-12-18T10:20:07","slug":"bakida-turkpa-surasinin-ix-iclasi-is%c9%99-basladi-foto","status":"publish","type":"post","link":"https:\/\/arantv.az\/?p=108881","title":{"rendered":"Bak\u0131da T\u00dcRKPA \u015euras\u0131n\u0131n IX iclas\u0131 i\u015f\u0259 ba\u015flad\u0131 &#8211; FOTO"},"content":{"rendered":"<p>Dekabr\u0131n 18-d\u0259 Bak\u0131da Milli M\u0259clisin t\u0259\u015fkilat\u00e7\u0131l\u0131\u011f\u0131 il\u0259 T\u00fcrkdilli \u00d6lk\u0259l\u0259rin Parlament Assambleyas\u0131 (T\u00dcRKPA) \u015euras\u0131n\u0131n IX iclas\u0131 i\u015f\u0259 ba\u015flay\u0131b.<\/p>\n<p><strong>ARANTV.AZ<\/strong> x\u0259b\u0259r verir ki, t\u0259dbird\u0259 \u00e7\u0131x\u0131\u015f ed\u0259n T\u00fcrkiy\u0259 B\u00f6y\u00fck Mill\u0259t M\u0259clisinin S\u0259dri Mustafa \u015eentop t\u00fcrk xalqlar\u0131n\u0131n ortaq tarixi payla\u015fd\u0131\u011f\u0131n\u0131 bildirib. Az\u0259rbaycan torpaqlar\u0131n\u0131n bir hiss\u0259sinin h\u0259l\u0259 d\u0259 i\u015f\u011fal alt\u0131nda qalmas\u0131n\u0131 t\u0259\u0259ss\u00fcfl\u0259 xat\u0131rladan Mustafa \u015eentop bu m\u0259s\u0259l\u0259d\u0259 T\u00fcrkiy\u0259nin Az\u0259rbaycan\u0131n yan\u0131nda oldu\u011funu qeyd edib.<\/p>\n<p>Milli M\u0259clisin S\u0259dri Oqtay \u018fs\u0259dov T\u00dcRKPA-ya s\u0259drliyi d\u00f6vr\u00fcnd\u0259ki u\u011furlu f\u0259aliyy\u0259tin\u0259 g\u00f6r\u0259 T\u00fcrkiy\u0259 parlamentin\u0259 t\u0259\u015f\u0259kk\u00fcr edib. Bildirib ki, T\u00dcRKPA n\u00fcfuzlu parlament t\u0259\u015fkilat\u0131na \u00e7evrilib. \u00d6t\u0259n ill\u0259rd\u0259 ba\u015flanm\u0131\u015f b\u00fct\u00fcn i\u015fl\u0259r davam etdiril\u0259c\u0259k. T\u0259\u015fkilat\u0131n beyn\u0259lxalq \u0259laq\u0259l\u0259rinin inki\u015faf\u0131 yen\u0259 d\u0259 diqq\u0259t m\u0259rk\u0259zind\u0259 olacaq. T\u00dcRKPA-n\u0131n m\u00fc\u015fahid\u0259 missiyas\u0131n\u0131n f\u0259aliyy\u0259ti n\u00f6vb\u0259ti bir ild\u0259 d\u0259 diqq\u0259td\u0259 saxlan\u0131lacaq. S\u0259dr \u0259minliyini bildirib ki, T\u00dcRKPA qar\u015f\u0131da duran b\u00fct\u00fcn m\u0259s\u0259l\u0259l\u0259ri u\u011furla icra ed\u0259c\u0259k.<\/p>\n<div class=\"gallery\">\n<div class=\"gallery-i\"><img src=\"https:\/\/assets.oxu.az\/uploads\/W1siZiIsIjIwMTkvMTIvMTgvMTMvNTcvMzEvZGIzMmQ2NjUtNThhYS00MDJmLTk1M2EtZTgxMjVmYjhmMWIzL3dfMTYxNTc2NjYyODc4MjA2NTE0NDEyXzEwMDB4NjY5LmpwZyJdLFsicCIsImVuY29kZSIsImpwZyIsIi1xdWFsaXR5IDgwIl0sWyJwIiwidGh1bWIiLCI1OTB4NTkwXHUwMDNlIl1d?sha=c326ff37549f920f\" alt=\"\" \/><\/div>\n<div class=\"gallery-i\"><img src=\"https:\/\/assets.oxu.az\/uploads\/W1siZiIsIjIwMTkvMTIvMTgvMTMvNTcvMzEvZWNkMDg2NDAtZjNkNC00NzEyLThhMzItMDdjYzM4NTJjNGQ5L3dfMTYxNTc2NjYyODc4MjQxNzYyNjY4N18xMDAweDY2OS5qcGciXSxbInAiLCJlbmNvZGUiLCJqcGciLCItcXVhbGl0eSA4MCJdLFsicCIsInRodW1iIiwiNTkweDU5MFx1MDAzZSJdXQ?sha=67f0b2d3a69ba7ac\" alt=\"\" \/><\/div>\n<div class=\"gallery-i\"><img src=\"https:\/\/assets.oxu.az\/uploads\/W1siZiIsIjIwMTkvMTIvMTgvMTMvNTcvMzEvNDNjYjE0OGItNjE0ZC00YTQ0LWE3NTktYjc3YWJjYjg5M2RhL3dfMTYxNTc2NjYyODc4MzM4NjkyMjkxOF8xMDAweDY2OS5qcGciXSxbInAiLCJlbmNvZGUiLCJqcGciLCItcXVhbGl0eSA4MCJdLFsicCIsInRodW1iIiwiNTkweDU5MFx1MDAzZSJdXQ?sha=bf951702ae51e083\" alt=\"\" \/><\/div>\n<div class=\"gallery-i\"><img src=\"https:\/\/assets.oxu.az\/uploads\/W1siZiIsIjIwMTkvMTIvMTgvMTMvNTcvMzEvYmFlOTQ2YzAtNmMxNy00MmIyLWEzMzAtNWVmMjk1MzQ3NmYwL3dfMTYxNTc2NjYyODc4NDEyOTc1MzI0MV8xMDAweDY2OS5qcGciXSxbInAiLCJlbmNvZGUiLCJqcGciLCItcXVhbGl0eSA4MCJdLFsicCIsInRodW1iIiwiNTkweDU5MFx1MDAzZSJdXQ?sha=5e1ce25f8435f1af\" alt=\"\" \/><\/div>\n<div class=\"gallery-i\"><img src=\"https:\/\/assets.oxu.az\/uploads\/W1siZiIsIjIwMTkvMTIvMTgvMTMvNTcvMzEvNGU2YjUxMjMtMDY1NS00MDA0LWEzNWItNzVmZTdmYTEyNmNmL3dfMTYxNTc2NjYyODc4NDYwMTIzMzA3NV8xMDAweDY2OS5qcGciXSxbInAiLCJlbmNvZGUiLCJqcGciLCItcXVhbGl0eSA4MCJdLFsicCIsInRodW1iIiwiNTkweDU5MFx1MDAzZSJdXQ?sha=499783d713831a76\" alt=\"\" \/><\/div>\n<div class=\"gallery-i\"><img src=\"https:\/\/assets.oxu.az\/uploads\/W1siZiIsIjIwMTkvMTIvMTgvMTMvNTcvMzEvYTAwYmY1NmItN2VkNC00MDY2LWFkNWUtMTdhYmNmOTAwMDkyL3dfMTYxNTc2NjYyODc4NDg3NTY0OTM0NV8xMDAweDY2OS5qcGciXSxbInAiLCJlbmNvZGUiLCJqcGciLCItcXVhbGl0eSA4MCJdLFsicCIsInRodW1iIiwiNTkweDU5MFx1MDAzZSJdXQ?sha=25a570df2220151e\" alt=\"\" \/><\/div>\n<div class=\"gallery-i\"><img src=\"https:\/\/assets.oxu.az\/uploads\/W1siZiIsIjIwMTkvMTIvMTgvMTMvNTcvMzIvMWM0ZjU0ZjUtYjRjZS00ZGU4LTliODctYWM0Yjc2M2NlNWU0L3dfMTYxNTc2NjYyODc4NTE1NzMzMDE2MF8xMDAweDY2OS5qcGciXSxbInAiLCJlbmNvZGUiLCJqcGciLCItcXVhbGl0eSA4MCJdLFsicCIsInRodW1iIiwiNTkweDU5MFx1MDAzZSJdXQ?sha=36fba6a590b11543\" alt=\"\" \/><\/div>\n<div class=\"gallery-i\"><img src=\"https:\/\/assets.oxu.az\/uploads\/W1siZiIsIjIwMTkvMTIvMTgvMTMvNTcvMzIvZTdiY2M5MDYtMzkyYS00ZWIyLWE1MTMtNGY2MDE0NDU1NjkxL3dfMTYxNTc2NjYyODc4NTI0NjgyNF8xMDAweDY2OS5qcGciXSxbInAiLCJlbmNvZGUiLCJqcGciLCItcXVhbGl0eSA4MCJdLFsicCIsInRodW1iIiwiNTkweDU5MFx1MDAzZSJdXQ?sha=bf01fd8d71cae8e3\" alt=\"\" \/><\/div>\n<div class=\"gallery-i\"><img src=\"https:\/\/assets.oxu.az\/uploads\/W1siZiIsIjIwMTkvMTIvMTgvMTMvNTcvMzIvMGFkNTJlMzMtODRmOS00YmIwLTk4OTYtMTI5OWVjZmQ0NTNmL3dfMTYxNTc2NjYyODc4NjEyMTI0MDcwMF8xMDAweDY2OS5qcGciXSxbInAiLCJlbmNvZGUiLCJqcGciLCItcXVhbGl0eSA4MCJdLFsicCIsInRodW1iIiwiNTkweDU5MFx1MDAzZSJdXQ?sha=aa58664d85e54c33\" alt=\"\" \/><\/div>\n<\/div>\n<div>AZ\u018fRTAC<\/div>\n","protected":false},"excerpt":{"rendered":"<p>Dekabr\u0131n 18-d\u0259 Bak\u0131da Milli M\u0259clisin t\u0259\u015fkilat\u00e7\u0131l\u0131\u011f\u0131 il\u0259 T\u00fcrkdilli \u00d6lk\u0259l\u0259rin Parlament Assambleyas\u0131 (T\u00dcRKPA) \u015euras\u0131n\u0131n IX iclas\u0131 i\u015f\u0259 ba\u015flay\u0131b. ARANTV.AZ x\u0259b\u0259r verir ki, t\u0259dbird\u0259 \u00e7\u0131x\u0131\u015f ed\u0259n T\u00fcrkiy\u0259 B\u00f6y\u00fck Mill\u0259t M\u0259clisinin S\u0259dri Mustafa \u015eentop t\u00fcrk xalqlar\u0131n\u0131n ortaq tarixi payla\u015fd\u0131\u011f\u0131n\u0131 bildirib. Az\u0259rbaycan torpaqlar\u0131n\u0131n bir hiss\u0259sinin h\u0259l\u0259 d\u0259 i\u015f\u011fal alt\u0131nda qalmas\u0131n\u0131 t\u0259\u0259ss\u00fcfl\u0259 xat\u0131rladan Mustafa \u015eentop bu m\u0259s\u0259l\u0259d\u0259 T\u00fcrkiy\u0259nin Az\u0259rbaycan\u0131n yan\u0131nda oldu\u011funu qeyd edib. Milli M\u0259clisin S\u0259dri Oqtay \u018fs\u0259dov T\u00dcRKPA-ya s\u0259drliyi d\u00f6vr\u00fcnd\u0259ki u\u011furlu f\u0259aliyy\u0259tin\u0259 g\u00f6r\u0259 T\u00fcrkiy\u0259 parlamentin\u0259 t\u0259\u015f\u0259kk\u00fcr edib. Bildirib ki, T\u00dcRKPA n\u00fcfuzlu parlament t\u0259\u015fkilat\u0131na \u00e7evrilib. \u00d6t\u0259n ill\u0259rd\u0259 ba\u015flanm\u0131\u015f b\u00fct\u00fcn i\u015fl\u0259r davam etdiril\u0259c\u0259k. T\u0259\u015fkilat\u0131n beyn\u0259lxalq \u0259laq\u0259l\u0259rinin&hellip;<\/p>\n","protected":false},"author":2,"featured_media":108882,"comment_status":"closed","ping_status":"closed","sticky":false,"template":"","format":"standard","meta":{"om_disable_all_campaigns":false,"_monsterinsights_skip_tracking":false,"_monsterinsights_sitenote_active":false,"_monsterinsights_sitenote_note":"","_monsterinsights_sitenote_category":0},"categories":[4],"tags":[],"aioseo_notices":[],"gutentor_comment":0,"rttpg_featured_image_url":{"full":["https:\/\/arantv.az\/wp-content\/uploads\/2019\/12\/w_161576662878416433330_1000x669.jpg",620,424,false],"landscape":["https:\/\/arantv.az\/wp-content\/uploads\/2019\/12\/w_161576662878416433330_1000x669.jpg",620,424,false],"portraits":["https:\/\/arantv.az\/wp-content\/uploads\/2019\/12\/w_161576662878416433330_1000x669.jpg",620,424,false],"thumbnail":["https:\/\/arantv.az\/wp-content\/uploads\/2019\/12\/w_161576662878416433330_1000x669-150x150.jpg",150,150,true],"medium":["https:\/\/arantv.az\/wp-content\/uploads\/2019\/12\/w_161576662878416433330_1000x669-300x205.jpg",300,205,true],"large":["https:\/\/arantv.az\/wp-content\/uploads\/2019\/12\/w_161576662878416433330_1000x669.jpg",620,424,false],"1536x1536":["https:\/\/arantv.az\/wp-content\/uploads\/2019\/12\/w_161576662878416433330_1000x669.jpg",620,424,false],"2048x2048":["https:\/\/arantv.az\/wp-content\/uploads\/2019\/12\/w_161576662878416433330_1000x669.jpg",620,424,false],"post-thumbnail":["https:\/\/arantv.az\/wp-content\/uploads\/2019\/12\/w_161576662878416433330_1000x669-240x172.jpg",240,172,true],"advps-thumb-one":["https:\/\/arantv.az\/wp-content\/uploads\/2019\/12\/w_161576662878416433330_1000x669.jpg",620,424,false]},"rttpg_author":{"display_name":"V\u00fcsal Rafiqo\u011flu","author_link":"https:\/\/arantv.az\/?author=2"},"rttpg_comment":0,"rttpg_category":"<a href=\"https:\/\/arantv.az\/?cat=4\" rel=\"category\">Siyas\u0259t<\/a>","rttpg_excerpt":"Dekabr\u0131n 18-d\u0259 Bak\u0131da Milli M\u0259clisin t\u0259\u015fkilat\u00e7\u0131l\u0131\u011f\u0131 il\u0259 T\u00fcrkdilli \u00d6lk\u0259l\u0259rin Parlament Assambleyas\u0131 (T\u00dcRKPA) \u015euras\u0131n\u0131n IX iclas\u0131 i\u015f\u0259 ba\u015flay\u0131b. ARANTV.AZ x\u0259b\u0259r verir ki, t\u0259dbird\u0259 \u00e7\u0131x\u0131\u015f ed\u0259n T\u00fcrkiy\u0259 B\u00f6y\u00fck Mill\u0259t M\u0259clisinin S\u0259dri Mustafa \u015eentop t\u00fcrk xalqlar\u0131n\u0131n ortaq tarixi payla\u015fd\u0131\u011f\u0131n\u0131 bildirib. Az\u0259rbaycan torpaqlar\u0131n\u0131n bir hiss\u0259sinin h\u0259l\u0259 d\u0259 i\u015f\u011fal alt\u0131nda qalmas\u0131n\u0131 t\u0259\u0259ss\u00fcfl\u0259 xat\u0131rladan Mustafa \u015eentop bu m\u0259s\u0259l\u0259d\u0259 T\u00fcrkiy\u0259nin Az\u0259rbaycan\u0131n yan\u0131nda&hellip;","_links":{"self":[{"href":"https:\/\/arantv.az\/index.php?rest_route=\/wp\/v2\/posts\/108881"}],"collection":[{"href":"https:\/\/arantv.az\/index.php?rest_route=\/wp\/v2\/posts"}],"about":[{"href":"https:\/\/arantv.az\/index.php?rest_route=\/wp\/v2\/types\/post"}],"author":[{"embeddable":true,"href":"https:\/\/arantv.az\/index.php?rest_route=\/wp\/v2\/users\/2"}],"replies":[{"embeddable":true,"href":"https:\/\/arantv.az\/index.php?rest_route=%2Fwp%2Fv2%2Fcomments&post=108881"}],"version-history":[{"count":0,"href":"https:\/\/arantv.az\/index.php?rest_route=\/wp\/v2\/posts\/108881\/revisions"}],"wp:featuredmedia":[{"embeddable":true,"href":"https:\/\/arantv.az\/index.php?rest_route=\/wp\/v2\/media\/108882"}],"wp:attachment":[{"href":"https:\/\/arantv.az\/index.php?rest_route=%2Fwp%2Fv2%2Fmedia&parent=108881"}],"wp:term":[{"taxonomy":"category","embeddable":true,"href":"https:\/\/arantv.az\/index.php?rest_route=%2Fwp%2Fv2%2Fcategories&post=108881"},{"taxonomy":"post_tag","embeddable":true,"href":"https:\/\/arantv.az\/index.php?rest_route=%2Fwp%2Fv2%2Ftags&post=108881"}],"curies":[{"name":"wp","href":"https:\/\/api.w.org\/{rel}","templated":true}]}}