{"id":108889,"date":"2019-12-18T13:25:05","date_gmt":"2019-12-18T10:25:05","guid":{"rendered":"http:\/\/arantv.az\/?p=108889"},"modified":"2019-12-18T13:25:05","modified_gmt":"2019-12-18T10:25:05","slug":"bulvarda-yeni-il-daha-t%c9%99mt%c9%99raqli-olacaq","status":"publish","type":"post","link":"https:\/\/arantv.az\/?p=108889","title":{"rendered":"&#8220;Bulvarda Yeni il daha t\u0259mt\u0259raql\u0131 olacaq&#8221;"},"content":{"rendered":"<p><strong>Bulvarda Yeni il bayram\u0131na haz\u0131rl\u0131qlara ba\u015flan\u0131l\u0131b.<\/strong><\/p>\n<p><strong>ARANTV.AZ<\/strong>\u00a0 x\u0259b\u0259r verir ki, bu haqda D\u0259nizk\u0259nar\u0131 Bulvar \u0130dar\u0259sinin m\u0259tbuat xidm\u0259tinin r\u0259hb\u0259ri G\u00fcnay Yelmarq\u0131z\u0131 m\u0259lumat yay\u0131b. O, park\u0131n f\u0259rqli dizaynda, daha r\u0259ngar\u0259ng v\u0259 m\u00fcasir formada b\u0259z\u0259dildiyini deyib:<\/p>\n<p>&#8220;Bu il bulvarda Yeni il daha t\u0259mt\u0259raql\u0131 olacaq. B\u00fct\u00fcn D\u0259nizk\u0259nar\u0131 Milli Park \u0259razisi yeni dizaynda, daha r\u0259ngar\u0259ng v\u0259 m\u00fcasir formada b\u0259z\u0259dilir. Art\u0131q Neft\u00e7il\u0259r prospekti boyunca v\u0259 bulvar \u0259razisind\u0259ki b\u00fct\u00fcn \u015eam a\u011faclar\u0131 v\u0259 dir\u0259kl\u0259r \u00e7il\u00e7\u0131raqlarla b\u0259z\u0259dilib. Bulvar boyunca ayr\u0131 ayr\u0131 r\u0259ngar\u0259ng kompazisiyalar qura\u015fd\u0131r\u0131l\u0131b.<\/p>\n<p>Bayram g\u00fcnl\u0259rind\u0259 bulvara giri\u015f istiqam\u0259tl\u0259rind\u0259 paytaxt sakinl\u0259ri v\u0259 qonaqlar t\u0259mt\u0259raql\u0131 b\u0259z\u0259kl\u0259rl\u0259 qar\u015f\u0131lanacaq. Art\u0131q Kukla teatr\u0131n\u0131n yan\u0131ndak\u0131 yeralt\u0131 ke\u00e7idin \u00f6n\u00fcnd\u0259 bulvar \u0259razisi istiqam\u0259tind\u0259 i\u015f\u0131qlarla b\u0259z\u0259dil\u0259n, uzunlu\u011fu 67 metr olan tunel d\u00fcz\u0259ldilib.<\/p>\n<p>Bulvar \u0259razisind\u0259 iki\u00a0Yeni il a\u011fac\u0131\u00a0qura\u015fd\u0131r\u0131l\u0131b. Bunlardan biri K\u00f6hn\u0259 bulvar \u0259razisind\u0259 Dinamo deyil\u0259n yerd\u0259 (t\u0259xmin\u0259n 12 metr), dig\u0259ri A\u011f \u015e\u0259h\u0259r Bulvar\u0131 \u0259razisind\u0259 v\u0259 t\u0259xmin\u0259n 18 metr h\u00fcnd\u00fcrl\u00fcy\u00fcnd\u0259dir.<\/p>\n<p>Bayram g\u00fcnl\u0259rind\u0259\u00a0parkda Yeni ilin b\u00fct\u00fcn atributlar\u0131na rast g\u0259l\u0259 bil\u0259c\u0259ksiniz. R\u0259ngar\u0259ng b\u0259z\u0259dilmi\u015f retro ma\u015f\u0131nlar m\u00fc\u0259yy\u0259n \u0259razil\u0259rd\u0259 h\u0259r\u0259k\u0259t ed\u0259c\u0259k.<\/p>\n<p>G\u0259l\u0259n h\u0259ft\u0259d\u0259n ba\u015flayaraq t\u0259xmin\u0259n 3 h\u0259ft\u0259 \u0259rzind\u0259 Kukla Teatr\u0131n\u0131n arxas\u0131nda yerl\u0259\u015f\u0259n meydanda bayram proqram\u0131 t\u0259qdim olunacaq. Milli Parka g\u0259l\u0259n paytaxt sakinl\u0259ri v\u0259 \u015f\u0259h\u0259rimizin qonaqlar\u0131n\u0131 maraql\u0131 surprizl\u0259r, canl\u0131 musiqi g\u00f6zl\u0259yir&#8221;.Ax\u015fam.az<\/p>\n","protected":false},"excerpt":{"rendered":"<p>Bulvarda Yeni il bayram\u0131na haz\u0131rl\u0131qlara ba\u015flan\u0131l\u0131b. ARANTV.AZ\u00a0 x\u0259b\u0259r verir ki, bu haqda D\u0259nizk\u0259nar\u0131 Bulvar \u0130dar\u0259sinin m\u0259tbuat xidm\u0259tinin r\u0259hb\u0259ri G\u00fcnay Yelmarq\u0131z\u0131 m\u0259lumat yay\u0131b. O, park\u0131n f\u0259rqli dizaynda, daha r\u0259ngar\u0259ng v\u0259 m\u00fcasir formada b\u0259z\u0259dildiyini deyib: &#8220;Bu il bulvarda Yeni il daha t\u0259mt\u0259raql\u0131 olacaq. B\u00fct\u00fcn D\u0259nizk\u0259nar\u0131 Milli Park \u0259razisi yeni dizaynda, daha r\u0259ngar\u0259ng v\u0259 m\u00fcasir formada b\u0259z\u0259dilir. Art\u0131q Neft\u00e7il\u0259r prospekti boyunca v\u0259 bulvar \u0259razisind\u0259ki b\u00fct\u00fcn \u015eam a\u011faclar\u0131 v\u0259 dir\u0259kl\u0259r \u00e7il\u00e7\u0131raqlarla b\u0259z\u0259dilib. Bulvar boyunca ayr\u0131 ayr\u0131 r\u0259ngar\u0259ng kompazisiyalar qura\u015fd\u0131r\u0131l\u0131b. Bayram g\u00fcnl\u0259rind\u0259 bulvara giri\u015f istiqam\u0259tl\u0259rind\u0259 paytaxt sakinl\u0259ri v\u0259 qonaqlar t\u0259mt\u0259raql\u0131 b\u0259z\u0259kl\u0259rl\u0259 qar\u015f\u0131lanacaq. Art\u0131q Kukla teatr\u0131n\u0131n&hellip;<\/p>\n","protected":false},"author":2,"featured_media":108890,"comment_status":"closed","ping_status":"closed","sticky":false,"template":"","format":"standard","meta":{"om_disable_all_campaigns":false,"_monsterinsights_skip_tracking":false,"_monsterinsights_sitenote_active":false,"_monsterinsights_sitenote_note":"","_monsterinsights_sitenote_category":0},"categories":[1],"tags":[],"aioseo_notices":[],"gutentor_comment":0,"rttpg_featured_image_url":{"full":["https:\/\/arantv.az\/wp-content\/uploads\/2019\/12\/189144_dtgwh0m1h4.jpg",1000,665,false],"landscape":["https:\/\/arantv.az\/wp-content\/uploads\/2019\/12\/189144_dtgwh0m1h4.jpg",1000,665,false],"portraits":["https:\/\/arantv.az\/wp-content\/uploads\/2019\/12\/189144_dtgwh0m1h4.jpg",1000,665,false],"thumbnail":["https:\/\/arantv.az\/wp-content\/uploads\/2019\/12\/189144_dtgwh0m1h4-150x150.jpg",150,150,true],"medium":["https:\/\/arantv.az\/wp-content\/uploads\/2019\/12\/189144_dtgwh0m1h4-300x200.jpg",300,200,true],"large":["https:\/\/arantv.az\/wp-content\/uploads\/2019\/12\/189144_dtgwh0m1h4.jpg",640,426,false],"1536x1536":["https:\/\/arantv.az\/wp-content\/uploads\/2019\/12\/189144_dtgwh0m1h4.jpg",1000,665,false],"2048x2048":["https:\/\/arantv.az\/wp-content\/uploads\/2019\/12\/189144_dtgwh0m1h4.jpg",1000,665,false],"post-thumbnail":["https:\/\/arantv.az\/wp-content\/uploads\/2019\/12\/189144_dtgwh0m1h4-240x172.jpg",240,172,true],"advps-thumb-one":["https:\/\/arantv.az\/wp-content\/uploads\/2019\/12\/189144_dtgwh0m1h4-1000x620.jpg",1000,620,true]},"rttpg_author":{"display_name":"V\u00fcsal Rafiqo\u011flu","author_link":"https:\/\/arantv.az\/?author=2"},"rttpg_comment":0,"rttpg_category":"<a href=\"https:\/\/arantv.az\/?cat=1\" rel=\"category\">C\u0259miyy\u0259t<\/a>","rttpg_excerpt":"Bulvarda Yeni il bayram\u0131na haz\u0131rl\u0131qlara ba\u015flan\u0131l\u0131b. ARANTV.AZ\u00a0 x\u0259b\u0259r verir ki, bu haqda D\u0259nizk\u0259nar\u0131 Bulvar \u0130dar\u0259sinin m\u0259tbuat xidm\u0259tinin r\u0259hb\u0259ri G\u00fcnay Yelmarq\u0131z\u0131 m\u0259lumat yay\u0131b. O, park\u0131n f\u0259rqli dizaynda, daha r\u0259ngar\u0259ng v\u0259 m\u00fcasir formada b\u0259z\u0259dildiyini deyib: &#8220;Bu il bulvarda Yeni il daha t\u0259mt\u0259raql\u0131 olacaq. B\u00fct\u00fcn D\u0259nizk\u0259nar\u0131 Milli Park \u0259razisi yeni dizaynda, daha r\u0259ngar\u0259ng v\u0259 m\u00fcasir formada b\u0259z\u0259dilir. Art\u0131q&hellip;","_links":{"self":[{"href":"https:\/\/arantv.az\/index.php?rest_route=\/wp\/v2\/posts\/108889"}],"collection":[{"href":"https:\/\/arantv.az\/index.php?rest_route=\/wp\/v2\/posts"}],"about":[{"href":"https:\/\/arantv.az\/index.php?rest_route=\/wp\/v2\/types\/post"}],"author":[{"embeddable":true,"href":"https:\/\/arantv.az\/index.php?rest_route=\/wp\/v2\/users\/2"}],"replies":[{"embeddable":true,"href":"https:\/\/arantv.az\/index.php?rest_route=%2Fwp%2Fv2%2Fcomments&post=108889"}],"version-history":[{"count":0,"href":"https:\/\/arantv.az\/index.php?rest_route=\/wp\/v2\/posts\/108889\/revisions"}],"wp:featuredmedia":[{"embeddable":true,"href":"https:\/\/arantv.az\/index.php?rest_route=\/wp\/v2\/media\/108890"}],"wp:attachment":[{"href":"https:\/\/arantv.az\/index.php?rest_route=%2Fwp%2Fv2%2Fmedia&parent=108889"}],"wp:term":[{"taxonomy":"category","embeddable":true,"href":"https:\/\/arantv.az\/index.php?rest_route=%2Fwp%2Fv2%2Fcategories&post=108889"},{"taxonomy":"post_tag","embeddable":true,"href":"https:\/\/arantv.az\/index.php?rest_route=%2Fwp%2Fv2%2Ftags&post=108889"}],"curies":[{"name":"wp","href":"https:\/\/api.w.org\/{rel}","templated":true}]}}