{"id":108893,"date":"2019-12-18T13:29:10","date_gmt":"2019-12-18T10:29:10","guid":{"rendered":"http:\/\/arantv.az\/?p=108893"},"modified":"2019-12-18T13:29:10","modified_gmt":"2019-12-18T10:29:10","slug":"baki-dovl%c9%99t-sirkinin-baglanmasini-ist%c9%99mir%c9%99m-%c9%99bulf%c9%99s-qarayev","status":"publish","type":"post","link":"https:\/\/arantv.az\/?p=108893","title":{"rendered":"\u201cBak\u0131 D\u00f6vl\u0259t Sirkinin ba\u011flanmas\u0131n\u0131 ist\u0259mir\u0259m\u201d &#8211; \u018fb\u00fclf\u0259s Qarayev"},"content":{"rendered":"<p><strong>&#8220;F\u00f6vq\u0259lad\u0259 Hallar Nazirliyi t\u0259r\u0259find\u0259n Bak\u0131 D\u00f6vl\u0259t Sirki il\u0259 ba\u011fl\u0131 m\u00fc\u0259yy\u0259n haql\u0131 iradlar ir\u0259li s\u00fcr\u00fcl\u00fcb&#8221;.<\/strong><\/p>\n<p><strong>ARANTV.AZ<\/strong> x\u0259b\u0259r verir ki, bunu jurnalistl\u0259r\u0259 a\u00e7\u0131qlamas\u0131nda M\u0259d\u0259niyy\u0259t naziri \u018fb\u00fclf\u0259s Qarayev deyib.<\/p>\n<p>Nazir Bak\u0131 D\u00f6vl\u0259t Sirkinin ba\u011flanmas\u0131n\u0131 ist\u0259m\u0259diyini bildirib:<\/p>\n<p>&#8220;\u00c7\u00fcnki \u015f\u0259h\u0259rd\u0259 m\u00fctl\u0259q bel\u0259 bir m\u00fc\u0259ssis\u0259 olmal\u0131d\u0131r. Sirk 40 il\u0259 yax\u0131nd\u0131r ki, \u0259sasl\u0131 t\u0259mir olunmadan f\u0259aliyy\u0259t g\u00f6st\u0259rir. Hesab edir\u0259m ki, m\u00fcv\u0259qq\u0259ti olsa da, t\u0259hl\u00fck\u0259sizlikl\u0259 ba\u011fl\u0131 olan \u00f6l\u00e7\u00fcl\u0259ri g\u00f6t\u00fcrm\u0259liyik. Art\u0131q bunlar\u0131n yar\u0131s\u0131n\u0131 etmi\u015fik. \u00dcmidvaram ki, bu m\u00f6vs\u00fcmd\u0259 sirk \u00f6z i\u015fini davam etdir\u0259 bil\u0259r. Amma bu m\u0259s\u0259l\u0259y\u0259 g\u0259l\u0259c\u0259kd\u0259 m\u00fctl\u0259q bax\u0131lmal\u0131d\u0131r&#8221;.Ax\u015fam.az<\/p>\n","protected":false},"excerpt":{"rendered":"<p>&#8220;F\u00f6vq\u0259lad\u0259 Hallar Nazirliyi t\u0259r\u0259find\u0259n Bak\u0131 D\u00f6vl\u0259t Sirki il\u0259 ba\u011fl\u0131 m\u00fc\u0259yy\u0259n haql\u0131 iradlar ir\u0259li s\u00fcr\u00fcl\u00fcb&#8221;. ARANTV.AZ x\u0259b\u0259r verir ki, bunu jurnalistl\u0259r\u0259 a\u00e7\u0131qlamas\u0131nda M\u0259d\u0259niyy\u0259t naziri \u018fb\u00fclf\u0259s Qarayev deyib. Nazir Bak\u0131 D\u00f6vl\u0259t Sirkinin ba\u011flanmas\u0131n\u0131 ist\u0259m\u0259diyini bildirib: &#8220;\u00c7\u00fcnki \u015f\u0259h\u0259rd\u0259 m\u00fctl\u0259q bel\u0259 bir m\u00fc\u0259ssis\u0259 olmal\u0131d\u0131r. Sirk 40 il\u0259 yax\u0131nd\u0131r ki, \u0259sasl\u0131 t\u0259mir olunmadan f\u0259aliyy\u0259t g\u00f6st\u0259rir. Hesab edir\u0259m ki, m\u00fcv\u0259qq\u0259ti olsa da, t\u0259hl\u00fck\u0259sizlikl\u0259 ba\u011fl\u0131 olan \u00f6l\u00e7\u00fcl\u0259ri g\u00f6t\u00fcrm\u0259liyik. Art\u0131q bunlar\u0131n yar\u0131s\u0131n\u0131 etmi\u015fik. \u00dcmidvaram ki, bu m\u00f6vs\u00fcmd\u0259 sirk \u00f6z i\u015fini davam etdir\u0259 bil\u0259r. Amma bu m\u0259s\u0259l\u0259y\u0259 g\u0259l\u0259c\u0259kd\u0259 m\u00fctl\u0259q bax\u0131lmal\u0131d\u0131r&#8221;.Ax\u015fam.az<\/p>\n","protected":false},"author":2,"featured_media":108894,"comment_status":"closed","ping_status":"closed","sticky":false,"template":"","format":"standard","meta":{"om_disable_all_campaigns":false,"_monsterinsights_skip_tracking":false,"_monsterinsights_sitenote_active":false,"_monsterinsights_sitenote_note":"","_monsterinsights_sitenote_category":0},"categories":[1],"tags":[],"aioseo_notices":[],"gutentor_comment":0,"rttpg_featured_image_url":{"full":["https:\/\/arantv.az\/wp-content\/uploads\/2019\/12\/189143_qlewk45cnd.jpg",637,400,false],"landscape":["https:\/\/arantv.az\/wp-content\/uploads\/2019\/12\/189143_qlewk45cnd.jpg",637,400,false],"portraits":["https:\/\/arantv.az\/wp-content\/uploads\/2019\/12\/189143_qlewk45cnd.jpg",637,400,false],"thumbnail":["https:\/\/arantv.az\/wp-content\/uploads\/2019\/12\/189143_qlewk45cnd-150x150.jpg",150,150,true],"medium":["https:\/\/arantv.az\/wp-content\/uploads\/2019\/12\/189143_qlewk45cnd-300x188.jpg",300,188,true],"large":["https:\/\/arantv.az\/wp-content\/uploads\/2019\/12\/189143_qlewk45cnd.jpg",637,400,false],"1536x1536":["https:\/\/arantv.az\/wp-content\/uploads\/2019\/12\/189143_qlewk45cnd.jpg",637,400,false],"2048x2048":["https:\/\/arantv.az\/wp-content\/uploads\/2019\/12\/189143_qlewk45cnd.jpg",637,400,false],"post-thumbnail":["https:\/\/arantv.az\/wp-content\/uploads\/2019\/12\/189143_qlewk45cnd-240x172.jpg",240,172,true],"advps-thumb-one":["https:\/\/arantv.az\/wp-content\/uploads\/2019\/12\/189143_qlewk45cnd.jpg",637,400,false]},"rttpg_author":{"display_name":"V\u00fcsal Rafiqo\u011flu","author_link":"https:\/\/arantv.az\/?author=2"},"rttpg_comment":0,"rttpg_category":"<a href=\"https:\/\/arantv.az\/?cat=1\" rel=\"category\">C\u0259miyy\u0259t<\/a>","rttpg_excerpt":"&#8220;F\u00f6vq\u0259lad\u0259 Hallar Nazirliyi t\u0259r\u0259find\u0259n Bak\u0131 D\u00f6vl\u0259t Sirki il\u0259 ba\u011fl\u0131 m\u00fc\u0259yy\u0259n haql\u0131 iradlar ir\u0259li s\u00fcr\u00fcl\u00fcb&#8221;. ARANTV.AZ x\u0259b\u0259r verir ki, bunu jurnalistl\u0259r\u0259 a\u00e7\u0131qlamas\u0131nda M\u0259d\u0259niyy\u0259t naziri \u018fb\u00fclf\u0259s Qarayev deyib. Nazir Bak\u0131 D\u00f6vl\u0259t Sirkinin ba\u011flanmas\u0131n\u0131 ist\u0259m\u0259diyini bildirib: &#8220;\u00c7\u00fcnki \u015f\u0259h\u0259rd\u0259 m\u00fctl\u0259q bel\u0259 bir m\u00fc\u0259ssis\u0259 olmal\u0131d\u0131r. Sirk 40 il\u0259 yax\u0131nd\u0131r ki, \u0259sasl\u0131 t\u0259mir olunmadan f\u0259aliyy\u0259t g\u00f6st\u0259rir. Hesab edir\u0259m ki, m\u00fcv\u0259qq\u0259ti olsa&hellip;","_links":{"self":[{"href":"https:\/\/arantv.az\/index.php?rest_route=\/wp\/v2\/posts\/108893"}],"collection":[{"href":"https:\/\/arantv.az\/index.php?rest_route=\/wp\/v2\/posts"}],"about":[{"href":"https:\/\/arantv.az\/index.php?rest_route=\/wp\/v2\/types\/post"}],"author":[{"embeddable":true,"href":"https:\/\/arantv.az\/index.php?rest_route=\/wp\/v2\/users\/2"}],"replies":[{"embeddable":true,"href":"https:\/\/arantv.az\/index.php?rest_route=%2Fwp%2Fv2%2Fcomments&post=108893"}],"version-history":[{"count":0,"href":"https:\/\/arantv.az\/index.php?rest_route=\/wp\/v2\/posts\/108893\/revisions"}],"wp:featuredmedia":[{"embeddable":true,"href":"https:\/\/arantv.az\/index.php?rest_route=\/wp\/v2\/media\/108894"}],"wp:attachment":[{"href":"https:\/\/arantv.az\/index.php?rest_route=%2Fwp%2Fv2%2Fmedia&parent=108893"}],"wp:term":[{"taxonomy":"category","embeddable":true,"href":"https:\/\/arantv.az\/index.php?rest_route=%2Fwp%2Fv2%2Fcategories&post=108893"},{"taxonomy":"post_tag","embeddable":true,"href":"https:\/\/arantv.az\/index.php?rest_route=%2Fwp%2Fv2%2Ftags&post=108893"}],"curies":[{"name":"wp","href":"https:\/\/api.w.org\/{rel}","templated":true}]}}