{"id":108897,"date":"2019-12-18T13:30:05","date_gmt":"2019-12-18T10:30:05","guid":{"rendered":"http:\/\/arantv.az\/?p=108897"},"modified":"2019-12-18T13:30:05","modified_gmt":"2019-12-18T10:30:05","slug":"bakida-orqanik-v%c9%99-ekoloji-t%c9%99miz-m%c9%99hsulun-inkisafi-perspektivl%c9%99ri-muzakir%c9%99-olunur","status":"publish","type":"post","link":"https:\/\/arantv.az\/?p=108897","title":{"rendered":"Bak\u0131da orqanik v\u0259 ekoloji t\u0259miz m\u0259hsulun inki\u015faf\u0131 perspektivl\u0259ri m\u00fczakir\u0259 olunur"},"content":{"rendered":"<p>&#8220;G\u0259l\u0259c\u0259k n\u0259sill\u0259rin sa\u011flaml\u0131\u011f\u0131 az\u0259rbaycanl\u0131 istehsal\u00e7\u0131lar\u0131 ekoloji t\u0259miz, orqanik m\u0259hsullar\u0131n istehsal\u0131na ruhland\u0131rmal\u0131d\u0131r&#8221;.<\/p>\n<p><strong>ARANTV.AZ<\/strong>\u00a0\u00a0<a href=\"https:\/\/az.trend.az\/\" target=\"_blank\" rel=\"noopener\">Trend<\/a>-\u0259 istinad\u0259n x\u0259b\u0259r verir ki, bunu Ekoloji T\u0259miz M\u0259hsullar\u0131n \u0130stehsal\u00e7\u0131lar\u0131 v\u0259 \u0130xracat\u00e7\u0131lar\u0131 Assosiasiyas\u0131n\u0131n r\u0259hb\u0259ri Emin \u018fliyev &#8220;Orqanik m\u0259hsullar\u0131n istehsal\u0131 v\u0259 ixrac potensial\u0131&#8221; adl\u0131 konfrans zaman\u0131 deyib.<\/p>\n<p>O bildirib ki, orqanik m\u0259hsul istehsal\u0131 ad\u0131 alt\u0131nda t\u0259kc\u0259 k\u0259nd t\u0259s\u0259rr\u00fcfat\u0131 m\u0259hsullar\u0131 deyil, h\u0259m d\u0259 orqanik s\u0259naye m\u0259hsullar\u0131 n\u0259z\u0259rd\u0259 tutulur:<\/p>\n<p>&#8220;Orqanik m\u0259hsul t\u0259kc\u0259 sa\u011flam qida deyil, h\u0259m d\u0259 sa\u011flam m\u00fchitdir. D\u00fcnya trendind\u0259 orqanik v\u0259 ekoloji t\u0259miz geyim istehsal\u0131 yer al\u0131r, bunun Az\u0259rbaycanda da b\u00f6y\u00fck potensial\u0131 var. Bizd\u0259 orqanik pamb\u0131q istehsal\u0131 var v\u0259 onun art\u0131r\u0131lmas\u0131 \u00fc\u00e7\u00fcn imkanlar m\u00f6vcuddur&#8221;.<\/p>\n<p>T\u0259dbir \u00e7\u0259r\u00e7iv\u0259sind\u0259 Ekoloji T\u0259miz M\u0259hsullar\u0131n \u0130stehsal\u00e7\u0131lar\u0131 v\u0259 \u0130xracat\u00e7\u0131lar\u0131 Assosiasiyas\u0131, F\u0131nd\u0131q \u0130stehsal\u00e7\u0131lar\u0131 v\u0259 \u0130xracat\u00e7\u0131lar\u0131 Assosiasiyas\u0131, Ar\u0131\u00e7\u0131lar Assosiasiyas\u0131, Meyv\u0259 v\u0259 T\u0259r\u0259v\u0259z \u0130stehsal\u00e7\u0131lar\u0131 v\u0259 \u0130xracat\u00e7\u0131lar\u0131 Assosiasiyas\u0131 v\u0259 \u00c7ay \u0130stehsal\u00e7\u0131lar\u0131 v\u0259 \u0130xracat\u00e7\u0131lar\u0131 Assosiasiyas\u0131 aras\u0131nda \u0259m\u0259kda\u015fl\u0131q memorandumu imzalan\u0131b.<\/p>\n<p>Memorandumu h\u0259min assosiyalar\u0131n n\u00fcmay\u0259nd\u0259l\u0259ri Emin \u018fliyev, \u0130smay\u0131l Orucov, B\u0259dr\u0259ddin H\u0259sr\u0259tov, B\u0259\u015fir Quliyev v\u0259 \u0130lkin \u018fl\u0259kb\u0259rov imzalay\u0131b.<\/p>\n<p>Memorandum Az\u0259rbaycanda ekoloji t\u0259miz orqanik m\u0259hsullar\u0131n istehsal\u0131 v\u0259 ixrac\u0131n\u0131n inki\u015faf\u0131 m\u0259qs\u0259dil\u0259 qar\u015f\u0131l\u0131ql\u0131 \u0259m\u0259kda\u015fl\u0131\u011fa y\u00f6n\u0259lib.<\/p>\n","protected":false},"excerpt":{"rendered":"<p>&#8220;G\u0259l\u0259c\u0259k n\u0259sill\u0259rin sa\u011flaml\u0131\u011f\u0131 az\u0259rbaycanl\u0131 istehsal\u00e7\u0131lar\u0131 ekoloji t\u0259miz, orqanik m\u0259hsullar\u0131n istehsal\u0131na ruhland\u0131rmal\u0131d\u0131r&#8221;. ARANTV.AZ\u00a0\u00a0Trend-\u0259 istinad\u0259n x\u0259b\u0259r verir ki, bunu Ekoloji T\u0259miz M\u0259hsullar\u0131n \u0130stehsal\u00e7\u0131lar\u0131 v\u0259 \u0130xracat\u00e7\u0131lar\u0131 Assosiasiyas\u0131n\u0131n r\u0259hb\u0259ri Emin \u018fliyev &#8220;Orqanik m\u0259hsullar\u0131n istehsal\u0131 v\u0259 ixrac potensial\u0131&#8221; adl\u0131 konfrans zaman\u0131 deyib. O bildirib ki, orqanik m\u0259hsul istehsal\u0131 ad\u0131 alt\u0131nda t\u0259kc\u0259 k\u0259nd t\u0259s\u0259rr\u00fcfat\u0131 m\u0259hsullar\u0131 deyil, h\u0259m d\u0259 orqanik s\u0259naye m\u0259hsullar\u0131 n\u0259z\u0259rd\u0259 tutulur: &#8220;Orqanik m\u0259hsul t\u0259kc\u0259 sa\u011flam qida deyil, h\u0259m d\u0259 sa\u011flam m\u00fchitdir. D\u00fcnya trendind\u0259 orqanik v\u0259 ekoloji t\u0259miz geyim istehsal\u0131 yer al\u0131r, bunun Az\u0259rbaycanda da b\u00f6y\u00fck potensial\u0131 var. Bizd\u0259 orqanik pamb\u0131q istehsal\u0131 var v\u0259 onun&hellip;<\/p>\n","protected":false},"author":2,"featured_media":108898,"comment_status":"closed","ping_status":"closed","sticky":false,"template":"","format":"standard","meta":{"om_disable_all_campaigns":false,"_monsterinsights_skip_tracking":false,"_monsterinsights_sitenote_active":false,"_monsterinsights_sitenote_note":"","_monsterinsights_sitenote_category":0},"categories":[1],"tags":[],"aioseo_notices":[],"gutentor_comment":0,"rttpg_featured_image_url":{"full":["https:\/\/arantv.az\/wp-content\/uploads\/2019\/12\/811472.jpg",800,600,false],"landscape":["https:\/\/arantv.az\/wp-content\/uploads\/2019\/12\/811472.jpg",800,600,false],"portraits":["https:\/\/arantv.az\/wp-content\/uploads\/2019\/12\/811472.jpg",800,600,false],"thumbnail":["https:\/\/arantv.az\/wp-content\/uploads\/2019\/12\/811472-150x150.jpg",150,150,true],"medium":["https:\/\/arantv.az\/wp-content\/uploads\/2019\/12\/811472-300x225.jpg",300,225,true],"large":["https:\/\/arantv.az\/wp-content\/uploads\/2019\/12\/811472.jpg",640,480,false],"1536x1536":["https:\/\/arantv.az\/wp-content\/uploads\/2019\/12\/811472.jpg",800,600,false],"2048x2048":["https:\/\/arantv.az\/wp-content\/uploads\/2019\/12\/811472.jpg",800,600,false],"post-thumbnail":["https:\/\/arantv.az\/wp-content\/uploads\/2019\/12\/811472-240x172.jpg",240,172,true],"advps-thumb-one":["https:\/\/arantv.az\/wp-content\/uploads\/2019\/12\/811472.jpg",800,600,false]},"rttpg_author":{"display_name":"V\u00fcsal Rafiqo\u011flu","author_link":"https:\/\/arantv.az\/?author=2"},"rttpg_comment":0,"rttpg_category":"<a href=\"https:\/\/arantv.az\/?cat=1\" rel=\"category\">C\u0259miyy\u0259t<\/a>","rttpg_excerpt":"&#8220;G\u0259l\u0259c\u0259k n\u0259sill\u0259rin sa\u011flaml\u0131\u011f\u0131 az\u0259rbaycanl\u0131 istehsal\u00e7\u0131lar\u0131 ekoloji t\u0259miz, orqanik m\u0259hsullar\u0131n istehsal\u0131na ruhland\u0131rmal\u0131d\u0131r&#8221;. ARANTV.AZ\u00a0\u00a0Trend-\u0259 istinad\u0259n x\u0259b\u0259r verir ki, bunu Ekoloji T\u0259miz M\u0259hsullar\u0131n \u0130stehsal\u00e7\u0131lar\u0131 v\u0259 \u0130xracat\u00e7\u0131lar\u0131 Assosiasiyas\u0131n\u0131n r\u0259hb\u0259ri Emin \u018fliyev &#8220;Orqanik m\u0259hsullar\u0131n istehsal\u0131 v\u0259 ixrac potensial\u0131&#8221; adl\u0131 konfrans zaman\u0131 deyib. O bildirib ki, orqanik m\u0259hsul istehsal\u0131 ad\u0131 alt\u0131nda t\u0259kc\u0259 k\u0259nd t\u0259s\u0259rr\u00fcfat\u0131 m\u0259hsullar\u0131 deyil, h\u0259m d\u0259 orqanik s\u0259naye m\u0259hsullar\u0131&hellip;","_links":{"self":[{"href":"https:\/\/arantv.az\/index.php?rest_route=\/wp\/v2\/posts\/108897"}],"collection":[{"href":"https:\/\/arantv.az\/index.php?rest_route=\/wp\/v2\/posts"}],"about":[{"href":"https:\/\/arantv.az\/index.php?rest_route=\/wp\/v2\/types\/post"}],"author":[{"embeddable":true,"href":"https:\/\/arantv.az\/index.php?rest_route=\/wp\/v2\/users\/2"}],"replies":[{"embeddable":true,"href":"https:\/\/arantv.az\/index.php?rest_route=%2Fwp%2Fv2%2Fcomments&post=108897"}],"version-history":[{"count":0,"href":"https:\/\/arantv.az\/index.php?rest_route=\/wp\/v2\/posts\/108897\/revisions"}],"wp:featuredmedia":[{"embeddable":true,"href":"https:\/\/arantv.az\/index.php?rest_route=\/wp\/v2\/media\/108898"}],"wp:attachment":[{"href":"https:\/\/arantv.az\/index.php?rest_route=%2Fwp%2Fv2%2Fmedia&parent=108897"}],"wp:term":[{"taxonomy":"category","embeddable":true,"href":"https:\/\/arantv.az\/index.php?rest_route=%2Fwp%2Fv2%2Fcategories&post=108897"},{"taxonomy":"post_tag","embeddable":true,"href":"https:\/\/arantv.az\/index.php?rest_route=%2Fwp%2Fv2%2Ftags&post=108897"}],"curies":[{"name":"wp","href":"https:\/\/api.w.org\/{rel}","templated":true}]}}