{"id":108901,"date":"2019-12-18T13:33:14","date_gmt":"2019-12-18T10:33:14","guid":{"rendered":"http:\/\/arantv.az\/?p=108901"},"modified":"2019-12-18T13:33:14","modified_gmt":"2019-12-18T10:33:14","slug":"nazir-az%c9%99rbaycan-dunyada-t%c9%99kc%c9%99-neft-olk%c9%99si-deyil-h%c9%99m-d%c9%99-m%c9%99d%c9%99niyy%c9%99t-tarix-tolerantliq-numayis-etdirir","status":"publish","type":"post","link":"https:\/\/arantv.az\/?p=108901","title":{"rendered":"Nazir: &#8220;Az\u0259rbaycan d\u00fcnyada t\u0259kc\u0259 neft \u00f6lk\u0259si deyil, h\u0259m d\u0259 m\u0259d\u0259niyy\u0259t, tarix, tolerantl\u0131q n\u00fcmayi\u015f etdirir&#8221;"},"content":{"rendered":"<p>Bu g\u00fcn M\u0259d\u0259niyy\u0259t Nazirliyi v\u0259 Dini Qurumlarla \u0130\u015f \u00fczr\u0259 D\u00f6vl\u0259t Komit\u0259sinin (DQ\u0130DK) birg\u0259 t\u0259\u015fkilat\u00e7\u0131l\u0131\u011f\u0131 il\u0259 &#8220;Prezident \u0130lham \u018fliyevin siyas\u0259ti: m\u0259d\u0259niyy\u0259tl\u0259raras\u0131 v\u0259 dinl\u0259raras\u0131 harmoniya&#8221; m\u00f6vzusunda konfrans ke\u00e7irilib.<\/p>\n<p><strong>ARANTV.AZ\u00a0<\/strong>\u00a0<a href=\"https:\/\/az.trend.az\/\" target=\"_blank\" rel=\"noopener\">Trend<\/a>-\u0259 istinad\u0259n x\u0259b\u0259r verir ki, ADA Universitetinin prorektoru Fariz \u0130smay\u0131lzad\u0259nin moderatorlu\u011fu il\u0259 ke\u00e7iril\u0259n konfransda Prezident \u0130lham \u018fliyevin r\u0259hb\u0259rliyi il\u0259 respublikam\u0131zda d\u00f6vl\u0259t-din m\u00fcnasib\u0259tl\u0259rinin inki\u015faf dinamikas\u0131, d\u00f6vl\u0259tin din\u0259 qay\u011f\u0131s\u0131, xalq\u0131m\u0131z\u0131n multikulturalizm v\u0259 tolerantl\u0131q \u0259n\u0259n\u0259l\u0259rinin t\u0259bli\u011fi v\u0259 t\u0259\u015fviqi sah\u0259sind\u0259 g\u00f6r\u00fcl\u0259n i\u015fl\u0259r, Az\u0259rbaycan\u0131n m\u00fcxt\u0259lif m\u0259d\u0259niyy\u0259tl\u0259r v\u0259 dinl\u0259r aras\u0131nda \u0259laq\u0259l\u0259rin geni\u015fl\u0259nm\u0259sin\u0259 verdiyi t\u00f6hf\u0259l\u0259r, el\u0259c\u0259 d\u0259 bu sah\u0259d\u0259 qar\u015f\u0131da duran m\u0259s\u0259l\u0259l\u0259r m\u00fczakir\u0259 edilib.<\/p>\n<p>T\u0259dbird\u0259 \u00e7\u0131x\u0131\u015f ed\u0259n M\u0259d\u0259niyy\u0259t naziri \u018fb\u00fclf\u0259s Qarayev deyib ki, Bak\u0131 M\u0259d\u0259niyy\u0259tl\u0259raras\u0131 Forumu \u00f6t\u0259n 10 ild\u0259 el\u0259 bir n\u00fcfuz qazan\u0131b ki, art\u0131q n\u0259 beyn\u0259lxalq t\u0259\u015fkilatlar, n\u0259 d\u0259 h\u0259r hans\u0131 bir d\u00f6vl\u0259t bu n\u00fcfuzu \u015f\u00fcbh\u0259 alt\u0131na sala bilm\u0259z.<\/p>\n<p>Nazir bildirib ki, Az\u0259rbaycan\u0131n Birinci vitse-prezidenti Mehriban \u018fliyevan\u0131n say\u0259sind\u0259 13 qeyri-maddi v\u0259 3 m\u0259d\u0259ni irsimiz UNESCO-nun siyah\u0131s\u0131na daxildir. Az\u0259rbaycan d\u00fcnyada t\u0259kc\u0259 neft \u00f6lk\u0259si deyil, h\u0259m d\u0259 m\u0259d\u0259niyy\u0259t, tarix, tolerantl\u0131q n\u00fcmayi\u015f etdirir.<\/p>\n<p>Dini Qurumlarla \u0130\u015f \u00fczr\u0259 D\u00f6vl\u0259t Komit\u0259sinin s\u0259dri M\u00fcbariz Qurbanl\u0131 is\u0259 \u00e7\u0131x\u0131\u015f\u0131nda bildirib ki, bu t\u0259dbir Prezident \u0130lham \u018fliyev t\u0259r\u0259find\u0259n M\u0259d\u0259niyy\u0259tl\u0259raras\u0131 v\u0259 Sivilzasiyalararas\u0131 m\u00fcnasib\u0259tl\u0259rl\u0259 ba\u011fl\u0131 h\u0259yata ke\u00e7iril\u0259n siyas\u0259t\u0259 h\u0259sr olunub: &#8220;Az\u0259rbaycan ayr\u0131-ayr\u0131 sivilzasiyalar\u0131n, m\u0259d\u0259niyy\u0259tl\u0259rin qov\u015fa\u011f\u0131nda yerl\u0259\u015f\u0259n bir \u00f6lk\u0259dir. Prezident \u0130lham \u018fliyevin siyas\u0259tind\u0259 m\u0259d\u0259niyy\u0259tl\u0259r, sivilzasiyalararas\u0131 m\u00fcnasib\u0259tl\u0259r m\u0259s\u0259l\u0259si \u00f6n\u0259mli yerl\u0259rd\u0259n birini tutur. Bak\u0131 \u015f\u0259h\u0259rind\u0259 bununla ba\u011fl\u0131 \u00e7oxsayl\u0131 t\u0259dbirl\u0259r ke\u00e7irilib. Az\u0259rbaycan Bak\u0131 prosesinin h\u0259yata ke\u00e7irilm\u0259sind\u0259 rol oynayan \u00f6lk\u0259dir. Eyni zamanda, m\u0259d\u0259niyy\u0259tl\u0259raras\u0131 dialoq m\u0259s\u0259l\u0259sind\u0259 Heyd\u0259r \u018fliyev Fondunun prezidenti, Birinci vitse-prezident Mehriban \u018fliyevan\u0131n r\u0259hb\u0259rliyi il\u0259 h\u0259m Az\u0259rbaycanda, h\u0259m d\u0259 Az\u0259rbaycandan k\u0259narda \u00e7oxsayl\u0131 t\u0259dbirl\u0259r\u0259 imza at\u0131l\u0131b&#8221;.<\/p>\n<p>M.Qurbanl\u0131 vur\u011fulay\u0131b ki, bug\u00fcnk\u00fc d\u00fcnyam\u0131zda m\u0259d\u0259niyy\u0259tl\u0259raras\u0131, sivizasiyalararas\u0131 m\u00fcnasib\u0259tl\u0259rin daha da g\u00fccl\u0259ndirilm\u0259si \u00e7ox vacibdir: &#8220;\u00c7\u00fcnki m\u00fcasir d\u00fcnyam\u0131z\u0131 t\u0259hdid ed\u0259n bir s\u0131ra m\u0259s\u0259l\u0259l\u0259r var ki, bunlar\u0131n h\u0259ll edilm\u0259sind\u0259 dialoqun g\u00fccl\u0259ndirilm\u0259si vacib elementl\u0259rd\u0259n biri say\u0131l\u0131r. Qafqaz M\u00fcs\u0259lmanlar\u0131 \u0130dar\u0259sinin x\u0259tti, h\u0259m Dini Komit\u0259nin v\u0259 m\u00fcxt\u0259lif n\u00fcmay\u0259nd\u0259l\u0259rin i\u015ftirak\u0131 il\u0259 bu sah\u0259d\u0259 bir \u00e7ox t\u0259dbirl\u0259r h\u0259yata ke\u00e7irilib. Dini Liderl\u0259rin Birinci Sammiti, bu yax\u0131nlarda is\u0259 Dini Liderl\u0259rin \u0130kinci sammiti ke\u00e7irilib v\u0259 Bak\u0131 b\u0259yannam\u0259si q\u0259bul edilib. B\u00fct\u00f6vl\u00fckd\u0259, bu t\u0259dbirl\u0259rin \u00e7ox b\u00f6y\u00fck \u0259h\u0259miyy\u0259ti var. Bu t\u0259dbirl\u0259r Az\u0259rbaycan\u0131n multikultural d\u0259y\u0259rl\u0259rinin d\u00fcnyaya \u00e7atd\u0131r\u0131lmas\u0131nda \u0259h\u0259miyy\u0259tli yer tutur&#8221;.<\/p>\n","protected":false},"excerpt":{"rendered":"<p>Bu g\u00fcn M\u0259d\u0259niyy\u0259t Nazirliyi v\u0259 Dini Qurumlarla \u0130\u015f \u00fczr\u0259 D\u00f6vl\u0259t Komit\u0259sinin (DQ\u0130DK) birg\u0259 t\u0259\u015fkilat\u00e7\u0131l\u0131\u011f\u0131 il\u0259 &#8220;Prezident \u0130lham \u018fliyevin siyas\u0259ti: m\u0259d\u0259niyy\u0259tl\u0259raras\u0131 v\u0259 dinl\u0259raras\u0131 harmoniya&#8221; m\u00f6vzusunda konfrans ke\u00e7irilib. ARANTV.AZ\u00a0\u00a0Trend-\u0259 istinad\u0259n x\u0259b\u0259r verir ki, ADA Universitetinin prorektoru Fariz \u0130smay\u0131lzad\u0259nin moderatorlu\u011fu il\u0259 ke\u00e7iril\u0259n konfransda Prezident \u0130lham \u018fliyevin r\u0259hb\u0259rliyi il\u0259 respublikam\u0131zda d\u00f6vl\u0259t-din m\u00fcnasib\u0259tl\u0259rinin inki\u015faf dinamikas\u0131, d\u00f6vl\u0259tin din\u0259 qay\u011f\u0131s\u0131, xalq\u0131m\u0131z\u0131n multikulturalizm v\u0259 tolerantl\u0131q \u0259n\u0259n\u0259l\u0259rinin t\u0259bli\u011fi v\u0259 t\u0259\u015fviqi sah\u0259sind\u0259 g\u00f6r\u00fcl\u0259n i\u015fl\u0259r, Az\u0259rbaycan\u0131n m\u00fcxt\u0259lif m\u0259d\u0259niyy\u0259tl\u0259r v\u0259 dinl\u0259r aras\u0131nda \u0259laq\u0259l\u0259rin geni\u015fl\u0259nm\u0259sin\u0259 verdiyi t\u00f6hf\u0259l\u0259r, el\u0259c\u0259 d\u0259 bu sah\u0259d\u0259 qar\u015f\u0131da duran m\u0259s\u0259l\u0259l\u0259r m\u00fczakir\u0259 edilib. T\u0259dbird\u0259 \u00e7\u0131x\u0131\u015f ed\u0259n M\u0259d\u0259niyy\u0259t naziri \u018fb\u00fclf\u0259s Qarayev&hellip;<\/p>\n","protected":false},"author":2,"featured_media":108902,"comment_status":"closed","ping_status":"closed","sticky":false,"template":"","format":"standard","meta":{"om_disable_all_campaigns":false,"_monsterinsights_skip_tracking":false,"_monsterinsights_sitenote_active":false,"_monsterinsights_sitenote_note":"","_monsterinsights_sitenote_category":0},"categories":[1],"tags":[],"aioseo_notices":[],"gutentor_comment":0,"rttpg_featured_image_url":{"full":["https:\/\/arantv.az\/wp-content\/uploads\/2019\/12\/ebulfes_qarayev_05.jpg",482,361,false],"landscape":["https:\/\/arantv.az\/wp-content\/uploads\/2019\/12\/ebulfes_qarayev_05.jpg",482,361,false],"portraits":["https:\/\/arantv.az\/wp-content\/uploads\/2019\/12\/ebulfes_qarayev_05.jpg",482,361,false],"thumbnail":["https:\/\/arantv.az\/wp-content\/uploads\/2019\/12\/ebulfes_qarayev_05-150x150.jpg",150,150,true],"medium":["https:\/\/arantv.az\/wp-content\/uploads\/2019\/12\/ebulfes_qarayev_05-300x225.jpg",300,225,true],"large":["https:\/\/arantv.az\/wp-content\/uploads\/2019\/12\/ebulfes_qarayev_05.jpg",482,361,false],"1536x1536":["https:\/\/arantv.az\/wp-content\/uploads\/2019\/12\/ebulfes_qarayev_05.jpg",482,361,false],"2048x2048":["https:\/\/arantv.az\/wp-content\/uploads\/2019\/12\/ebulfes_qarayev_05.jpg",482,361,false],"post-thumbnail":["https:\/\/arantv.az\/wp-content\/uploads\/2019\/12\/ebulfes_qarayev_05-240x172.jpg",240,172,true],"advps-thumb-one":["https:\/\/arantv.az\/wp-content\/uploads\/2019\/12\/ebulfes_qarayev_05.jpg",482,361,false]},"rttpg_author":{"display_name":"V\u00fcsal Rafiqo\u011flu","author_link":"https:\/\/arantv.az\/?author=2"},"rttpg_comment":0,"rttpg_category":"<a href=\"https:\/\/arantv.az\/?cat=1\" rel=\"category\">C\u0259miyy\u0259t<\/a>","rttpg_excerpt":"Bu g\u00fcn M\u0259d\u0259niyy\u0259t Nazirliyi v\u0259 Dini Qurumlarla \u0130\u015f \u00fczr\u0259 D\u00f6vl\u0259t Komit\u0259sinin (DQ\u0130DK) birg\u0259 t\u0259\u015fkilat\u00e7\u0131l\u0131\u011f\u0131 il\u0259 &#8220;Prezident \u0130lham \u018fliyevin siyas\u0259ti: m\u0259d\u0259niyy\u0259tl\u0259raras\u0131 v\u0259 dinl\u0259raras\u0131 harmoniya&#8221; m\u00f6vzusunda konfrans ke\u00e7irilib. ARANTV.AZ\u00a0\u00a0Trend-\u0259 istinad\u0259n x\u0259b\u0259r verir ki, ADA Universitetinin prorektoru Fariz \u0130smay\u0131lzad\u0259nin moderatorlu\u011fu il\u0259 ke\u00e7iril\u0259n konfransda Prezident \u0130lham \u018fliyevin r\u0259hb\u0259rliyi il\u0259 respublikam\u0131zda d\u00f6vl\u0259t-din m\u00fcnasib\u0259tl\u0259rinin inki\u015faf dinamikas\u0131, d\u00f6vl\u0259tin din\u0259 qay\u011f\u0131s\u0131, xalq\u0131m\u0131z\u0131n multikulturalizm&hellip;","_links":{"self":[{"href":"https:\/\/arantv.az\/index.php?rest_route=\/wp\/v2\/posts\/108901"}],"collection":[{"href":"https:\/\/arantv.az\/index.php?rest_route=\/wp\/v2\/posts"}],"about":[{"href":"https:\/\/arantv.az\/index.php?rest_route=\/wp\/v2\/types\/post"}],"author":[{"embeddable":true,"href":"https:\/\/arantv.az\/index.php?rest_route=\/wp\/v2\/users\/2"}],"replies":[{"embeddable":true,"href":"https:\/\/arantv.az\/index.php?rest_route=%2Fwp%2Fv2%2Fcomments&post=108901"}],"version-history":[{"count":0,"href":"https:\/\/arantv.az\/index.php?rest_route=\/wp\/v2\/posts\/108901\/revisions"}],"wp:featuredmedia":[{"embeddable":true,"href":"https:\/\/arantv.az\/index.php?rest_route=\/wp\/v2\/media\/108902"}],"wp:attachment":[{"href":"https:\/\/arantv.az\/index.php?rest_route=%2Fwp%2Fv2%2Fmedia&parent=108901"}],"wp:term":[{"taxonomy":"category","embeddable":true,"href":"https:\/\/arantv.az\/index.php?rest_route=%2Fwp%2Fv2%2Fcategories&post=108901"},{"taxonomy":"post_tag","embeddable":true,"href":"https:\/\/arantv.az\/index.php?rest_route=%2Fwp%2Fv2%2Ftags&post=108901"}],"curies":[{"name":"wp","href":"https:\/\/api.w.org\/{rel}","templated":true}]}}