{"id":108905,"date":"2019-12-18T13:35:04","date_gmt":"2019-12-18T10:35:04","guid":{"rendered":"http:\/\/arantv.az\/?p=108905"},"modified":"2019-12-18T13:35:04","modified_gmt":"2019-12-18T10:35:04","slug":"bakida-v%c9%99-abseronda-qis-yarmarkalari-t%c9%99skil-olunacaq","status":"publish","type":"post","link":"https:\/\/arantv.az\/?p=108905","title":{"rendered":"Bak\u0131da v\u0259 Ab\u015feronda q\u0131\u015f yarmarkalar\u0131 t\u0259\u015fkil olunacaq"},"content":{"rendered":"<p>&#8220;Bak\u0131 v\u0259 Ab\u015feronda bayramla \u0259laq\u0259dar yarmarkalar t\u0259\u015fkil edil\u0259c\u0259k&#8221;.<\/p>\n<p><strong>ARANTV.AZ\u00a0<\/strong>\u00a0<a href=\"https:\/\/az.trend.az\/\" target=\"_blank\" rel=\"noopener\">Trend<\/a>-\u0259 istinad\u0259n x\u0259b\u0259r verir ki, bunu jurnalistl\u0259r\u0259 a\u00e7\u0131qlamas\u0131nda K\u0259nd T\u0259s\u0259rr\u00fcfat\u0131 Nazirliyi yan\u0131nda &#8220;Aqrar T\u0259dar\u00fck v\u0259 T\u0259chizat&#8221; ASC-nin \u0130dar\u0259 Hey\u0259tinin s\u0259dri Leyla M\u0259mm\u0259dova bildirib.<\/p>\n<p>Onun s\u00f6zl\u0259rin\u0259 g\u00f6r\u0259, q\u0131\u015f yarmarkalar\u0131 Yasamal, Bin\u0259q\u0259di, N\u0259rimanov, Suraxan\u0131 v\u0259 Ab\u015feronun rayonlar\u0131nda t\u0259\u015fkil edil\u0259c\u0259k: &#8220;Az\u0259rbaycanl\u0131lar\u0131n D\u00fcnya H\u0259mr\u0259yliyi v\u0259 Yeni \u0130l bayram\u0131 il\u0259 \u0259laq\u0259dar dekabr\u0131n 21-d\u0259n ong\u00fcnl\u00fck q\u0131\u015f yarmarkas\u0131 t\u0259\u015fkil edil\u0259c\u0259k. H\u0259min yarmarkalarda k\u0259nd t\u0259s\u0259rr\u00fcfat\u0131 m\u0259hsullar\u0131n\u0131n sat\u0131\u015f\u0131 il\u0259 yana\u015f\u0131, \u0259hali \u00fc\u00e7\u00fcn \u0259yl\u0259nc\u0259li \u015fou-proqram da n\u0259z\u0259rd\u0259 tutulub&#8221;.<\/p>\n","protected":false},"excerpt":{"rendered":"<p>&#8220;Bak\u0131 v\u0259 Ab\u015feronda bayramla \u0259laq\u0259dar yarmarkalar t\u0259\u015fkil edil\u0259c\u0259k&#8221;. ARANTV.AZ\u00a0\u00a0Trend-\u0259 istinad\u0259n x\u0259b\u0259r verir ki, bunu jurnalistl\u0259r\u0259 a\u00e7\u0131qlamas\u0131nda K\u0259nd T\u0259s\u0259rr\u00fcfat\u0131 Nazirliyi yan\u0131nda &#8220;Aqrar T\u0259dar\u00fck v\u0259 T\u0259chizat&#8221; ASC-nin \u0130dar\u0259 Hey\u0259tinin s\u0259dri Leyla M\u0259mm\u0259dova bildirib. Onun s\u00f6zl\u0259rin\u0259 g\u00f6r\u0259, q\u0131\u015f yarmarkalar\u0131 Yasamal, Bin\u0259q\u0259di, N\u0259rimanov, Suraxan\u0131 v\u0259 Ab\u015feronun rayonlar\u0131nda t\u0259\u015fkil edil\u0259c\u0259k: &#8220;Az\u0259rbaycanl\u0131lar\u0131n D\u00fcnya H\u0259mr\u0259yliyi v\u0259 Yeni \u0130l bayram\u0131 il\u0259 \u0259laq\u0259dar dekabr\u0131n 21-d\u0259n ong\u00fcnl\u00fck q\u0131\u015f yarmarkas\u0131 t\u0259\u015fkil edil\u0259c\u0259k. H\u0259min yarmarkalarda k\u0259nd t\u0259s\u0259rr\u00fcfat\u0131 m\u0259hsullar\u0131n\u0131n sat\u0131\u015f\u0131 il\u0259 yana\u015f\u0131, \u0259hali \u00fc\u00e7\u00fcn \u0259yl\u0259nc\u0259li \u015fou-proqram da n\u0259z\u0259rd\u0259 tutulub&#8221;.<\/p>\n","protected":false},"author":2,"featured_media":108906,"comment_status":"closed","ping_status":"closed","sticky":false,"template":"","format":"standard","meta":{"om_disable_all_campaigns":false,"_monsterinsights_skip_tracking":false,"_monsterinsights_sitenote_active":false,"_monsterinsights_sitenote_note":"","_monsterinsights_sitenote_category":0},"categories":[1],"tags":[],"aioseo_notices":[],"gutentor_comment":0,"rttpg_featured_image_url":{"full":["https:\/\/arantv.az\/wp-content\/uploads\/2019\/12\/811456.jpg",800,600,false],"landscape":["https:\/\/arantv.az\/wp-content\/uploads\/2019\/12\/811456.jpg",800,600,false],"portraits":["https:\/\/arantv.az\/wp-content\/uploads\/2019\/12\/811456.jpg",800,600,false],"thumbnail":["https:\/\/arantv.az\/wp-content\/uploads\/2019\/12\/811456-150x150.jpg",150,150,true],"medium":["https:\/\/arantv.az\/wp-content\/uploads\/2019\/12\/811456-300x225.jpg",300,225,true],"large":["https:\/\/arantv.az\/wp-content\/uploads\/2019\/12\/811456.jpg",640,480,false],"1536x1536":["https:\/\/arantv.az\/wp-content\/uploads\/2019\/12\/811456.jpg",800,600,false],"2048x2048":["https:\/\/arantv.az\/wp-content\/uploads\/2019\/12\/811456.jpg",800,600,false],"post-thumbnail":["https:\/\/arantv.az\/wp-content\/uploads\/2019\/12\/811456-240x172.jpg",240,172,true],"advps-thumb-one":["https:\/\/arantv.az\/wp-content\/uploads\/2019\/12\/811456.jpg",800,600,false]},"rttpg_author":{"display_name":"V\u00fcsal Rafiqo\u011flu","author_link":"https:\/\/arantv.az\/?author=2"},"rttpg_comment":0,"rttpg_category":"<a href=\"https:\/\/arantv.az\/?cat=1\" rel=\"category\">C\u0259miyy\u0259t<\/a>","rttpg_excerpt":"&#8220;Bak\u0131 v\u0259 Ab\u015feronda bayramla \u0259laq\u0259dar yarmarkalar t\u0259\u015fkil edil\u0259c\u0259k&#8221;. ARANTV.AZ\u00a0\u00a0Trend-\u0259 istinad\u0259n x\u0259b\u0259r verir ki, bunu jurnalistl\u0259r\u0259 a\u00e7\u0131qlamas\u0131nda K\u0259nd T\u0259s\u0259rr\u00fcfat\u0131 Nazirliyi yan\u0131nda &#8220;Aqrar T\u0259dar\u00fck v\u0259 T\u0259chizat&#8221; ASC-nin \u0130dar\u0259 Hey\u0259tinin s\u0259dri Leyla M\u0259mm\u0259dova bildirib. Onun s\u00f6zl\u0259rin\u0259 g\u00f6r\u0259, q\u0131\u015f yarmarkalar\u0131 Yasamal, Bin\u0259q\u0259di, N\u0259rimanov, Suraxan\u0131 v\u0259 Ab\u015feronun rayonlar\u0131nda t\u0259\u015fkil edil\u0259c\u0259k: &#8220;Az\u0259rbaycanl\u0131lar\u0131n D\u00fcnya H\u0259mr\u0259yliyi v\u0259 Yeni \u0130l bayram\u0131 il\u0259 \u0259laq\u0259dar dekabr\u0131n&hellip;","_links":{"self":[{"href":"https:\/\/arantv.az\/index.php?rest_route=\/wp\/v2\/posts\/108905"}],"collection":[{"href":"https:\/\/arantv.az\/index.php?rest_route=\/wp\/v2\/posts"}],"about":[{"href":"https:\/\/arantv.az\/index.php?rest_route=\/wp\/v2\/types\/post"}],"author":[{"embeddable":true,"href":"https:\/\/arantv.az\/index.php?rest_route=\/wp\/v2\/users\/2"}],"replies":[{"embeddable":true,"href":"https:\/\/arantv.az\/index.php?rest_route=%2Fwp%2Fv2%2Fcomments&post=108905"}],"version-history":[{"count":0,"href":"https:\/\/arantv.az\/index.php?rest_route=\/wp\/v2\/posts\/108905\/revisions"}],"wp:featuredmedia":[{"embeddable":true,"href":"https:\/\/arantv.az\/index.php?rest_route=\/wp\/v2\/media\/108906"}],"wp:attachment":[{"href":"https:\/\/arantv.az\/index.php?rest_route=%2Fwp%2Fv2%2Fmedia&parent=108905"}],"wp:term":[{"taxonomy":"category","embeddable":true,"href":"https:\/\/arantv.az\/index.php?rest_route=%2Fwp%2Fv2%2Fcategories&post=108905"},{"taxonomy":"post_tag","embeddable":true,"href":"https:\/\/arantv.az\/index.php?rest_route=%2Fwp%2Fv2%2Ftags&post=108905"}],"curies":[{"name":"wp","href":"https:\/\/api.w.org\/{rel}","templated":true}]}}