{"id":108921,"date":"2019-12-18T13:50:28","date_gmt":"2019-12-18T10:50:28","guid":{"rendered":"http:\/\/arantv.az\/?p=108921"},"modified":"2019-12-18T13:50:28","modified_gmt":"2019-12-18T10:50:28","slug":"arvadini-oldurdu-uc-gun-azyasli-qizi-il%c9%99-meyit-olan-evd%c9%99-yasadi","status":"publish","type":"post","link":"https:\/\/arantv.az\/?p=108921","title":{"rendered":"Arvad\u0131n\u0131 \u00f6ld\u00fcrd\u00fc, \u00fc\u00e7 g\u00fcn azya\u015fl\u0131 q\u0131z\u0131 il\u0259 meyit olan evd\u0259 ya\u015fad\u0131"},"content":{"rendered":"<p>T\u00fcrkiy\u0259nin \u0130stanbul \u015f\u0259h\u0259rind\u0259 ki\u015fi arvad\u0131n\u0131 \u00f6ld\u00fcrd\u00fckd\u0259n sonra azya\u015fl\u0131 q\u0131z\u0131 il\u0259 \u00fc\u00e7 g\u00fcn meyit olan evd\u0259 ya\u015fay\u0131b.<\/p>\n<p>\u0130HA-n\u0131n x\u0259b\u0259rin\u0259 g\u00f6r\u0259, Esenyurtda Elif \u00d6zde Uzunu evind\u0259 b\u0131\u00e7aqlay\u0131b \u00f6ld\u00fcr\u0259n \u018frhan Tasl\u0131n\u0131n m\u0259hk\u0259m\u0259si olub.<\/p>\n<p>Arvad\u0131n\u0131n telefonuna g\u0259l\u0259n mesaja g\u00f6r\u0259\u00a0q\u0131sqancl\u0131q z\u0259minind\u0259 onu \u00f6ld\u00fcr\u0259n \u018f.Tasl\u0131\u00a0ifad\u0259sind\u0259 qad\u0131n\u0131n x\u0259yan\u0259ti etiraf etdiyini bildirib.<\/p>\n<div id=\"AdviadNativeVideo0\" class=\"AdviadNativeVideo\"><\/div>\n<p>\u201cQ\u0259z\u0259bl\u0259nib m\u0259tb\u0259x\u0259 getdim v\u0259 b\u0131\u00e7aq g\u00f6t\u00fcrd\u00fcm, sonras\u0131 yad\u0131mda deyil, pe\u015fmanam. Q\u0131z\u0131m\u0131 anas\u0131z qoymamal\u0131yd\u0131m\u201d, &#8211; dey\u0259n \u015f\u0259xs hadis\u0259ni t\u00f6r\u0259d\u0259nd\u0259n sonra E.\u00d6zd\u0259nin \u0259ll\u0259rini ba\u011flayaraq \u00fcst\u00fcn\u00fc \u00f6rt\u00fcb.<\/p>\n<p>Daha sonra \u00fc\u00e7 g\u00fcn azya\u015fl\u0131 q\u0131z\u0131 Sud\u0259 il\u0259 anas\u0131n\u0131n c\u0259s\u0259di olan evd\u0259 ya\u015fayan h\u0259min \u015f\u0259xs \u00f6z\u00fc polis\u0259 t\u0259slim olub.<\/p>\n<p>M\u0259rhumun bac\u0131s\u0131 Fatma Parim ifad\u0259sind\u0259 bildirib ki, \u018f.Tasl\u0131 onun \u0259ll\u0259rini ba\u011flayaraq b\u0131\u00e7aqlay\u0131b, yoxsa 1.90 sm.\u00a0boyu,\u00a0150 kq.\u00a0\u00e7\u0259kisi olan\u00a0m\u00fchafiz\u0259\u00e7i i\u015fl\u0259y\u0259n bac\u0131ma g\u00fcc\u00fc \u00e7atmazd\u0131.<\/p>\n<p>\u0130\u015f \u00fczr\u0259 \u015fahid olan \u015f\u0259xsl\u0259r dindirilm\u0259diyi \u00fc\u00e7\u00fcn m\u0259hk\u0259m\u0259 prosesi qeyri-m\u00fc\u0259yy\u0259n vaxta t\u0259xir\u0259 sal\u0131n\u0131b. H\u0259min \u015fahidl\u0259rin dindirilm\u0259sin\u0259 v\u0259 bu m\u00fcdd\u0259t \u0259rzind\u0259 t\u0259qsirl\u0259ndiril\u0259n \u018f.Tasl\u0131n\u0131n h\u0259bsd\u0259 qalmas\u0131na q\u0259rar verilib.<\/p>\n","protected":false},"excerpt":{"rendered":"<p>T\u00fcrkiy\u0259nin \u0130stanbul \u015f\u0259h\u0259rind\u0259 ki\u015fi arvad\u0131n\u0131 \u00f6ld\u00fcrd\u00fckd\u0259n sonra azya\u015fl\u0131 q\u0131z\u0131 il\u0259 \u00fc\u00e7 g\u00fcn meyit olan evd\u0259 ya\u015fay\u0131b. \u0130HA-n\u0131n x\u0259b\u0259rin\u0259 g\u00f6r\u0259, Esenyurtda Elif \u00d6zde Uzunu evind\u0259 b\u0131\u00e7aqlay\u0131b \u00f6ld\u00fcr\u0259n \u018frhan Tasl\u0131n\u0131n m\u0259hk\u0259m\u0259si olub. Arvad\u0131n\u0131n telefonuna g\u0259l\u0259n mesaja g\u00f6r\u0259\u00a0q\u0131sqancl\u0131q z\u0259minind\u0259 onu \u00f6ld\u00fcr\u0259n \u018f.Tasl\u0131\u00a0ifad\u0259sind\u0259 qad\u0131n\u0131n x\u0259yan\u0259ti etiraf etdiyini bildirib. \u201cQ\u0259z\u0259bl\u0259nib m\u0259tb\u0259x\u0259 getdim v\u0259 b\u0131\u00e7aq g\u00f6t\u00fcrd\u00fcm, sonras\u0131 yad\u0131mda deyil, pe\u015fmanam. Q\u0131z\u0131m\u0131 anas\u0131z qoymamal\u0131yd\u0131m\u201d, &#8211; dey\u0259n \u015f\u0259xs hadis\u0259ni t\u00f6r\u0259d\u0259nd\u0259n sonra E.\u00d6zd\u0259nin \u0259ll\u0259rini ba\u011flayaraq \u00fcst\u00fcn\u00fc \u00f6rt\u00fcb. Daha sonra \u00fc\u00e7 g\u00fcn azya\u015fl\u0131 q\u0131z\u0131 Sud\u0259 il\u0259 anas\u0131n\u0131n c\u0259s\u0259di olan evd\u0259 ya\u015fayan h\u0259min \u015f\u0259xs \u00f6z\u00fc polis\u0259 t\u0259slim olub. M\u0259rhumun bac\u0131s\u0131 Fatma&hellip;<\/p>\n","protected":false},"author":2,"featured_media":108922,"comment_status":"closed","ping_status":"closed","sticky":false,"template":"","format":"standard","meta":{"om_disable_all_campaigns":false,"_monsterinsights_skip_tracking":false,"_monsterinsights_sitenote_active":false,"_monsterinsights_sitenote_note":"","_monsterinsights_sitenote_category":0},"categories":[7],"tags":[],"aioseo_notices":[],"gutentor_comment":0,"rttpg_featured_image_url":{"full":["https:\/\/arantv.az\/wp-content\/uploads\/2019\/12\/qad\u00c4\u00b1n\u00c4\u00b1-3-g\u00c3\u00bcn-\u00c3\u00b6l\u00c3\u00bc.jpg",620,331,false],"landscape":["https:\/\/arantv.az\/wp-content\/uploads\/2019\/12\/qad\u00c4\u00b1n\u00c4\u00b1-3-g\u00c3\u00bcn-\u00c3\u00b6l\u00c3\u00bc.jpg",620,331,false],"portraits":["https:\/\/arantv.az\/wp-content\/uploads\/2019\/12\/qad\u00c4\u00b1n\u00c4\u00b1-3-g\u00c3\u00bcn-\u00c3\u00b6l\u00c3\u00bc.jpg",620,331,false],"thumbnail":["https:\/\/arantv.az\/wp-content\/uploads\/2019\/12\/qad\u00c4\u00b1n\u00c4\u00b1-3-g\u00c3\u00bcn-\u00c3\u00b6l\u00c3\u00bc-150x150.jpg",150,150,true],"medium":["https:\/\/arantv.az\/wp-content\/uploads\/2019\/12\/qad\u00c4\u00b1n\u00c4\u00b1-3-g\u00c3\u00bcn-\u00c3\u00b6l\u00c3\u00bc-300x160.jpg",300,160,true],"large":["https:\/\/arantv.az\/wp-content\/uploads\/2019\/12\/qad\u00c4\u00b1n\u00c4\u00b1-3-g\u00c3\u00bcn-\u00c3\u00b6l\u00c3\u00bc.jpg",620,331,false],"1536x1536":["https:\/\/arantv.az\/wp-content\/uploads\/2019\/12\/qad\u00c4\u00b1n\u00c4\u00b1-3-g\u00c3\u00bcn-\u00c3\u00b6l\u00c3\u00bc.jpg",620,331,false],"2048x2048":["https:\/\/arantv.az\/wp-content\/uploads\/2019\/12\/qad\u00c4\u00b1n\u00c4\u00b1-3-g\u00c3\u00bcn-\u00c3\u00b6l\u00c3\u00bc.jpg",620,331,false],"post-thumbnail":["https:\/\/arantv.az\/wp-content\/uploads\/2019\/12\/qad\u00c4\u00b1n\u00c4\u00b1-3-g\u00c3\u00bcn-\u00c3\u00b6l\u00c3\u00bc-240x172.jpg",240,172,true],"advps-thumb-one":["https:\/\/arantv.az\/wp-content\/uploads\/2019\/12\/qad\u00c4\u00b1n\u00c4\u00b1-3-g\u00c3\u00bcn-\u00c3\u00b6l\u00c3\u00bc.jpg",620,331,false]},"rttpg_author":{"display_name":"V\u00fcsal Rafiqo\u011flu","author_link":"https:\/\/arantv.az\/?author=2"},"rttpg_comment":0,"rttpg_category":"<a href=\"https:\/\/arantv.az\/?cat=7\" rel=\"category\">D\u00fcnya<\/a>","rttpg_excerpt":"T\u00fcrkiy\u0259nin \u0130stanbul \u015f\u0259h\u0259rind\u0259 ki\u015fi arvad\u0131n\u0131 \u00f6ld\u00fcrd\u00fckd\u0259n sonra azya\u015fl\u0131 q\u0131z\u0131 il\u0259 \u00fc\u00e7 g\u00fcn meyit olan evd\u0259 ya\u015fay\u0131b. \u0130HA-n\u0131n x\u0259b\u0259rin\u0259 g\u00f6r\u0259, Esenyurtda Elif \u00d6zde Uzunu evind\u0259 b\u0131\u00e7aqlay\u0131b \u00f6ld\u00fcr\u0259n \u018frhan Tasl\u0131n\u0131n m\u0259hk\u0259m\u0259si olub. Arvad\u0131n\u0131n telefonuna g\u0259l\u0259n mesaja g\u00f6r\u0259\u00a0q\u0131sqancl\u0131q z\u0259minind\u0259 onu \u00f6ld\u00fcr\u0259n \u018f.Tasl\u0131\u00a0ifad\u0259sind\u0259 qad\u0131n\u0131n x\u0259yan\u0259ti etiraf etdiyini bildirib. \u201cQ\u0259z\u0259bl\u0259nib m\u0259tb\u0259x\u0259 getdim v\u0259 b\u0131\u00e7aq g\u00f6t\u00fcrd\u00fcm, sonras\u0131 yad\u0131mda deyil, pe\u015fmanam. Q\u0131z\u0131m\u0131&hellip;","_links":{"self":[{"href":"https:\/\/arantv.az\/index.php?rest_route=\/wp\/v2\/posts\/108921"}],"collection":[{"href":"https:\/\/arantv.az\/index.php?rest_route=\/wp\/v2\/posts"}],"about":[{"href":"https:\/\/arantv.az\/index.php?rest_route=\/wp\/v2\/types\/post"}],"author":[{"embeddable":true,"href":"https:\/\/arantv.az\/index.php?rest_route=\/wp\/v2\/users\/2"}],"replies":[{"embeddable":true,"href":"https:\/\/arantv.az\/index.php?rest_route=%2Fwp%2Fv2%2Fcomments&post=108921"}],"version-history":[{"count":0,"href":"https:\/\/arantv.az\/index.php?rest_route=\/wp\/v2\/posts\/108921\/revisions"}],"wp:featuredmedia":[{"embeddable":true,"href":"https:\/\/arantv.az\/index.php?rest_route=\/wp\/v2\/media\/108922"}],"wp:attachment":[{"href":"https:\/\/arantv.az\/index.php?rest_route=%2Fwp%2Fv2%2Fmedia&parent=108921"}],"wp:term":[{"taxonomy":"category","embeddable":true,"href":"https:\/\/arantv.az\/index.php?rest_route=%2Fwp%2Fv2%2Fcategories&post=108921"},{"taxonomy":"post_tag","embeddable":true,"href":"https:\/\/arantv.az\/index.php?rest_route=%2Fwp%2Fv2%2Ftags&post=108921"}],"curies":[{"name":"wp","href":"https:\/\/api.w.org\/{rel}","templated":true}]}}